{"id":292688,"date":"2025-08-03T03:03:19","date_gmt":"2025-08-03T03:03:19","guid":{"rendered":"https:\/\/www.europesays.com\/fr\/292688\/"},"modified":"2025-08-03T03:03:19","modified_gmt":"2025-08-03T03:03:19","slug":"trois-morts-et-une-quarantaine-de-blesses-ce-que-lon-sait-sur-les-potentielles-causes-du-deraillement-de-train-en-allemagne","status":"publish","type":"post","link":"https:\/\/www.europesays.com\/fr\/292688\/","title":{"rendered":"Trois morts et une quarantaine de bless\u00e9s\u2026 Ce que l\u2019on sait sur les potentielles causes du d\u00e9raillement de train en Allemagne"},"content":{"rendered":"<p>Un train r\u00e9gional a d\u00e9raill\u00e9 dimanche 27\u00a0juillet, en fin de journ\u00e9e, dans le sud-ouest de l\u2019Allemagne, faisant trois morts, dont le conducteur du train et un membre du personnel. Au moins 41 personnes ont \u00e9t\u00e9 bless\u00e9es, certaines gri\u00e8vement, selon les derniers chiffres communiqu\u00e9s par la police f\u00e9d\u00e9rale \u00e0 l\u2019Agence France-Presse.<\/p>\n<p>Une centaine de passagers se trouvaient \u00e0 bord du train express r\u00e9gional, reliant Sigmaringen \u00e0 Ulm lorsque le train a d\u00e9raill\u00e9 vers 18\u00a0h\u00a010 pr\u00e8s de la ville de Riedlingen, dans le Bade-Wurtemberg, \u00e0 une centaine de kilom\u00e8tres au sud de Stuttgart. Deux rames du train sont sorties de leurs rails \u00ab\u00a0pour une raison encore inconnue\u00a0\u00bb a pr\u00e9cis\u00e9 dimanche soir <a href=\"https:\/\/www.humanite.fr\/monde\/allemagne\/allemagne-apres-cinq-mois-de-greve-les-cheminots-de-la-deutsch-bahn-obtiennent-les-35-h-et-des-hausses-de-salaires\" target=\"_blank\" rel=\"noopener\">la compagnie ferroviaire Deutsche Bahn (DB)<\/a>. Une enqu\u00eate a \u00e9t\u00e9 ouverte pour les d\u00e9terminer et des experts se sont rendus sur place, a affirm\u00e9 le ministre f\u00e9d\u00e9ral des Transports, Patrick Schnieder, cit\u00e9 par <a href=\"https:\/\/www.spiegel.de\/panorama\/biberach-entgleister-regionalexpress-drei-menschen-sterben-bei-zugunglueck-in-baden-wuerttemberg-a-65cf17a9-f621-463c-801c-8a5c258008ed\" target=\"_blank\" rel=\"noopener\">Der Spiegel.<\/a><\/p>\n<p>Des h\u00e9licopt\u00e8res mobilis\u00e9s<\/p>\n<p>Le chancelier allemand <a href=\"https:\/\/www.humanite.fr\/monde\/allemagne\/en-allemagne-friedrich-merz-et-sa-coalition-bien-decides-a-balayer-letat-social\" target=\"_blank\" rel=\"noopener\">Friedrich Merz <\/a>s\u2019est dit \u00ab\u00a0profond\u00e9ment boulevers\u00e9\u00a0\u00bb, disant sa \u00ab\u00a0sympathie aux victimes et \u00e0 leurs proches\u00a0\u00bb. \u00ab\u00a0Je suis en contact \u00e9troit avec le ministre de l\u2019Int\u00e9rieur et le ministre des Transports, \u00e0 qui j\u2019ai demand\u00e9 de mettre tous les moyens n\u00e9cessaires \u00e0 la disposition des \u00e9quipes de secours\u00a0\u00bb, a-t-il ajout\u00e9 sur X.<\/p>\n<p>Sur place, policiers, secouristes et pompiers \u00e9taient \u00e0 pied d\u2019\u0153uvre pendant plusieurs heures pour prendre en charge les bless\u00e9s, les d\u00e9gageant des voitures jaunes et grises du train renvers\u00e9es sur le flanc, en pleine zone bois\u00e9e dans un endroit \u00e9troit et difficile d\u2019acc\u00e8s. D\u2019apr\u00e8s les m\u00e9dias allemands, ils ont d\u00fb parcourir une longue distance pour parvenir sur place. Des h\u00e9licopt\u00e8res ont par ailleurs \u00e9t\u00e9 mobilis\u00e9s pour \u00e9vacuer les bless\u00e9s vers les h\u00f4pitaux des environs.<\/p>\n<p>Le trafic ferroviaire est toujours interrompu, sur une portion de 40 kilom\u00e8tres environ. Les travaux de nettoyage doivent commencer mardi.<\/p>\n<p>Raisons climatiques<\/p>\n<p>Si la cause du d\u00e9raillement est encore incertaine, des m\u00e9dias allemands ont \u00e9voqu\u00e9 comme possible cause un glissement de terrain, li\u00e9 aux violents orages qui ont balay\u00e9 la r\u00e9gion au moment de l\u2019accident, d\u2019apr\u00e8s des informations des services m\u00e9t\u00e9orologiques. Une option \u00e9mise par la cheffe des pompiers du district de Biberach, Charlotte Ziller dans le journal <a href=\"https:\/\/www.swp.de\/lokales\/ulm\/unglueck-in-oberschwaben-zug-im-kreis-biberach-entgleist-78211082.html\" target=\"_blank\" rel=\"noopener\">S\u00fcdwest Presse.<\/a><\/p>\n<p>\u00ab\u00a0Selon les premi\u00e8res hypoth\u00e8ses, les fortes pluies qui se sont abattues sur la zone de l\u2019accident auraient provoqu\u00e9 le d\u00e9bordement d\u2019un \u00e9gout\u00a0\u00bb, ont d\u00e9clar\u00e9 la police d\u2019Ulm et les procureurs de Ravensburg dans un communiqu\u00e9 conjoint. \u00ab\u00a0L\u2019eau aurait alors provoqu\u00e9 un glissement de terrain dans le talus bordant la voie ferr\u00e9e, ce qui aurait entra\u00een\u00e9 le d\u00e9raillement du train\u00a0\u00bb, poursuivent les enqu\u00eateurs. Ils ajoutent n\u2019avoir relev\u00e9 aucun signe d\u2019un acte criminel.<\/p>\n<p>C\u2019est \u00e9galement une hypoth\u00e8se abord\u00e9e par le ministre de l\u2019Int\u00e9rieur du Bade-Wurtemberg, Thomas Strobl\u00a0: \u00ab\u00a0Il y a eu de fortes pluies ici, on ne peut donc pas exclure que les fortes pr\u00e9cipitations et un glissement de terrain qui en a r\u00e9sult\u00e9 aient \u00e9t\u00e9 \u00e0 l\u2019origine de l\u2019accident\u00a0\u00bb, a-t-il d\u00e9clar\u00e9 sur le lieu de l\u2019accident.<\/p>\n<p>En juin 2022, le d\u00e9raillement d\u2019un train r\u00e9gional avait fait quatre morts et trente bless\u00e9s dans les Alpes bavaroises (sud). Une enqu\u00eate visant trois employ\u00e9s de la compagnie ferroviaire Deutsche Bahn avait par la suite \u00e9t\u00e9 ouverte pour suspicion d\u2019homicide par n\u00e9gligence. L\u2019accident ferroviaire le plus meurtrier en Allemagne s\u2019est produit en 1998, lorsqu\u2019un train \u00e0 grande vitesse a d\u00e9raill\u00e9 \u00e0 Eschede, en Basse-Saxe (nord), tuant 101 personnes.<\/p>\n<p><strong>Oui, on s\u2019en doute\u00a0: vous en avez assez<\/strong><\/p>\n<p>Voir ces messages d\u2019appel au don, \u00e7a peut \u00eatre p\u00e9nible. Nous le savons. Et on doit bien vous avouer que nous pr\u00e9f\u00e9rerions ne pas avoir \u00e0 les \u00e9crire\u2026<\/p>\n<p>Mais voil\u00e0\u00a0: c\u2019est crucial pour l\u2019Humanit\u00e9. Si ce titre existe toujours aujourd\u2019hui, c\u2019est gr\u00e2ce au financement r\u00e9gulier de nos lectrices et lecteurs.<\/p>\n<ul class=\"wp-block-list\">\n<li>C\u2019est gr\u00e2ce \u00e0 votre soutien que nous pouvons exercer notre m\u00e9tier avec passion. Nous ne d\u00e9pendons ni des int\u00e9r\u00eats d\u2019un propri\u00e9taire milliardaire, ni de pressions politiques : <strong>personne ne nous dicte ce que nous devons dire ou taire<\/strong>.<\/li>\n<\/ul>\n<ul class=\"wp-block-list\">\n<li>Votre engagement nous lib\u00e8re aussi de la course aux clics et \u00e0 l\u2019audience. <strong>Plut\u00f4t que de chercher \u00e0 capter l\u2019attention \u00e0 tout prix, nous choisissons de traiter les sujets que notre r\u00e9daction juge essentiels<\/strong>\u00a0: parce qu\u2019ils m\u00e9ritent d\u2019\u00eatre lus, compris, partag\u00e9s. Parce que nous estimons qu\u2019ils vous seront utiles<\/li>\n<\/ul>\n<p>\u00c0 l\u2019heure actuelle, <strong>moins d\u2019un quart des lectrices et lecteurs<\/strong> qui viennent plus de 3\u00a0fois sur le site par semaine nous aident \u00e0 financer notre travail, par leur abonnement ou par leurs dons. Si vous voulez prot\u00e9ger le journalisme ind\u00e9pendant, <strong>s\u2019il vous pla\u00eet, rejoignez-les<\/strong>.<\/p>\n","protected":false},"excerpt":{"rendered":"Un train r\u00e9gional a d\u00e9raill\u00e9 dimanche 27\u00a0juillet, en fin de journ\u00e9e, dans le sud-ouest de l\u2019Allemagne, faisant trois&hellip;\n","protected":false},"author":2,"featured_media":292689,"comment_status":"","ping_status":"","sticky":false,"template":"","format":"standard","meta":{"footnotes":""},"categories":[1587],"tags":[3085,11,672,1804,1805,6122,1803,1777,674,1801,12,1802,5811],"class_list":{"0":"post-292688","1":"post","2":"type-post","3":"status-publish","4":"format-standard","5":"has-post-thumbnail","7":"category-allemagne","8":"tag-accidents","9":"tag-actualites","10":"tag-allemagne","11":"tag-bundesrepublik-deutschland","12":"tag-de","13":"tag-deutsche-bahn","14":"tag-deutschland","15":"tag-eu","16":"tag-europe","17":"tag-germany","18":"tag-news","19":"tag-republique-federale-dallemagne","20":"tag-trains"},"share_on_mastodon":{"url":"https:\/\/pubeurope.com\/@fr\/114962615742816006","error":""},"_links":{"self":[{"href":"https:\/\/www.europesays.com\/fr\/wp-json\/wp\/v2\/posts\/292688","targetHints":{"allow":["GET"]}}],"collection":[{"href":"https:\/\/www.europesays.com\/fr\/wp-json\/wp\/v2\/posts"}],"about":[{"href":"https:\/\/www.europesays.com\/fr\/wp-json\/wp\/v2\/types\/post"}],"author":[{"embeddable":true,"href":"https:\/\/www.europesays.com\/fr\/wp-json\/wp\/v2\/users\/2"}],"replies":[{"embeddable":true,"href":"https:\/\/www.europesays.com\/fr\/wp-json\/wp\/v2\/comments?post=292688"}],"version-history":[{"count":0,"href":"https:\/\/www.europesays.com\/fr\/wp-json\/wp\/v2\/posts\/292688\/revisions"}],"wp:featuredmedia":[{"embeddable":true,"href":"https:\/\/www.europesays.com\/fr\/wp-json\/wp\/v2\/media\/292689"}],"wp:attachment":[{"href":"https:\/\/www.europesays.com\/fr\/wp-json\/wp\/v2\/media?parent=292688"}],"wp:term":[{"taxonomy":"category","embeddable":true,"href":"https:\/\/www.europesays.com\/fr\/wp-json\/wp\/v2\/categories?post=292688"},{"taxonomy":"post_tag","embeddable":true,"href":"https:\/\/www.europesays.com\/fr\/wp-json\/wp\/v2\/tags?post=292688"}],"curies":[{"name":"wp","href":"https:\/\/api.w.org\/{rel}","templated":true}]}}