{"id":292692,"date":"2025-08-03T03:05:10","date_gmt":"2025-08-03T03:05:10","guid":{"rendered":"https:\/\/www.europesays.com\/fr\/292692\/"},"modified":"2025-08-03T03:05:10","modified_gmt":"2025-08-03T03:05:10","slug":"viktor-orban-denonce-un-accord-ue-usa-desastreux-et-relance-la-priorite-nationale-a-la-propriete","status":"publish","type":"post","link":"https:\/\/www.europesays.com\/fr\/292692\/","title":{"rendered":"Viktor Orb\u00e1n d\u00e9nonce un accord UE-USA d\u00e9sastreux et relance la priorit\u00e9 nationale \u00e0 la propri\u00e9t\u00e9"},"content":{"rendered":"<p>Dans un entretien diffus\u00e9 <a href=\"https:\/\/abouthungary.hu\/blog\/pm-orban-my-home-is-my-castle-that-is-freedom-that-is-security\" target=\"_blank\" rel=\"noopener\">vendredi 1er ao\u00fbt sur la radio publique Kossuth<\/a>, le Premier ministre hongrois Viktor Orb\u00e1n a vivement critiqu\u00e9 le dernier accord commercial conclu entre l\u2019Union europ\u00e9enne et les \u00c9tats-Unis, tout en mettant en avant un nouveau programme national d\u2019accession \u00e0 la propri\u00e9t\u00e9. Face \u00e0 ce qu\u2019il consid\u00e8re comme l\u2019affaiblissement de l\u2019Europe, il r\u00e9affirme sa volont\u00e9 de garantir la s\u00e9curit\u00e9 \u00e9conomique et sociale des Hongrois.<\/p>\n<p>\u00ab Ma maison est mon ch\u00e2teau \u00bb : la propri\u00e9t\u00e9, pilier de la libert\u00e9<\/p>\n<p>Interrog\u00e9 sur la politique int\u00e9rieure, Viktor Orb\u00e1n a pr\u00e9sent\u00e9 le nouveau\u00a0<strong>programme Home Start<\/strong>, qui propose des pr\u00eats immobiliers \u00e0 taux fixe de 3 % pour les primo-acc\u00e9dants hongrois. \u00ab Dans un monde boulevers\u00e9 par le Covid, la guerre et les mutations technologiques, l\u2019ancre la plus solide reste le foyer. L\u00e0 o\u00f9 vit votre famille \u00bb, a-t-il expliqu\u00e9.<\/p>\n<p>Contrairement \u00e0 certains pays d\u2019Europe occidentale, o\u00f9 la location est privil\u00e9gi\u00e9e, Orb\u00e1n insiste sur l\u2019attachement des Hongrois \u00e0 la propri\u00e9t\u00e9. \u00ab Ma maison est mon ch\u00e2teau. C\u2019est cela, la libert\u00e9. C\u2019est cela, la s\u00e9curit\u00e9 \u00bb, mart\u00e8le-t-il. Il y voit un socle de dignit\u00e9 personnelle et de stabilit\u00e9 pour les familles. \u00ab Lorsqu\u2019on est propri\u00e9taire, on n\u2019est pas un vagabond. \u00bb<\/p>\n<p>Le ton devient nettement plus virulent lorsque le Premier ministre \u00e9voque le nouvel\u00a0<a href=\"https:\/\/www.breizh-info.com\/2025\/07\/29\/249595\/accord-commercial-usa-ue-ursula-von-der-leyen-plie-face-a-trump-leurope-encaisse\/\" target=\"_blank\" rel=\"noopener\"><strong>accord commercial entre l\u2019UE et les \u00c9tats-Unis<\/strong><\/a>, sign\u00e9 selon lui sans mandat clair. Orb\u00e1n accuse la Commission europ\u00e9enne, dirig\u00e9e par Ursula von der Leyen, d\u2019avoir engag\u00e9 des d\u00e9penses et des engagements \u00e9nerg\u00e9tiques sans en r\u00e9f\u00e9rer aux \u00c9tats membres.<\/p>\n<p>\u00ab Bruxelles ne paie pas un seul m\u00e8tre cube de gaz. Ce sont les \u00c9tats membres qui le font. Je n\u2019ai donn\u00e9 aucune autorisation \u00e0 ce sujet, et je doute que d\u2019autres chefs de gouvernement l\u2019aient fait \u00bb, d\u00e9clare-t-il. Il \u00e9voque notamment des clauses secr\u00e8tes concernant le financement de l\u2019armement ukrainien, \u00ab sans aucun consentement d\u00e9mocratique \u00bb.<\/p>\n<p>Orb\u00e1n qualifie l\u2019accord de\u00a0<strong>v\u00e9ritable d\u00e9sastre \u00e9conomique<\/strong>, pointant notamment la hausse des tarifs douaniers am\u00e9ricains \u00e0 15 %, qui pourrait impacter jusqu\u2019\u00e0\u00a0<strong>11 milliards de dollars d\u2019exportations hongroises<\/strong>, entra\u00eenant\u00a0<strong>1,5 milliard de pertes potentielles<\/strong>\u00a0pour son pays.<\/p>\n<p>Face \u00e0 cette menace, le gouvernement hongrois pr\u00e9pare deux plans d\u2019action : un pour prot\u00e9ger l\u2019industrie, l\u2019autre pour sauvegarder l\u2019emploi. Il promet des mesures imm\u00e9diates en cas de licenciements ou de fermetures d\u2019entreprises.<\/p>\n<p>Une UE faible, arrogante, et m\u00e9pris\u00e9e sur la sc\u00e8ne internationale<\/p>\n<p>Viktor Orb\u00e1n a aussi r\u00e9agi \u00e0 l\u2019humiliation diplomatique subie r\u00e9cemment par des dirigeants europ\u00e9ens en Chine. \u00ab Nous sommes bruyants, nous faisons la le\u00e7on aux autres, mais d\u00e8s qu\u2019il s\u2019agit de n\u00e9gocier, nous manquons de force et de comp\u00e9tence. C\u2019est la pire combinaison possible \u00bb, ironise-t-il.<\/p>\n<p>En conclusion, Orb\u00e1n s\u2019est montr\u00e9 sans d\u00e9tour : \u00ab Ce que vit l\u2019Union europ\u00e9enne est un fiasco. Ses dirigeants devraient faire leurs valises, remercier pour la confiance, et rentrer chez eux. \u00bb Une d\u00e9claration cinglante qui traduit le foss\u00e9 croissant entre Bruxelles et les \u00c9tats membres attach\u00e9s \u00e0 leur souverainet\u00e9 nationale.<\/p>\n<p>Cr\u00e9dit photo : DR<br \/>[cc] Breizh-info.com, 2025, d\u00e9p\u00eaches libres de copie et de diffusion sous r\u00e9serve de mention et de lien vers la source d\u2019origine<\/p>\n","protected":false},"excerpt":{"rendered":"Dans un entretien diffus\u00e9 vendredi 1er ao\u00fbt sur la radio publique Kossuth, le Premier ministre hongrois Viktor Orb\u00e1n&hellip;\n","protected":false},"author":2,"featured_media":292693,"comment_status":"","ping_status":"","sticky":false,"template":"","format":"standard","meta":{"footnotes":""},"categories":[1586],"tags":[11,1777,674,1779,1011,27,804,12,43269,25,1778,364,19665],"class_list":{"0":"post-292692","1":"post","2":"type-post","3":"status-publish","4":"format-standard","5":"has-post-thumbnail","7":"category-europe","8":"tag-actualites","9":"tag-eu","10":"tag-europe","11":"tag-european-union","12":"tag-fr","13":"tag-france","14":"tag-hongrie","15":"tag-news","16":"tag-orban","17":"tag-republique-francaise","18":"tag-ue","19":"tag-union-europeenne","20":"tag-von-der-leyen"},"share_on_mastodon":{"url":"https:\/\/pubeurope.com\/@fr\/114962623574373130","error":""},"_links":{"self":[{"href":"https:\/\/www.europesays.com\/fr\/wp-json\/wp\/v2\/posts\/292692","targetHints":{"allow":["GET"]}}],"collection":[{"href":"https:\/\/www.europesays.com\/fr\/wp-json\/wp\/v2\/posts"}],"about":[{"href":"https:\/\/www.europesays.com\/fr\/wp-json\/wp\/v2\/types\/post"}],"author":[{"embeddable":true,"href":"https:\/\/www.europesays.com\/fr\/wp-json\/wp\/v2\/users\/2"}],"replies":[{"embeddable":true,"href":"https:\/\/www.europesays.com\/fr\/wp-json\/wp\/v2\/comments?post=292692"}],"version-history":[{"count":0,"href":"https:\/\/www.europesays.com\/fr\/wp-json\/wp\/v2\/posts\/292692\/revisions"}],"wp:featuredmedia":[{"embeddable":true,"href":"https:\/\/www.europesays.com\/fr\/wp-json\/wp\/v2\/media\/292693"}],"wp:attachment":[{"href":"https:\/\/www.europesays.com\/fr\/wp-json\/wp\/v2\/media?parent=292692"}],"wp:term":[{"taxonomy":"category","embeddable":true,"href":"https:\/\/www.europesays.com\/fr\/wp-json\/wp\/v2\/categories?post=292692"},{"taxonomy":"post_tag","embeddable":true,"href":"https:\/\/www.europesays.com\/fr\/wp-json\/wp\/v2\/tags?post=292692"}],"curies":[{"name":"wp","href":"https:\/\/api.w.org\/{rel}","templated":true}]}}