{"id":292695,"date":"2025-08-03T03:07:17","date_gmt":"2025-08-03T03:07:17","guid":{"rendered":"https:\/\/www.europesays.com\/fr\/292695\/"},"modified":"2025-08-03T03:07:17","modified_gmt":"2025-08-03T03:07:17","slug":"morton-de-liverpool-a-lyon-caleta-car-fait-ses-valises-newcastle-pret-a-casser-sa-tirelire-pour-sesko-les-5-infos-mercato-du-jour","status":"publish","type":"post","link":"https:\/\/www.europesays.com\/fr\/292695\/","title":{"rendered":"Morton de Liverpool \u00e0 Lyon, Caleta-Car fait ses valises, Newcastle pr\u00eat \u00e0 casser sa tirelire pour Sesko&#8230; Les 5 infos mercato du jour"},"content":{"rendered":"<p>L\u2019Olympique lyonnais qui s\u2019agite sur le march\u00e9 des transferts, Newcastle qui offre 80 millions d\u2019euros pour Sesko apr\u00e8s avoir enregistr\u00e9 le pr\u00eat de Ramsdale&#8230; Retrouvez toutes les infos mercato du samedi 2 ao\u00fbt.<\/p>\n<p>Caleta-Car file \u00e0 la Real Sociedad en pr\u00eat&#8230;<\/p>\n<p class=\"fig-paragraph\">Si la situation \u00e9conomique de\u00a0<a href=\"http:\/\/www.lefigaro.fr\/sports\/football\/transferts\/mercato-nicolas-tagliafico-prolonge-jusqu-en-2027-avec-l-olympique-lyonnais-officiel-20250801\" data-fig-type=\"NewsFlash\" data-gtm-custom-categorie=\"navigation\" data-gtm-custom-action=\"crossclick\" data-gtm-custom-label=\"Contextuel\" data-gtm-event=\"customEventSPE\" data-fig-domain=\"LEFIGARO\" target=\"_blank\" rel=\"noopener\">l\u2019Olympique lyonnais<\/a>\u00a0reste pr\u00e9caire, les nouveaux dirigeants veulent \u00eatre ambitieux pour la saison \u00e0 venir. Alors que l\u2019OL se d\u00e9placera \u00e0 Lens dans deux semaines exactement pour le premier match de la saison de Ligue 1, un premier mouvement d\u2019envergure a \u00e9t\u00e9 act\u00e9\u00a0: le pr\u00eat avec option d\u2019achat de\u00a0<a href=\"http:\/\/www.lefigaro.fr\/sports\/football\/transferts\/mercato-caleta-car-pousse-vers-la-sortie-l-ol-poursuit-son-operation-degraissage-20250729\" data-fig-type=\"NewsFlash\" data-gtm-custom-categorie=\"navigation\" data-gtm-custom-action=\"crossclick\" data-gtm-custom-label=\"Contextuel\" data-gtm-event=\"customEventSPE\" data-fig-domain=\"LEFIGARO\" target=\"_blank\" rel=\"noopener\">Duje Caleta-Car<\/a>\u00a0\u00e0 la Real Sociedad. Une grosse \u00e9conomie de salaire pour le club rhodanien, qui a d\u00e9j\u00e0 enregistr\u00e9 deux nouvelles recrues depuis le d\u00e9but du mercato estival.<\/p>\n<p>&#8230; Et l\u2019OL tente le coup Tyler Morton<\/p>\n<p class=\"fig-paragraph\">Toujours dans l\u2019id\u00e9e de recruter malin, l\u2019OL s\u2019est lanc\u00e9 dans les n\u00e9gociations avec Liverpool pour faire venir Tyler Morton. International espoirs anglais de 22\u00a0ans, il peut couvrir plusieurs postes au milieu de terrain. Une zone o\u00f9\u00a0<a href=\"http:\/\/www.lefigaro.fr\/sports\/football\/transferts\/mercato-pavel-sulc-quitte-le-viktoria-plzen-et-rejoint-l-olympique-lyonnais-20250801\" data-fig-type=\"NewsFlash\" data-gtm-custom-categorie=\"navigation\" data-gtm-custom-action=\"crossclick\" data-gtm-custom-label=\"Contextuel\" data-gtm-event=\"customEventSPE\" data-fig-domain=\"LEFIGARO\" target=\"_blank\" rel=\"noopener\">l\u2019effectif de Paulo Fonseca<\/a>\u00a0manque de qualit\u00e9. Apr\u00e8s plus d\u2019une semaine de pourparlers, un accord aurait \u00e9t\u00e9 trouv\u00e9 selon le journal\u00a0<a href=\"https:\/\/www.lequipe.fr\/Football\/Actualites\/Mercato-accord-ol-liverpool-pour-le-transfert-de-tyler-morton\/1582592\" target=\"_blank\" rel=\"nofollow noopener\" data-gtm-custom-categorie=\"navigation\" data-gtm-custom-action=\"crossclick\" data-gtm-custom-label=\"Contextuel\" data-gtm-event=\"customEventSPE\">l\u2019\u00c9quipe<\/a> \u00a0autour d\u2019une indemnit\u00e9 de transfert de 10 millions d\u2019euros \u00e0 laquelle s\u2019ajouteront des bonus qui pourraient atteindre 5M\u20ac. Les Reds conserveraient \u00e9galement 20\u00a0% sur une \u00e9ventuelle plus value future.<\/p>\n<p>                                    <a class=\"fig-a11y-skip a11y-hidden\" href=\"#fig-a11y-skip-main-inarticle\"><br \/>\n        Passer la publicit\u00e9<br \/>\n    <\/a><\/p>\n<p>Zaroury en route pour le Panathina\u00efkos<\/p>\n<p class=\"fig-paragraph\">L\u2019histoire entre Anass Zaroury et le RC Lens pourrait bien prendre fin pr\u00e9matur\u00e9ment. Le club nordiste aurait trouv\u00e9 un accord avec le Panathina\u00efkos pour un pr\u00eat avec option d\u2019achat de 3M\u20ac du milieu offensif marocain, apparu \u00e0 28 reprises en Ligue 1 mais incapable de donner la pleine mesure de son talent (2 buts et 3 passes d\u00e9cisives) depuis son arriv\u00e9e de Burnley l\u2019\u00e9t\u00e9 dernier. Il ne reste que des d\u00e9tails administratifs \u00e0 r\u00e9gler, indique\u00a0<a href=\"https:\/\/www.lequipe.fr\/Football\/Actualites\/Mercato-anass-zaroury-lens-va-rejoindre-le-panathinaikos\/1582588\" target=\"_blank\" rel=\"nofollow noopener\" data-gtm-custom-categorie=\"navigation\" data-gtm-custom-action=\"crossclick\" data-gtm-custom-label=\"Contextuel\" data-gtm-event=\"customEventSPE\">l\u2019\u00c9quipe<\/a> \u00a0ce samedi, qui ajoute que le Racing ne serait pas m\u00e9content de se d\u00e9lester de son important salaire.<\/p>\n<p>Newcastle offre 80 millions d\u2019euros pour Sesko&#8230;<\/p>\n<p class=\"fig-paragraph\">Tandis que\u00a0<a href=\"http:\/\/www.lefigaro.fr\/sports\/football\/transferts\/mercato-newcastle-refuse-une-offre-xxl-de-liverpool-pour-isak-20250801\" data-fig-type=\"NewsFlash\" data-gtm-custom-categorie=\"navigation\" data-gtm-custom-action=\"crossclick\" data-gtm-custom-label=\"Contextuel\" data-gtm-event=\"customEventSPE\" data-fig-domain=\"LEFIGARO\" target=\"_blank\" rel=\"noopener\">le feuilleton Alexander Isak<\/a>\u00a0continue de tenir en haleine les supporters anglais, le board des Magpies s\u2019est d\u00e9j\u00e0 pench\u00e9 sur un rempla\u00e7ant. Il pourrait s\u2019agir de l\u2019attaquant slov\u00e8ne Benjamin Sesko.\u00a0<a href=\"https:\/\/www.skysports.com\/football\/news\/11095\/13405500\/benjamin-sesko-newcastle-make-formal-bid-for-rb-leipzig-forward-with-manchester-united-also-keen-on-striker\" target=\"_blank\" rel=\"nofollow noopener\" data-gtm-custom-categorie=\"navigation\" data-gtm-custom-action=\"crossclick\" data-gtm-custom-label=\"Contextuel\" data-gtm-event=\"customEventSPE\">Sky Sports<\/a> \u00a0indique ce samedi qu\u2019une offre de 75 millions d\u2019euros + 5 de bonus aurait \u00e9t\u00e9 adress\u00e9e \u00e0 Leipzig, qui n\u2019a pas la pression puisque le joueur est encore sous contrat jusqu\u2019en 2029. Le m\u00e9dia anglais indique que Manchester United est \u00e9galement sur les rangs. Un pr\u00eat de Rasmus Hojlund en Allemagne pourrait faciliter les choses pour les Red Devils.<\/p>\n<p>&#8230; Et r\u00e9cup\u00e8re Ramsdale en pr\u00eat<\/p>\n<p class=\"fig-paragraph\">Une actualit\u00e9 en chassant une autre,\u00a0<a href=\"https:\/\/www.lefigaro.fr\/sports\/football\/premier-league\/classement\/2024-2025\" target=\"_blank\" rel=\"nofollow noopener\" data-gtm-custom-categorie=\"navigation\" data-gtm-custom-action=\"crossclick\" data-gtm-custom-label=\"Contextuel\" data-gtm-event=\"customEventSPE\">le cinqui\u00e8me de la derni\u00e8re saison de Premier League<\/a>\u00a0a annonc\u00e9 ce samedi le recrutement d\u2019Aaron Ramsdale en pr\u00eat avec option d\u2019achat. Le gardien de 27 ans sort d\u2019une saison cauchemardesque avec Southampton, logiquement rel\u00e9gu\u00e9 en Championship apr\u00e8s une saison \u00e0 12 points et 86 buts encaiss\u00e9s. Pour rappel, Ramsdale a pass\u00e9 trois ans \u00e0 Arsenal entre 2021 et 2024 avant que l\u2019Espagnol David Raya ne lui soit pr\u00e9f\u00e9r\u00e9 pour garder la cage des Gunners.<\/p>\n","protected":false},"excerpt":{"rendered":"L\u2019Olympique lyonnais qui s\u2019agite sur le march\u00e9 des transferts, Newcastle qui offre 80 millions d\u2019euros pour Sesko apr\u00e8s&hellip;\n","protected":false},"author":2,"featured_media":292696,"comment_status":"","ping_status":"","sticky":false,"template":"","format":"standard","meta":{"footnotes":""},"categories":[2],"tags":[43270,11,42273,1011,27,66,1434,12,978,70,2264,25],"class_list":{"0":"post-292695","1":"post","2":"type-post","3":"status-publish","4":"format-standard","5":"has-post-thumbnail","7":"category-actualites","8":"tag-aaron-ramsdale","9":"tag-actualites","10":"tag-duje-caleta-car","11":"tag-fr","12":"tag-france","13":"tag-ligue-1","14":"tag-mercato","15":"tag-news","16":"tag-olympique-lyonnais","17":"tag-premier-league","18":"tag-rc-lens","19":"tag-republique-francaise"},"share_on_mastodon":{"url":"https:\/\/pubeurope.com\/@fr\/114962631447725124","error":""},"_links":{"self":[{"href":"https:\/\/www.europesays.com\/fr\/wp-json\/wp\/v2\/posts\/292695","targetHints":{"allow":["GET"]}}],"collection":[{"href":"https:\/\/www.europesays.com\/fr\/wp-json\/wp\/v2\/posts"}],"about":[{"href":"https:\/\/www.europesays.com\/fr\/wp-json\/wp\/v2\/types\/post"}],"author":[{"embeddable":true,"href":"https:\/\/www.europesays.com\/fr\/wp-json\/wp\/v2\/users\/2"}],"replies":[{"embeddable":true,"href":"https:\/\/www.europesays.com\/fr\/wp-json\/wp\/v2\/comments?post=292695"}],"version-history":[{"count":0,"href":"https:\/\/www.europesays.com\/fr\/wp-json\/wp\/v2\/posts\/292695\/revisions"}],"wp:featuredmedia":[{"embeddable":true,"href":"https:\/\/www.europesays.com\/fr\/wp-json\/wp\/v2\/media\/292696"}],"wp:attachment":[{"href":"https:\/\/www.europesays.com\/fr\/wp-json\/wp\/v2\/media?parent=292695"}],"wp:term":[{"taxonomy":"category","embeddable":true,"href":"https:\/\/www.europesays.com\/fr\/wp-json\/wp\/v2\/categories?post=292695"},{"taxonomy":"post_tag","embeddable":true,"href":"https:\/\/www.europesays.com\/fr\/wp-json\/wp\/v2\/tags?post=292695"}],"curies":[{"name":"wp","href":"https:\/\/api.w.org\/{rel}","templated":true}]}}