{"id":292697,"date":"2025-08-03T03:08:26","date_gmt":"2025-08-03T03:08:26","guid":{"rendered":"https:\/\/www.europesays.com\/fr\/292697\/"},"modified":"2025-08-03T03:08:26","modified_gmt":"2025-08-03T03:08:26","slug":"tual-seffondre-et-guillemot-se-trompe-aux-championnats-de-france-meilleure-performance-mondiale-de-lhistoire-pour-bordier","status":"publish","type":"post","link":"https:\/\/www.europesays.com\/fr\/292697\/","title":{"rendered":"Tual s\u2019effondre et Guillemot se trompe aux championnats de France, meilleure performance mondiale de l\u2019histoire pour Bordier"},"content":{"rendered":"<p>Les Championnats de France ont \u00e9t\u00e9 marqu\u00e9s par les \u00e9checs des favoris Gabriel Tual (800m) et Agathe Guillemot (1500m) ce samedi, \u00e0 Talence. Marie-Julie Bonnin (perche) a assum\u00e9 son statut et Gabriel Bordier (10.000m marche) a brill\u00e9.<\/p>\n<p class=\"fig-paragraph\">Grands favoris du 800 m et du 1.500 m, les tenants du titre Gabriel Tual et Agathe Guillemot ont \u00e9chou\u00e9 samedi \u00e0 conserver leur couronne aux championnats de France \u00e9lites \u00e0 Talence (Gironde).<\/p>\n<p class=\"fig-paragraph\">Sur la piste de l&rsquo;US Talence et devant son public, le double champion de France Gabriel Tual a craqu\u00e9 \u00e0 la fin du\u00a0<a href=\"http:\/\/www.lefigaro.fr\/sports\/athletisme\/athletisme-yanis-meziane-champion-de-france-du-800-metres-gabriel-tual-passe-au-travers-20250802\" data-fig-type=\"NewsFlash\" data-gtm-custom-categorie=\"navigation\" data-gtm-custom-action=\"crossclick\" data-gtm-custom-label=\"Contextuel\" data-gtm-event=\"customEventSPE\" data-fig-domain=\"LEFIGARO\" target=\"_blank\" rel=\"noopener\">800 m remport\u00e9 par Yanis Meziane (1:45.24)<\/a>. Le champion d&rsquo;Europe a pourtant men\u00e9 pendant les 700 premiers m\u00e8tres de la course avant de s&rsquo;effondrer dans la derni\u00e8re ligne droite pour terminer sixi\u00e8me en 1 min 46 sec 17. \u00abJ&rsquo;ai \u00e9t\u00e9 un peu g\u00e9n\u00e9reux, je pense que je l&rsquo;ai pay\u00e9 sur la fin. En plus \u00e7a a \u00e9t\u00e9 compliqu\u00e9 \u00e0 l&rsquo;entra\u00eenement ces derni\u00e8res semaines avec une douleur au tendon qui perturbe la pr\u00e9paration\u00bb pour les Mondiaux \u00e0 Tokyo (13-21 septembre), a r\u00e9agi Gabriel Tual apr\u00e8s la course.<\/p>\n<p>                                    <a class=\"fig-a11y-skip a11y-hidden\" href=\"#fig-a11y-skip-main-inarticle\"><br \/>\n        Passer la publicit\u00e9<br \/>\n    <\/a><\/p>\n<p class=\"fig-paragraph\">\u00c0 23 ans, Yanis Meziane, en grande forme depuis le d\u00e9but de la saison avec un record personnel port\u00e9 \u00e0 1 min 43 sec 82 le mois dernier, prend lui une revanche en remportant son premier titre de champion de France apr\u00e8s sa d\u00e9sillusion l&rsquo;an dernier. \u00c0 Angers, il avait \u00e9chou\u00e9 au pied du podium, ce qui lui avait co\u00fbt\u00e9 sa qualification pour les JO de Paris. \u00abC&rsquo;est quelque chose qui me restait toujours en t\u00eate. L\u00e0 c&rsquo;est le r\u00eave, franchement, c&rsquo;est une course \u00e0 laquelle j&rsquo;ai beaucoup pens\u00e9 cette ann\u00e9e\u00bb, s&rsquo;est r\u00e9joui le licenci\u00e9 de l&rsquo;Athl\u00e9 91. \u00abIl y avait tellement de choses \u00e0 jouer ici, puis aussi, la qualif&rsquo; pour Tokyo. Maintenant, toutes les conditions sont remplies pour aller au Japon\u00bb, a savour\u00e9 le Fran\u00e7ais. Meziane, comme Tual, ont r\u00e9alis\u00e9 plus t\u00f4t dans la saison les minima pour les championnats du monde au Japon.<\/p>\n<p>Guillemot battue sur 1.500 m<\/p>\n<p class=\"fig-paragraph\">D\u00e9tentrice du record de France du 1.500 m, Agathe Guillemot a voulu assumer son statut de grande favorite en imposant d&rsquo;entr\u00e9e de jeu un rythme tr\u00e8s rapide \u00e0 ses concurrentes. Derri\u00e8re elle, la r\u00e9cente vice-championne d&rsquo;Europe espoirs de la discipline Ad\u00e8le Gay a r\u00e9ussi \u00e0 s&rsquo;accrocher pour passer devant \u00e0 100 m\u00e8tres de l&rsquo;arriv\u00e9e et l&#8217;emporter en 4 min 04 sec 12 devant Guillemot (4:04.49). \u00abC&rsquo;\u00e9tait la course parfaite, avec un li\u00e8vre de luxe. C&rsquo;est vraiment un honneur d&rsquo;\u00eatre devant elle. Elle nous pousse toutes vers le haut\u00bb, a salu\u00e9 l&rsquo;Ami\u00e9noise de 20 ans.<\/p>\n<p class=\"fig-paragraph\">Les larmes aux yeux, la Bretonne Agathe Guillemot a compar\u00e9 la d\u00e9ception de sa contre-performance \u00e0 ses d\u00e9faites \u00abaux jeux de soci\u00e9t\u00e9\u00bb contre son fr\u00e8re quand elle \u00e9tait \u00abpetite\u00bb. \u00abJ&rsquo;ai jou\u00e9, je voulais prendre des risques et voir jusqu&rsquo;o\u00f9 j&rsquo;\u00e9tais capable de me mettre dans l&rsquo;inconfort\u00bb, a expliqu\u00e9 la demi-fondeuse.<\/p>\n<p>Kwaou-Mathey brille, Zhoya moins<\/p>\n<p class=\"fig-paragraph\">En s\u00e9ries du 110 m haies, Just Kwaou-Mathey a impressionn\u00e9 en signant le meilleur temps des s\u00e9ries en 13 sec 10 avant les demi-finales et la finale dimanche. G\u00ean\u00e9 par une blessure au tendon d&rsquo;Achille pendant plusieurs semaines, la star fran\u00e7aise de la discipline Sasha Zhoya a, lui, remport\u00e9 sa s\u00e9rie (13.35) sans briller, avec une petite frayeur quand il a tap\u00e9 la huiti\u00e8me haie. Si le triple champion de France en titre a d\u00e9j\u00e0 r\u00e9alis\u00e9 les minima (13.06) pour Tokyo, il a affirm\u00e9 \u00eatre venu \u00e0 Talence car \u00aboblig\u00e9 de courir\u00bb afin d&rsquo;assurer sa place aux Mondiaux. \u00abJe ne veux pas laisser la chance \u00e0 un autre athl\u00e8te parce qu&rsquo;il y en a plein qui peuvent faire les minima. Je cherche encore \u00e0 \u00eatre \u00e0 100%. Est-ce que \u00e7a va \u00eatre assez pour faire le job\u00a0? On verra demain\u00bb, a-t-il dit.<\/p>\n<p class=\"fig-paragraph\">Sans surprise, la championne de France en titre du saut \u00e0 la perche Marie-Julie Bonnin a conserv\u00e9 sa couronne, seule \u00e0 avoir franchi 4,63 m. La cod\u00e9tentrice du record de France (4,75 m) a ensuite tent\u00e9 \u00e0 trois reprises de passer 4,77 m, en vain. Sur 10.000 m\u00e8tres marche, discipline non disput\u00e9e en grands championnats, Gabriel Bordier a r\u00e9alis\u00e9 la meilleure performance mondiale de l&rsquo;histoire en 37 min 23 sec 99. Les championnats de France d&rsquo;athl\u00e9tisme se terminent dimanche.<\/p>\n","protected":false},"excerpt":{"rendered":"Les Championnats de France ont \u00e9t\u00e9 marqu\u00e9s par les \u00e9checs des favoris Gabriel Tual (800m) et Agathe Guillemot&hellip;\n","protected":false},"author":2,"featured_media":292698,"comment_status":"","ping_status":"","sticky":false,"template":"","format":"standard","meta":{"footnotes":""},"categories":[4],"tags":[11,8238,4132,8239,525,2212,1011,27,3996,8241,8240,3918,12,25,1980],"class_list":{"0":"post-292697","1":"post","2":"type-post","3":"status-publish","4":"format-standard","5":"has-post-thumbnail","7":"category-france","8":"tag-actualites","9":"tag-athle","10":"tag-athletisme","11":"tag-bolt","12":"tag-calendrier","13":"tag-championnat-du-monde","14":"tag-fr","15":"tag-france","16":"tag-jeux-olympiques","17":"tag-lavillenie","18":"tag-lemaitre","19":"tag-meeting","20":"tag-news","21":"tag-republique-francaise","22":"tag-resultats"},"share_on_mastodon":{"url":"https:\/\/pubeurope.com\/@fr\/114962635648575797","error":""},"_links":{"self":[{"href":"https:\/\/www.europesays.com\/fr\/wp-json\/wp\/v2\/posts\/292697","targetHints":{"allow":["GET"]}}],"collection":[{"href":"https:\/\/www.europesays.com\/fr\/wp-json\/wp\/v2\/posts"}],"about":[{"href":"https:\/\/www.europesays.com\/fr\/wp-json\/wp\/v2\/types\/post"}],"author":[{"embeddable":true,"href":"https:\/\/www.europesays.com\/fr\/wp-json\/wp\/v2\/users\/2"}],"replies":[{"embeddable":true,"href":"https:\/\/www.europesays.com\/fr\/wp-json\/wp\/v2\/comments?post=292697"}],"version-history":[{"count":0,"href":"https:\/\/www.europesays.com\/fr\/wp-json\/wp\/v2\/posts\/292697\/revisions"}],"wp:featuredmedia":[{"embeddable":true,"href":"https:\/\/www.europesays.com\/fr\/wp-json\/wp\/v2\/media\/292698"}],"wp:attachment":[{"href":"https:\/\/www.europesays.com\/fr\/wp-json\/wp\/v2\/media?parent=292697"}],"wp:term":[{"taxonomy":"category","embeddable":true,"href":"https:\/\/www.europesays.com\/fr\/wp-json\/wp\/v2\/categories?post=292697"},{"taxonomy":"post_tag","embeddable":true,"href":"https:\/\/www.europesays.com\/fr\/wp-json\/wp\/v2\/tags?post=292697"}],"curies":[{"name":"wp","href":"https:\/\/api.w.org\/{rel}","templated":true}]}}