{"id":292699,"date":"2025-08-03T03:09:22","date_gmt":"2025-08-03T03:09:22","guid":{"rendered":"https:\/\/www.europesays.com\/fr\/292699\/"},"modified":"2025-08-03T03:09:22","modified_gmt":"2025-08-03T03:09:22","slug":"charlotte-liautier-poursuit-sur-sa-lancee","status":"publish","type":"post","link":"https:\/\/www.europesays.com\/fr\/292699\/","title":{"rendered":"Charlotte Liautier poursuit sur sa lanc\u00e9e"},"content":{"rendered":"<p>\t\t\t\t\t\t<img width=\"770\" height=\"556\" src=\"https:\/\/www.europesays.com\/fr\/wp-content\/uploads\/2025\/08\/liautier-jesper-vinzentsletas-770x556.jpg\" class=\"img-responsive wp-post-image\" alt=\"\" decoding=\"async\" fetchpriority=\"high\"  \/>\t\t\t\t\t<\/p>\n<p>\t\t\t\t\t\t Partager cet article <\/p>\n<p class=\"screen-reader-text juiz_sps_maybe_hidden_text\">Partager la publication \u00ab\u00a0Charlotte Liautier poursuit sur sa lanc\u00e9e\u00a0\u00bb<\/p>\n<ul class=\"juiz_sps_links_list\">\n<li class=\"juiz_sps_item juiz_sps_link_facebook\"><a href=\"https:\/\/www.facebook.com\/sharer.php?u=https%3A%2F%2Fwww.golfplanete.com%2Factualites%2Fcharlotte-liautier-poursuit-sur-sa-lancee%2F\" rel=\"nofollow noopener\" title=\"Partager cet article sur Facebook\" class=\"juiz_sps_button\" data-nobs-key=\"facebook\" target=\"_blank\">Facebook<\/a><\/li>\n<li class=\"juiz_sps_item juiz_sps_link_twitter\"><a href=\"https:\/\/twitter.com\/intent\/tweet?source=webclient&amp;original_referer=https%3A%2F%2Fwww.golfplanete.com%2Factualites%2Fcharlotte-liautier-poursuit-sur-sa-lancee%2F&amp;text=Charlotte%20Liautier%20poursuit%20sur%20sa%20lanc%C3%A9e&amp;url=https%3A%2F%2Fwww.golfplanete.com%2Factualites%2Fcharlotte-liautier-poursuit-sur-sa-lancee%2F&amp;related=golfplanete&amp;via=golfplanete\" rel=\"nofollow noopener\" title=\"Partager cet article sur X\" class=\"juiz_sps_button\" data-nobs-key=\"twitter\" target=\"_blank\">X<\/a><\/li>\n<li class=\"juiz_sps_item juiz_sps_link_linkedin\"><a href=\"https:\/\/www.linkedin.com\/sharing\/share-offsite\/?url=https%3A%2F%2Fwww.golfplanete.com%2Factualites%2Fcharlotte-liautier-poursuit-sur-sa-lancee%2F\" rel=\"nofollow noopener\" title=\"Partager cet article sur LinkedIn\" class=\"juiz_sps_button\" data-nobs-key=\"linkedin\" target=\"_blank\">LinkedIn<\/a><\/li>\n<li class=\"juiz_sps_item juiz_sps_link_mail\"><a href=\"mailto:?subject=Un%20bon%20article%20\u00e0%20lire%20sur%20https:\/\/www.golfplanete.com&amp;body=Bonjour,%20J'ai%20trouv\u00e9%20cette%20information%20pour%20toi\u00a0:%20Charlotte%20Liautier%20poursuit%20sur%20sa%20lanc\u00e9e\u00a0!%20Voici%20le%20lien%20direct\u00a0:%20https:\/\/www.golfplanete.com\/actualites\/charlotte-liautier-poursuit-sur-sa-lancee\/%20Tr\u00e8s%20bonne%20journ\u00e9e%20:)\" rel=\"nofollow\" title=\"Partager cette publication avec un ami (e-mail)\" class=\"juiz_sps_button\" data-nobs-key=\"mail\">E-mail<\/a><\/li>\n<\/ul>\n<p><strong>\u00c0 cinq coups d\u2019un play-off qui a vu la Mexicaine Fernanda Lira s\u2019imposer pour la deuxi\u00e8me fois cette saison, Charlotte Liautier a sign\u00e9 son septi\u00e8me top 10 en 2025.<\/strong><\/p>\n<p>\t\t\t\t\t<a id=\"174987\" href=\"https:\/\/www.sudfrancegolf.com\/fr\/\" target=\"_blank\" rel=\"sponsorised nofollow noopener\"><img decoding=\"async\" src=\"data:image\/svg+xml,%3Csvg%20xmlns=\" http:=\"\" class=\"img-responsive\" alt=\"\" data-lazy-src=\"https:\/\/www.europesays.com\/fr\/wp-content\/uploads\/2025\/06\/giesudfrancegolf-e02-egolf-pass-2025-v2-1170x275-1.gif\"\/><\/a><\/p>\n<p>Les semaines se suivent et se ressemblent pour <strong>Fernanda Lira<\/strong>. <a href=\"https:\/\/www.golfplanete.com\/actualites\/la-mexicaine-fernanda-lira-simpose-haut-la-main-a-islantilla-les-francaises-chloe-salort-et-alice-kong-dans-le-top-5\/\" rel=\"nofollow noopener\" target=\"_blank\">Victorieuse de l\u2019<strong>Islantilla Open<\/strong> il y a deux semaines<\/a>, la Mexicaine a r\u00e9cidiv\u00e9 ce samedi au Danemark au <strong>Q-Tour Himmerland Championship<\/strong>. Si la native de Mexico a fait jeu \u00e9gal avec la Danoise<strong> Sofie Kibsgaard Nielsen<\/strong> durant 54 trous, elle a r\u00e9ussi \u00e0 faire la diff\u00e9rence d\u00e8s le premier trou de mort subite.<\/p>\n<p>\t\t\t\t\t<a id=\"180462\" href=\"https:\/\/www.makilas-golftour.com\/sejour\/makilas-agadir-2023-2-2\/\" target=\"_blank\" rel=\"sponsorised nofollow noopener\"><img fetchpriority=\"high\" decoding=\"async\" src=\"https:\/\/www.europesays.com\/fr\/wp-content\/uploads\/2025\/07\/challengeorganisation-e01-rencontres-agadir-1170x275-1.jpeg\" class=\"img-responsive\" alt=\"\"\/><\/a><\/p>\n<blockquote class=\"instagram-media\" style=\"background: #FFF; border: 0; border-radius: 3px; box-shadow: 0 0 1px 0 rgba(0,0,0,0.5),0 1px 10px 0 rgba(0,0,0,0.15); margin: 1px; max-width: 540px; min-width: 326px; padding: 0; width: calc(100% - 2px);\" data-instgrm-captioned=\"\" data-instgrm-permalink=\"https:\/\/www.instagram.com\/reel\/DM2pIHbNXPZ\/?utm_source=ig_embed&amp;utm_campaign=loading\" data-instgrm-version=\"14\">\n<p>\u00a0<\/p>\n<p>\u00a0<\/p>\n<p>\u00a0<\/p>\n<p>\u00a0<\/p>\n<p>\u00a0<\/p>\n<p>Voir cette publication sur Instagram<\/p>\n<p>\u00a0<\/p>\n<p>\u00a0<\/p>\n<p>\u00a0<\/p>\n<p>\u00a0<\/p>\n<p>\u00a0<\/p>\n<p>\u00a0<\/p>\n<p>\u00a0<\/p>\n<p>\u00a0<\/p>\n<p>\u00a0<\/p>\n<p>\u00a0<\/p>\n<p>\u00a0<\/p>\n<p style=\"color: #c9c8cd; font-family: Arial,sans-serif; font-size: 14px; line-height: 17px; margin-bottom: 0; margin-top: 8px; overflow: hidden; padding: 8px 0 7px; text-align: center; text-overflow: ellipsis; white-space: nowrap;\"><a style=\"color: #c9c8cd; font-family: Arial,sans-serif; font-size: 14px; font-style: normal; font-weight: normal; line-height: 17px; text-decoration: none;\" href=\"https:\/\/www.instagram.com\/reel\/DM2pIHbNXPZ\/?utm_source=ig_embed&amp;utm_campaign=loading\" target=\"_blank\" rel=\"noopener nofollow\">Une publication partag\u00e9e par The LET Access Series (@letaccess)<\/a><\/p>\n<\/blockquote>\n<p>\t\t\t\t\t<a id=\"178017\" href=\"https:\/\/www.formigolf.fr\/voyage-pays~jardin-de-tecina-4etoiles-la-gomera~75~canaries\" target=\"_blank\" rel=\"sponsorised nofollow noopener\"><img decoding=\"async\" src=\"data:image\/svg+xml,%3Csvg%20xmlns=\" http:=\"\" class=\"img-responsive\" alt=\"\" data-lazy-src=\"https:\/\/www.europesays.com\/fr\/wp-content\/uploads\/2025\/07\/formigolf-e07-canaries-gomera-1170x275-1.gif\"\/><\/a><\/p>\n<p>Leader apr\u00e8s le premier tour,<strong> Charlotte Liautier<\/strong> a encore une fois enregistr\u00e9 une belle performance sur le trac\u00e9 de l\u2019<strong>Himmerland Resort<\/strong>. La R\u00e9unionnaise a ainsi pris la sixi\u00e8me place apr\u00e8s une derni\u00e8re carte dans le par. C\u2019est la septi\u00e8me fois en douze tournois cette saison qu\u2019elle se classe dans le top 10. La golfeuse \u00e2g\u00e9e de 26 ans occupe la sixi\u00e8me position de l\u2019ordre du m\u00e9rite.<\/p>\n<p><a href=\"https:\/\/letaccess.com\/reports-page?url=https%3A%2F%2Finfo.ladieseuropeantour.com%2Ftic%2Ftmresult.cgi%3Ftourn%3D5026~season%3D2025~result%3DPF~&amp;id=2025&amp;code=5026&amp;title=Final%20Result\" target=\"_blank\" rel=\"noopener nofollow\">Le classement complet<\/a><\/p>\n<p><strong>Lo\u00efs Lau<\/strong> a termin\u00e9 \u00e0 une longueur de sa compatriote, au dixi\u00e8me rang. \u00c0 23\u00a0ans, la repr\u00e9sentante de <strong>Fontainebleau<\/strong> signe ici son tout premier top 10 en tant que professionnelle.<\/p>\n<p>\t\t\t\t\t<a id=\"179399\" href=\"https:\/\/www.terre-blanche.com\/landing\/summer-deals?mtm_campaign=summer_deals_golf_planet_juil_2025&amp;mtm_medium=display&amp;mtm_source=golf_planet&amp;mtm_content=_CTA_&amp;mtm_group=trafic\" target=\"_blank\" rel=\"sponsorised nofollow noopener\"><img decoding=\"async\" src=\"data:image\/svg+xml,%3Csvg%20xmlns=\" http:=\"\" class=\"img-responsive\" alt=\"\" data-lazy-src=\"https:\/\/www.europesays.com\/fr\/wp-content\/uploads\/2025\/07\/terreblanche-e01-summer-deals-1170x275-1.gif\"\/><\/a><br \/>\nLe leaderboard<\/p>\n<p><img loading=\"lazy\" decoding=\"async\" class=\"alignnone wp-image-181305 size-image-largeur-770\" src=\"data:image\/svg+xml,%3Csvg%20xmlns=\" http:=\"\" alt=\"\" width=\"770\" height=\"487\" data-lazy- data-lazy- data-lazy-src=\"https:\/\/www.europesays.com\/fr\/wp-content\/uploads\/2025\/08\/capture-decran-2025-08-02-a-16.07.25-770x487.png\"\/><\/p>\n<p>\t\t\t\t\t<a id=\"180488\" href=\"https:\/\/golfplus.fr\/\" target=\"_blank\" rel=\"sponsorised nofollow noopener\"><img decoding=\"async\" src=\"data:image\/svg+xml,%3Csvg%20xmlns=\" http:=\"\" class=\"img-responsive\" alt=\"\" data-lazy-src=\"https:\/\/www.europesays.com\/fr\/wp-content\/uploads\/2025\/07\/golfplus-e19-livraison-lieu-vacances-1170x275-1.jpg\"\/><\/a><\/p>\n<p>\u00a9Jesper Vinzents\/LETAS<\/p>\n<p>\t\t\t<script async src=\"https:\/\/platform.twitter.com\/widgets.js\" charset=\"utf-8\"><\/script><script async src=\"\/\/www.instagram.com\/embed.js\"><\/script><\/p>\n","protected":false},"excerpt":{"rendered":"Partager cet article Partager la publication \u00ab\u00a0Charlotte Liautier poursuit sur sa lanc\u00e9e\u00a0\u00bb Facebook X LinkedIn E-mail \u00c0 cinq&hellip;\n","protected":false},"author":2,"featured_media":292700,"comment_status":"","ping_status":"","sticky":false,"template":"","format":"standard","meta":{"footnotes":""},"categories":[1418],"tags":[1011,27,1472,60],"class_list":{"0":"post-292699","1":"post","2":"type-post","3":"status-publish","4":"format-standard","5":"has-post-thumbnail","7":"category-golf","8":"tag-fr","9":"tag-france","10":"tag-golf","11":"tag-sports"},"share_on_mastodon":{"url":"https:\/\/pubeurope.com\/@fr\/114962639304072163","error":""},"_links":{"self":[{"href":"https:\/\/www.europesays.com\/fr\/wp-json\/wp\/v2\/posts\/292699","targetHints":{"allow":["GET"]}}],"collection":[{"href":"https:\/\/www.europesays.com\/fr\/wp-json\/wp\/v2\/posts"}],"about":[{"href":"https:\/\/www.europesays.com\/fr\/wp-json\/wp\/v2\/types\/post"}],"author":[{"embeddable":true,"href":"https:\/\/www.europesays.com\/fr\/wp-json\/wp\/v2\/users\/2"}],"replies":[{"embeddable":true,"href":"https:\/\/www.europesays.com\/fr\/wp-json\/wp\/v2\/comments?post=292699"}],"version-history":[{"count":0,"href":"https:\/\/www.europesays.com\/fr\/wp-json\/wp\/v2\/posts\/292699\/revisions"}],"wp:featuredmedia":[{"embeddable":true,"href":"https:\/\/www.europesays.com\/fr\/wp-json\/wp\/v2\/media\/292700"}],"wp:attachment":[{"href":"https:\/\/www.europesays.com\/fr\/wp-json\/wp\/v2\/media?parent=292699"}],"wp:term":[{"taxonomy":"category","embeddable":true,"href":"https:\/\/www.europesays.com\/fr\/wp-json\/wp\/v2\/categories?post=292699"},{"taxonomy":"post_tag","embeddable":true,"href":"https:\/\/www.europesays.com\/fr\/wp-json\/wp\/v2\/tags?post=292699"}],"curies":[{"name":"wp","href":"https:\/\/api.w.org\/{rel}","templated":true}]}}