{"id":29270,"date":"2025-04-16T13:11:21","date_gmt":"2025-04-16T13:11:21","guid":{"rendered":"https:\/\/www.europesays.com\/fr\/29270\/"},"modified":"2025-04-16T13:11:21","modified_gmt":"2025-04-16T13:11:21","slug":"un-individu-potentiellement-arme-retranche-chez-lui-interpelle-par-le-raid","status":"publish","type":"post","link":"https:\/\/www.europesays.com\/fr\/29270\/","title":{"rendered":"Un individu \u00ab potentiellement arm\u00e9 \u00bb retranch\u00e9 chez lui interpell\u00e9 par le Raid"},"content":{"rendered":"<p><strong>op\u00e9ration d\u00e9licate &#8211; Le maire de Nice, Christian Estrosi, a salu\u00e9 le \u00ab professionnalisme \u00bb des agents des forces de l\u2019ordre qui sont intervenus pour interpeller un individu retranch\u00e9 \u00e0 son domicile \u00e0 Nice<\/strong><\/p>\n<p>Le pire a \u00e9t\u00e9 \u00e9vit\u00e9 gr\u00e2ce \u00e0 l\u2019intervention des policiers du <a data-i13n=\"cpos:1;pos:1\" href=\"https:\/\/www.20minutes.fr\/dossier\/raid\" rel=\"nofollow noopener\" target=\"_blank\" data-ylk=\"slk:Raid;cpos:1;pos:1;elm:context_link;itc:0;sec:content-canvas\" class=\"link \">Raid<\/a>. Un homme, d\u00e9crit comme \u00ab schizophr\u00e8ne \u00bb et \u00ab potentiellement arm\u00e9 \u00bb par le maire de Nice <a data-i13n=\"cpos:2;pos:1\" href=\"https:\/\/www.20minutes.fr\/dossier\/christian_estrosi\" rel=\"nofollow noopener\" target=\"_blank\" data-ylk=\"slk:Christian Estrosi;cpos:2;pos:1;elm:context_link;itc:0;sec:content-canvas\" class=\"link \">Christian Estrosi<\/a>, s\u2019est retranch\u00e9 \u00e0 son domicile sur l\u2019avenue Henri-Dunant \u00e0 <a data-i13n=\"cpos:3;pos:1\" href=\"https:\/\/www.20minutes.fr\/nice\/\" rel=\"nofollow noopener\" target=\"_blank\" data-ylk=\"slk:Nice;cpos:3;pos:1;elm:context_link;itc:0;sec:content-canvas\" class=\"link \">Nice<\/a> ce lundi, confirme une source proche de l\u2019enqu\u00eate apr\u00e8s la publication de l\u2019information par <a data-i13n=\"cpos:4;pos:1\" href=\"https:\/\/www.bfmtv.com\/cote-d-azur\/nice-un-homme-retranche-a-son-domicile-le-raid-attendu-sur-place_AN-202504140338.html\" rel=\"nofollow noopener\" target=\"_blank\" data-ylk=\"slk:BFM Nice C\u00f4te d\u2019Azur;cpos:4;pos:1;elm:context_link;itc:0;sec:content-canvas\" class=\"link \">BFM Nice C\u00f4te d\u2019Azur<\/a>.<\/p>\n<p>L\u2019individu s\u2019est montr\u00e9 mena\u00e7ant \u00e0 l\u2019encontre de sa propre m\u00e8re et son comportement a n\u00e9cessit\u00e9 l\u2019intervention des agents du Raid qui ont proc\u00e9d\u00e9 \u00e0 son interpellation.<\/p>\n<p>\u00ab Le calme et le professionnalisme des agents des forces de l\u2019ordre pr\u00e9sents, de la <a data-i13n=\"cpos:5;pos:1\" href=\"https:\/\/www.20minutes.fr\/dossier\/police_municipale\" rel=\"nofollow noopener\" target=\"_blank\" data-ylk=\"slk:police municipale;cpos:5;pos:1;elm:context_link;itc:0;sec:content-canvas\" class=\"link \">police municipale<\/a>, de la <a data-i13n=\"cpos:6;pos:1\" href=\"https:\/\/www.20minutes.fr\/dossier\/police\" rel=\"nofollow noopener\" target=\"_blank\" data-ylk=\"slk:police;cpos:6;pos:1;elm:context_link;itc:0;sec:content-canvas\" class=\"link \">police<\/a> nationale et de la BAC, ont permis une interpellation sans incident \u00bb, a salu\u00e9 le maire de la ville et pr\u00e9sident de la m\u00e9tropole.<\/p>\n<p><a data-i13n=\"cpos:7;pos:1\" href=\"https:\/\/www.20minutes.fr\/faits_divers\/4148548-20250414-nice-individu-potentiellement-arme-retranche-chez-interpelle-raid%22\" rel=\"nofollow noopener\" target=\"_blank\" data-ylk=\"slk:Lire la suite sur 20minutes;cpos:7;pos:1;elm:context_link;itc:0;sec:content-canvas\" class=\"link \">Lire la suite sur 20minutes<\/a><\/p>\n<p>\u00c0 lire aussi :<br \/><a data-i13n=\"cpos:8;pos:1\" href=\"https:\/\/www.20minutes.fr\/justice\/4148025-20250411-vente-alcool-mineurs-faux-taxi-nouvelles-amendes-forfaitaires-vont-pleuvoir\" rel=\"nofollow noopener\" target=\"_blank\" data-ylk=\"slk:Vente d\u2019alcool aux mineurs, faux taxi\u2026 De nouvelles amendes forfaitaires vont pleuvoir;cpos:8;pos:1;elm:context_link;itc:0;sec:content-canvas\" class=\"link \">Vente d\u2019alcool aux mineurs, faux taxi\u2026 De nouvelles amendes forfaitaires vont pleuvoir<\/a><br \/><a data-i13n=\"cpos:9;pos:1\" href=\"https:\/\/www.20minutes.fr\/faits_divers\/4144005-20250317-nice-deux-policiers-municipaux-blesses-course-poursuite-nice\" rel=\"nofollow noopener\" target=\"_blank\" data-ylk=\"slk:Nice : Deux policiers municipaux bless\u00e9s dans une course-poursuite \u00e0 Nice;cpos:9;pos:1;elm:context_link;itc:0;sec:content-canvas\" class=\"link \">Nice : Deux policiers municipaux bless\u00e9s dans une course-poursuite \u00e0 Nice<\/a><\/p>\n","protected":false},"excerpt":{"rendered":"op\u00e9ration d\u00e9licate &#8211; Le maire de Nice, Christian Estrosi, a salu\u00e9 le \u00ab professionnalisme \u00bb des agents des&hellip;\n","protected":false},"author":2,"featured_media":29271,"comment_status":"","ping_status":"","sticky":false,"template":"","format":"standard","meta":{"footnotes":""},"categories":[2819],"tags":[1111,11,2397,1777,674,3160,1011,27,10232,12,2401,2897,10231,882,25],"class_list":{"0":"post-29270","1":"post","2":"type-post","3":"status-publish","4":"format-standard","5":"has-post-thumbnail","7":"category-nice","8":"tag-actu","9":"tag-actualites","10":"tag-christian-estrosi","11":"tag-eu","12":"tag-europe","13":"tag-forces-de-lordre","14":"tag-fr","15":"tag-france","16":"tag-maire-de-nice","17":"tag-news","18":"tag-nice","19":"tag-nice-cote-dazur","20":"tag-professionnalisme","21":"tag-provence-alpes-cote-dazur","22":"tag-republique-francaise"},"share_on_mastodon":{"url":"https:\/\/pubeurope.com\/@fr\/114347814589018700","error":""},"_links":{"self":[{"href":"https:\/\/www.europesays.com\/fr\/wp-json\/wp\/v2\/posts\/29270","targetHints":{"allow":["GET"]}}],"collection":[{"href":"https:\/\/www.europesays.com\/fr\/wp-json\/wp\/v2\/posts"}],"about":[{"href":"https:\/\/www.europesays.com\/fr\/wp-json\/wp\/v2\/types\/post"}],"author":[{"embeddable":true,"href":"https:\/\/www.europesays.com\/fr\/wp-json\/wp\/v2\/users\/2"}],"replies":[{"embeddable":true,"href":"https:\/\/www.europesays.com\/fr\/wp-json\/wp\/v2\/comments?post=29270"}],"version-history":[{"count":0,"href":"https:\/\/www.europesays.com\/fr\/wp-json\/wp\/v2\/posts\/29270\/revisions"}],"wp:featuredmedia":[{"embeddable":true,"href":"https:\/\/www.europesays.com\/fr\/wp-json\/wp\/v2\/media\/29271"}],"wp:attachment":[{"href":"https:\/\/www.europesays.com\/fr\/wp-json\/wp\/v2\/media?parent=29270"}],"wp:term":[{"taxonomy":"category","embeddable":true,"href":"https:\/\/www.europesays.com\/fr\/wp-json\/wp\/v2\/categories?post=29270"},{"taxonomy":"post_tag","embeddable":true,"href":"https:\/\/www.europesays.com\/fr\/wp-json\/wp\/v2\/tags?post=29270"}],"curies":[{"name":"wp","href":"https:\/\/api.w.org\/{rel}","templated":true}]}}