{"id":292703,"date":"2025-08-03T03:14:12","date_gmt":"2025-08-03T03:14:12","guid":{"rendered":"https:\/\/www.europesays.com\/fr\/292703\/"},"modified":"2025-08-03T03:14:12","modified_gmt":"2025-08-03T03:14:12","slug":"balaton-park-un-circuit-trop-dangereux-le-debat-est-lance","status":"publish","type":"post","link":"https:\/\/www.europesays.com\/fr\/292703\/","title":{"rendered":"Balaton Park, un circuit trop dangereux ? Le d\u00e9bat est lanc\u00e9"},"content":{"rendered":"<p>Initialement, plusieurs zones posaient de s\u00e9rieux probl\u00e8mes de s\u00e9curit\u00e9. Les murs \u00e9taient jug\u00e9s trop proches de la piste, rendant toute erreur potentiellement dangereuse. Des ajustements ont \u00e9t\u00e9 effectu\u00e9s conform\u00e9ment aux standards de la FIM, mais le scepticisme reste palpable.<\/p>\n<p>\u201cDans de nombreux endroits, les murs \u00e9taient trop proches et ont \u00e9t\u00e9 ajust\u00e9s selon les sp\u00e9cifications de la FIM. Maintenant, tout d\u00e9pend de l&rsquo;investissement des op\u00e9rateurs de voie pour les am\u00e9liorer. Les chicanes sont en effet trop lentes pour les gros v\u00e9los, mais en fin de compte, nous avons besoin de tous les types de pistes sur le calendrier. C&rsquo;est bien que nous ayons des pistes tr\u00e8s rapides, mais aussi des pistes tr\u00e8s lentes. L&rsquo;important est qu&rsquo;ils soient en s\u00e9curit\u00e9. L&rsquo;\u00e9tat de la route avant la premi\u00e8re modification aurait \u00e9t\u00e9 impossible \u00e0 g\u00e9rer\u201d Explique Alvaro Bautista, source : <a href=\"http:\/\/paddock-gp.com\" rel=\"nofollow noopener\" target=\"_blank\">paddock-gp.com<\/a>\u00a0<\/p>\n<p><b>Petrucci calme le jeu<\/b><\/p>\n<p>Mais tous ne partagent pas cet avis. Danilo Petrucci, ancien vainqueur en MotoGP, apporte un \u00e9clairage diff\u00e9rent. Pour lui, le danger vient moins du trac\u00e9 que du comportement des pilotes.<\/p>\n<p>\u201cPour moi, ce n&rsquo;est pas un circuit dangereux. Le probl\u00e8me est qu&rsquo;il y a des conducteurs dangereux. C&rsquo;est vrai, les premiers coins sont serr\u00e9s. Mais pensez \u00e0 Monza ou \u00e0 Most ; c&rsquo;est la nature m\u00eame de ces circuits. Apr\u00e8s le d\u00e9part, vous arrivez au premier virage en deuxi\u00e8me vitesse, \u00e0 Most en quatri\u00e8me et \u00e0 Monza presque en sixi\u00e8me. Sur de nombreux circuits, vous arrivez au premier virage \u00e0 tr\u00e8s grande vitesse. C&rsquo;est un fait que le premier virage est serr\u00e9, mais c&rsquo;est le cas sur de nombreux circuits. Regardez Buriram ou Mandalika, ce ne sont pas des circuits si diff\u00e9rents.\u201d Explique Danilo Petrucci, source : <a href=\"http:\/\/paddock-gp.com\" rel=\"nofollow noopener\" target=\"_blank\">paddock-gp.com<\/a>\u00a0<\/p>\n<p>Avec des points de vue divergents et un circuit encore en rodage, le doute persiste. Balaton Park r\u00e9ussira-t-il \u00e0 convaincre les sceptiques ? La r\u00e9ponse viendra des pilotes et du chronom\u00e8tre ! Le MotoGP s\u2019appr\u00eate \u00e0 d\u00e9couvrir un terrain inconnu, et chaque virage comptera.<\/p>\n<p>    Partagez cette info avec vos amis et vos proches en cliquant ici  <\/p>\n<p> Podcasts \u00e0 la une MEN LIFE <\/p>\n<p>    MotoGP : Balaton Park, un trac\u00e9 controvers\u00e9 avant m\u00eame le premier tour de roue\u2028<\/p>\n<p>Avant son arriv\u00e9e en MotoGP, le circuit du Balaton Park divise d\u00e9j\u00e0. Trac\u00e9 lent, murs proches, virages serr\u00e9s\u2026 Le paddock oscille entre inqui\u00e9tude pour la s\u00e9curit\u00e9 et curiosit\u00e9 pour ce nouveau d\u00e9fi avant que les pilotes MotoGP arrivent.<\/p>\n<p>R\u00e9dacteur<\/p>\n<p><img decoding=\"async\" width=\"76\" height=\"76\" loading=\"lazy\" src=\"https:\/\/www.europesays.com\/fr\/wp-content\/uploads\/2025\/04\/avatar-sport-am.png\" alt=\"Victor Teyssier\"\/><\/p>\n","protected":false},"excerpt":{"rendered":"Initialement, plusieurs zones posaient de s\u00e9rieux probl\u00e8mes de s\u00e9curit\u00e9. Les murs \u00e9taient jug\u00e9s trop proches de la piste,&hellip;\n","protected":false},"author":2,"featured_media":292704,"comment_status":"","ping_status":"","sticky":false,"template":"","format":"standard","meta":{"footnotes":""},"categories":[1413],"tags":[1011,27,1457,1456,60],"class_list":{"0":"post-292703","1":"post","2":"type-post","3":"status-publish","4":"format-standard","5":"has-post-thumbnail","7":"category-moto","8":"tag-fr","9":"tag-france","10":"tag-moto","11":"tag-motocycle","12":"tag-sports"},"share_on_mastodon":{"url":"https:\/\/pubeurope.com\/@fr\/114962659004634323","error":""},"_links":{"self":[{"href":"https:\/\/www.europesays.com\/fr\/wp-json\/wp\/v2\/posts\/292703","targetHints":{"allow":["GET"]}}],"collection":[{"href":"https:\/\/www.europesays.com\/fr\/wp-json\/wp\/v2\/posts"}],"about":[{"href":"https:\/\/www.europesays.com\/fr\/wp-json\/wp\/v2\/types\/post"}],"author":[{"embeddable":true,"href":"https:\/\/www.europesays.com\/fr\/wp-json\/wp\/v2\/users\/2"}],"replies":[{"embeddable":true,"href":"https:\/\/www.europesays.com\/fr\/wp-json\/wp\/v2\/comments?post=292703"}],"version-history":[{"count":0,"href":"https:\/\/www.europesays.com\/fr\/wp-json\/wp\/v2\/posts\/292703\/revisions"}],"wp:featuredmedia":[{"embeddable":true,"href":"https:\/\/www.europesays.com\/fr\/wp-json\/wp\/v2\/media\/292704"}],"wp:attachment":[{"href":"https:\/\/www.europesays.com\/fr\/wp-json\/wp\/v2\/media?parent=292703"}],"wp:term":[{"taxonomy":"category","embeddable":true,"href":"https:\/\/www.europesays.com\/fr\/wp-json\/wp\/v2\/categories?post=292703"},{"taxonomy":"post_tag","embeddable":true,"href":"https:\/\/www.europesays.com\/fr\/wp-json\/wp\/v2\/tags?post=292703"}],"curies":[{"name":"wp","href":"https:\/\/api.w.org\/{rel}","templated":true}]}}