{"id":292711,"date":"2025-08-03T03:18:10","date_gmt":"2025-08-03T03:18:10","guid":{"rendered":"https:\/\/www.europesays.com\/fr\/292711\/"},"modified":"2025-08-03T03:18:10","modified_gmt":"2025-08-03T03:18:10","slug":"un-monde-de-salauds-de-crabes-de-requins-christophe-beaugrand-dit-tout-sur-lunivers-de-la-tele","status":"publish","type":"post","link":"https:\/\/www.europesays.com\/fr\/292711\/","title":{"rendered":"\u00ab\u00a0Un monde de salauds, de crabes, de requins\u00a0\u00bb : Christophe Beaugrand dit tout sur l\u2019univers de la t\u00e9l\u00e9"},"content":{"rendered":"<p>Depuis maintenant 25 longues ann\u00e9es. <a href=\"https:\/\/www.closermag.fr\/people\/tres-jolies-boules-christophe-beaugrand-derape-en-direct-la-discussion-prend-un-tour-imprevu-3568283\" target=\"_blank\" rel=\"noopener\"><br \/>\nChristophe Beaugrand<\/a> exerce ses talents de pr\u00e9sentateur sur le<br \/>\npetit \u00e9cran. Mais aussi \u00e0 la radio. Aujourd\u00a0\u00bbhui, l&rsquo;animateur est<br \/>\ndevenu <strong>l&rsquo;un des visages embl\u00e9matiques du paysage<br \/>\naudiovisuel fran\u00e7ais.<\/strong> Et plus particuli\u00e8rement de TF1.<br \/>\nDepuis le d\u00e9but de l&rsquo;\u00e9t\u00e9. Il remplace notamment Bruce Toussaint \u00e0<br \/>\nla t\u00eate de la matinale de la premi\u00e8re cha\u00eene.<\/p>\n<p>Christophe Beaugrand pr\u00e9sente aussi Ninja Warrior avec <a href=\"https:\/\/www.closermag.fr\/people\/vous-aussi-vous-avez-choppe-face-a-lea-salame-denis-brogniart-somme-dexpliquer-sa-rencontre-avec-sa-femme-3550418\" target=\"_blank\" rel=\"noopener\"><br \/>\nDenis Brogniart<\/a> et <a href=\"https:\/\/www.telestar.fr\/people\/anais-grangerac-est-elle-en-couple-1728141\" target=\"_blank\" rel=\"noopener\"><br \/>\nAnais Grangerac<\/a>. <strong>Ainsi que la nouvelle saison de Secret<br \/>\nStory sur TFX<\/strong>. R\u00e9cemment, l&rsquo;animateur a particip\u00e9 au<br \/>\npodcast baptis\u00e9 Un \u00c9clair de Gu\u00e9ny. Pr\u00e9sent\u00e9 par l&rsquo;ancien<br \/>\nchroniqueur de Touche pas \u00e0 mon poste <a href=\"https:\/\/www.closermag.fr\/tv-tele-realite\/tpmp\/maxime-gueny-en-couple-le-chroniqueur-est-il-pret-pour-le-mariage-1119713\" target=\"_blank\" rel=\"noopener\"><br \/>\nMaxime Gu\u00e9ny<\/a>. Durant ce programme, il s&rsquo;est confi\u00e9 sur les<br \/>\ncoulisses du milieu de l&rsquo;audiovisuel.<\/p>\n<p>Christophe Beaugrand : \u00ab\u00a0Denis Brogniart, c&rsquo;est devenu vraiment<br \/>\nun pote que je vois souvent\u00a0\u00bb<\/p>\n<p>\u00ab\u00a0<strong>Il y a beaucoup de gens bien dans ce<br \/>\nm\u00e9tier<\/strong>, il ne faut pas croire. Il y a beaucoup d&rsquo;\u00e9missions<br \/>\nqui disent que les gens se d\u00e9testent\u00a0\u00bb, a premi\u00e8rement indiqu\u00e9<br \/>\nChristophe Beaugrand.\u00a0\u00ab\u00a0J&rsquo;imagine que tu es rest\u00e9 proche<br \/>\navec certains de tes coll\u00e8gues. Donc l&rsquo;amiti\u00e9, elle est possible<br \/>\ndans la t\u00e9l\u00e9vision\u00a0\u00bb, a ensuite r\u00e9pliqu\u00e9 Maxime Gu\u00e9ny.<\/p>\n<p>\u00ab\u00a0Ah oui, <strong>j&rsquo;ai rencontr\u00e9 plein de gens<br \/>\nformidables.<\/strong> Moi, Denis Brogniart, c&rsquo;est devenu vraiment<br \/>\nun pote que je vois souvent.\u00a0 Beaucoup de gens des Grosses<br \/>\nT\u00eates (\u00e9mission quotidienne diffus\u00e9e sur RTL, ndlr). On est<br \/>\nvraiment une bande de copains\u00a0\u00bb, a notamment r\u00e9v\u00e9l\u00e9 Christophe<br \/>\nBeaugrand. \u00ab\u00a0Est-ce que tu as eu un mentor ?\u00a0\u00bb, a \u00e9galement<br \/>\nvoulu savoir l&rsquo;ancien acolyte de Cyril Hanouna.<\/p>\n<blockquote class=\"twitter-tweet\"><p><a class=\"twitter-link\" rel=\"noindex, nofollow noopener\" href=\"https:\/\/twitter.com\/MaximeGueny\/status\/1951588124817047813\" target=\"_blank\"><\/p><\/blockquote>\n<p>L&rsquo;animateur de TF1 encense Laurent<br \/>\nRuquier : \u00ab\u00a0Il est d&rsquo;une g\u00e9n\u00e9rosit\u00e9 incroyable\u00a0\u00bb<\/p>\n<p>\u00ab\u00a0Pas vraiment, j&rsquo;ai rencontr\u00e9 beaucoup de gens dont je me<br \/>\nsuis inspir\u00e9. Je pense que la personne qui m&rsquo;inspire le plus. Dont<br \/>\nj&rsquo;ai le plus appris. Et dont j&rsquo;apprends toujours, c&rsquo;est <a href=\"https:\/\/www.closermag.fr\/people\/laurent-ruquier-celibataire-je-naime-pas-me-il-se-livre-sur-la-chirurgie-esthetique-3567588\" target=\"_blank\" rel=\"noopener\"><br \/>\nLaurent Ruquier<\/a>. Parce qu&rsquo;avoir la chance de travailler avec un<br \/>\nmec comme Laurent Ruquier, d\u00e9j\u00e0&#8230; Il est d&rsquo;une g\u00e9n\u00e9rosit\u00e9<br \/>\nincroyable. Je pense que tout le monde le sait. <strong>Tous les<br \/>\ngens qui font partie de sa bande le disent<\/strong>\u00ab\u00a0,<br \/>\na ainsi soulign\u00e9 Christophe Beaugrand.<\/p>\n<p>\u00ab\u00a0C&rsquo;est un m\u00e9tier de passion et de passionn\u00e9. Et du coup, tu<br \/>\nrencontres plein de gens qui partagent quand m\u00eame des valeurs.<br \/>\nDonc, c&rsquo;est beaucoup moins un monde de salauds et de crabes, de<br \/>\nrequins qu&rsquo;on veut bien le dire\u00a0\u00bb, a ensuite conclu<br \/>\nl&rsquo;animateur. Christophe Beaugrand a par ailleurs pr\u00e9cis\u00e9 que Nikos<br \/>\nAliagas est pour lui \u00ab\u00a0<strong>une sorte de<br \/>\nparrain<\/strong>\u00ab\u00a0.<\/p>\n<p><script async src=\"https:\/\/platform.twitter.com\/widgets.js\" charset=\"utf-8\"><\/script><\/p>\n","protected":false},"excerpt":{"rendered":"Depuis maintenant 25 longues ann\u00e9es. Christophe Beaugrand exerce ses talents de pr\u00e9sentateur sur le petit \u00e9cran. Mais aussi&hellip;\n","protected":false},"author":2,"featured_media":292712,"comment_status":"","ping_status":"","sticky":false,"template":"","format":"standard","meta":{"footnotes":""},"categories":[1359],"tags":[548,5410,58,59,1011,27,973],"class_list":{"0":"post-292711","1":"post","2":"type-post","3":"status-publish","4":"format-standard","5":"has-post-thumbnail","7":"category-people","8":"tag-article-simple","9":"tag-christophe-beaugrand","10":"tag-divertissement","11":"tag-entertainment","12":"tag-fr","13":"tag-france","14":"tag-people"},"share_on_mastodon":{"url":"https:\/\/pubeurope.com\/@fr\/114962674686687018","error":""},"_links":{"self":[{"href":"https:\/\/www.europesays.com\/fr\/wp-json\/wp\/v2\/posts\/292711","targetHints":{"allow":["GET"]}}],"collection":[{"href":"https:\/\/www.europesays.com\/fr\/wp-json\/wp\/v2\/posts"}],"about":[{"href":"https:\/\/www.europesays.com\/fr\/wp-json\/wp\/v2\/types\/post"}],"author":[{"embeddable":true,"href":"https:\/\/www.europesays.com\/fr\/wp-json\/wp\/v2\/users\/2"}],"replies":[{"embeddable":true,"href":"https:\/\/www.europesays.com\/fr\/wp-json\/wp\/v2\/comments?post=292711"}],"version-history":[{"count":0,"href":"https:\/\/www.europesays.com\/fr\/wp-json\/wp\/v2\/posts\/292711\/revisions"}],"wp:featuredmedia":[{"embeddable":true,"href":"https:\/\/www.europesays.com\/fr\/wp-json\/wp\/v2\/media\/292712"}],"wp:attachment":[{"href":"https:\/\/www.europesays.com\/fr\/wp-json\/wp\/v2\/media?parent=292711"}],"wp:term":[{"taxonomy":"category","embeddable":true,"href":"https:\/\/www.europesays.com\/fr\/wp-json\/wp\/v2\/categories?post=292711"},{"taxonomy":"post_tag","embeddable":true,"href":"https:\/\/www.europesays.com\/fr\/wp-json\/wp\/v2\/tags?post=292711"}],"curies":[{"name":"wp","href":"https:\/\/api.w.org\/{rel}","templated":true}]}}