{"id":292713,"date":"2025-08-03T03:20:19","date_gmt":"2025-08-03T03:20:19","guid":{"rendered":"https:\/\/www.europesays.com\/fr\/292713\/"},"modified":"2025-08-03T03:20:19","modified_gmt":"2025-08-03T03:20:19","slug":"cette-automobiliste-retrouve-sa-voiture-recouverte-de-pages-de-livres","status":"publish","type":"post","link":"https:\/\/www.europesays.com\/fr\/292713\/","title":{"rendered":"Cette automobiliste retrouve sa voiture recouverte de pages de livres"},"content":{"rendered":"<p>Quatre fois en deux ans. C\u2019est le nombre d\u2019occasions o\u00f9 Patricia, habitante de Montignac-Lascaux, a d\u00e9couvert sa voiture recouverte de pages de livres.<\/p>\n<p><b>Une Clio prise pour cible \u00e0 plusieurs reprises<\/b><\/p>\n<p class=\"p1\">Coll\u00e9es sur les vitres, gliss\u00e9es dans les jantes, parfois jusque dans la trappe \u00e0 essence, les feuilles d\u00e9chir\u00e9es transforment syst\u00e9matiquement sa Renault Clio dor\u00e9e en objet d\u2019exposition involontaire.<\/p>\n<p class=\"p1\">Loin de s\u2019emporter, Patricia cherche \u00e0 comprendre. Artiste de profession, elle pense que ces actes pourraient s\u2019apparenter \u00e0 une forme de demande de collaboration. Pour l\u2019instant, elle n\u2019a trouv\u00e9 aucun indice dans les extraits coll\u00e9s, malgr\u00e9 ses tentatives pour identifier les ouvrages d\u2019origine. Un appel a \u00e9t\u00e9 lanc\u00e9 pour retrouver l\u2019auteur de ces myst\u00e9rieux collages, rest\u00e9 jusqu\u2019ici silencieux.<\/p>\n<p><b>Un message anonyme, une d\u00e9marche artistique ?<\/b><\/p>\n<p class=\"p1\">Dans son quartier, les voisins ont \u00e9t\u00e9 inform\u00e9s de la situation. Patricia esp\u00e8re qu\u2019un t\u00e9moin pourra l\u2019aider \u00e0 mettre un visage sur ce geste r\u00e9p\u00e9t\u00e9. En attendant, elle choisit de prendre les choses avec philosophie et curiosit\u00e9. \u00c0 d\u00e9faut d\u2019explication, elle pr\u00e9f\u00e8re voir dans cette action une forme d\u2019expression po\u00e9tique ou un clin d\u2019\u0153il artistique.<\/p>\n<p class=\"p1\">Plut\u00f4t que de porter plainte, elle a m\u00eame laiss\u00e9 un mot sur sa voiture, dans l\u2019espoir d\u2019un dialogue.<\/p>\n<p>   Partagez cette info avec vos amis et vos proches en cliquant ici  <\/p>\n<p> Podcasts \u00e0 la une MEN LIFE <\/p>\n<p>    Cette automobiliste retrouve sa voiture recouverte de pages de livres<\/p>\n<p>\u00c0 Montignac-Lascaux, en Dordogne, une artiste voit r\u00e9guli\u00e8rement sa voiture transform\u00e9e en support litt\u00e9raire par un inconnu. Une situation insolite, qui intrigue autant qu\u2019elle questionne.<\/p>\n<p>R\u00e9dacteur<\/p>\n<p><img decoding=\"async\" width=\"76\" height=\"76\" loading=\"lazy\" src=\"https:\/\/www.europesays.com\/fr\/wp-content\/uploads\/2025\/04\/avatar-automoto.webp.webp\" alt=\"Mathis Poirot\"\/><\/p>\n","protected":false},"excerpt":{"rendered":"Quatre fois en deux ans. C\u2019est le nombre d\u2019occasions o\u00f9 Patricia, habitante de Montignac-Lascaux, a d\u00e9couvert sa voiture&hellip;\n","protected":false},"author":2,"featured_media":292714,"comment_status":"","ping_status":"","sticky":false,"template":"","format":"standard","meta":{"footnotes":""},"categories":[1357],"tags":[1379,58,59,1011,27,1380],"class_list":{"0":"post-292713","1":"post","2":"type-post","3":"status-publish","4":"format-standard","5":"has-post-thumbnail","7":"category-livres","8":"tag-books","9":"tag-divertissement","10":"tag-entertainment","11":"tag-fr","12":"tag-france","13":"tag-livres"},"share_on_mastodon":{"url":"https:\/\/pubeurope.com\/@fr\/114962682824507391","error":""},"_links":{"self":[{"href":"https:\/\/www.europesays.com\/fr\/wp-json\/wp\/v2\/posts\/292713","targetHints":{"allow":["GET"]}}],"collection":[{"href":"https:\/\/www.europesays.com\/fr\/wp-json\/wp\/v2\/posts"}],"about":[{"href":"https:\/\/www.europesays.com\/fr\/wp-json\/wp\/v2\/types\/post"}],"author":[{"embeddable":true,"href":"https:\/\/www.europesays.com\/fr\/wp-json\/wp\/v2\/users\/2"}],"replies":[{"embeddable":true,"href":"https:\/\/www.europesays.com\/fr\/wp-json\/wp\/v2\/comments?post=292713"}],"version-history":[{"count":0,"href":"https:\/\/www.europesays.com\/fr\/wp-json\/wp\/v2\/posts\/292713\/revisions"}],"wp:featuredmedia":[{"embeddable":true,"href":"https:\/\/www.europesays.com\/fr\/wp-json\/wp\/v2\/media\/292714"}],"wp:attachment":[{"href":"https:\/\/www.europesays.com\/fr\/wp-json\/wp\/v2\/media?parent=292713"}],"wp:term":[{"taxonomy":"category","embeddable":true,"href":"https:\/\/www.europesays.com\/fr\/wp-json\/wp\/v2\/categories?post=292713"},{"taxonomy":"post_tag","embeddable":true,"href":"https:\/\/www.europesays.com\/fr\/wp-json\/wp\/v2\/tags?post=292713"}],"curies":[{"name":"wp","href":"https:\/\/api.w.org\/{rel}","templated":true}]}}