{"id":292715,"date":"2025-08-03T03:21:16","date_gmt":"2025-08-03T03:21:16","guid":{"rendered":"https:\/\/www.europesays.com\/fr\/292715\/"},"modified":"2025-08-03T03:21:16","modified_gmt":"2025-08-03T03:21:16","slug":"flavie-flament-et-julien-arnaud-ecartes-de-telematin-la-rentree-sur-france-2-sentoure-detranges-mysteres","status":"publish","type":"post","link":"https:\/\/www.europesays.com\/fr\/292715\/","title":{"rendered":"Flavie Flament et Julien Arnaud \u00e9cart\u00e9s de T\u00e9l\u00e9matin : la rentr\u00e9e sur France 2 s\u2019entoure d\u2019\u00e9tranges \u00ab\u00a0myst\u00e8res\u00a0\u00bb"},"content":{"rendered":"<p>Samedi 2 ao\u00fbt 2025, France 2 diffusait une nouvelle \u00e9dition de<br \/>\nT\u00e9l\u00e9matin. Ce jour-l\u00e0, la matinale de la cha\u00eene publique \u00e9tait<br \/>\npr\u00e9sent\u00e9 par les journalistes Adrien Rohard et <a href=\"https:\/\/www.closermag.fr\/people\/laurie-delhostal-atteinte-d-un-cancer-pas-envie-de-le-remede-de-la-journaliste-pour-garder-le-sourire-1707699\" rel=\"nofollow noopener\" target=\"_blank\"><br \/>\nLaurie Delhostal<\/a>. Au moment de prendre l&rsquo;antenne apr\u00e8s une<br \/>\ncoupure publicitaire. L&rsquo;ancien chroniqueur de <a href=\"https:\/\/www.closermag.fr\/tv_tele_realite\/detruit-jean-marc-morandini-condamne-mais-son-avenir-sur-cnews-est-au-beau-fixe-3567378\" rel=\"nofollow noopener\" target=\"_blank\"><br \/>\nJean-Marc Morandini<\/a> sur NRJ12 a <strong>l\u00e2ch\u00e9 une petite phrase<br \/>\nconcernant l&rsquo;avenir de l&rsquo;\u00e9mission<\/strong>.<\/p>\n<p>\u00ab\u00a0Vous demandez peut-\u00eatre pourquoi ce n&rsquo;est pas notre d\u00e9cor<br \/>\nhabituel ? C&rsquo;est un myst\u00e8re. Et que peut-\u00eatre qu&rsquo;on vous pr\u00e9pare<br \/>\ndes petites surprises pour la rentr\u00e9e. <strong>Mais pour l&rsquo;instant<br \/>\nje ne vous en dis pas plus<\/strong>\u00ab\u00a0, a ainsi lanc\u00e9 le<br \/>\npr\u00e9sentateur de T\u00e9l\u00e9matin. \u00ab\u00a0Le teasing, vous \u00eates un peu dans<br \/>\nla confidence\u00a0\u00bb, a ensuite ajout\u00e9 son acolyte du jour. Avant de<br \/>\nreprendre le fil du programme.<\/p>\n<p>T\u00e9l\u00e9matin : plusieurs surprises de pr\u00e9vues \u00e0 la rentr\u00e9e par<br \/>\nFrance 2 ?<\/p>\n<p>Pour rappel, <strong>T\u00e9l\u00e9matin a connu de nombreux<br \/>\nchangements<\/strong> depuis le lancement de sa nouvelle formule en<br \/>\n2021. Cette ann\u00e9e-l\u00e0, Laurent Bignolas, qui avait pris la<br \/>\nsuccession de <a href=\"https:\/\/www.closermag.fr\/people\/sophie-davant-et-william-leymergie-le-couple-pret-a-remettre-le-couvert-3556137\" rel=\"nofollow noopener\" target=\"_blank\"><br \/>\nWilliam Leymergie<\/a> quatre ans plus t\u00f4t, a c\u00e9d\u00e9 sa place aux<br \/>\ncommandes du programme. Il fut ainsi remplac\u00e9 par deux duo<br \/>\nanimateurs. Qui se partagent la pr\u00e9sentation de l&rsquo;\u00e9mission du lundi<br \/>\nau dimanche.<\/p>\n<p>Au d\u00e9part, <a href=\"https:\/\/www.closermag.fr\/people\/thomas-sotto-de-quel-handicap-souffre-le-journaliste-1098932\" rel=\"nofollow noopener\" target=\"_blank\"><br \/>\nThomas Sotto<\/a> et Julia Vignali incarnaient T\u00e9l\u00e9matin du lundi au<br \/>\njeudi. Tandis que <a href=\"https:\/\/www.closermag.fr\/people\/maya-lauque-maman-solo-qui-est-le-pere-de-ses-deux-enfants-3560317\" rel=\"nofollow noopener\" target=\"_blank\"><br \/>\nMaya Lauqu\u00e9<\/a> et Damien Th\u00e9venot prenaient le relais du vendredi<br \/>\nau dimanche. Apr\u00e8s seulement deux saisons, <strong>Julia Vignali<br \/>\nest partie pour succ\u00e9der \u00e0 Sophie Davant<\/strong> aux commandes de<br \/>\nl&rsquo;\u00e9mission Affaire conclue sur France 2. Elle fut ainsi remplac\u00e9e<br \/>\npar une nouvelle recrue en provenance de M6 : Marie Portolano.<\/p>\n<p>Julien Arnaud et Flavie Flament vont<br \/>\nc\u00e9der leurs places Maya Lauqu\u00e9 et Damien Th\u00e9venot la saison<br \/>\nprochaine<\/p>\n<p>Cette derni\u00e8re a finalement jet\u00e9 l&rsquo;\u00e9ponge au bout d&rsquo;une seule<br \/>\nsaison. \u00c0 la rentr\u00e9e, <strong>elle reprendra la pr\u00e9sentation des<br \/>\nMaternelles sur France 4<\/strong>. De son c\u00f4t\u00e9, Thomas Sotto a<br \/>\nquitt\u00e9 T\u00e9l\u00e9matin apr\u00e8s trois ans de bons et loyaux services pour<br \/>\nremplacer Yves Calvi aux commandes de la matinale de RTL. Les deux<br \/>\nanimateurs ont ainsi laiss\u00e9 leurs places \u00e0 Julien Arnaud. Recrut\u00e9<br \/>\nen provenance de TF1. Et Flavie Flament, d\u00e9bauch\u00e9e de RTL.<\/p>\n<p>Cependant, les mauvaises audiences de T\u00e9l\u00e9matin cette saison ont<br \/>\ncontraint la direction de France T\u00e9l\u00e9visions \u00e0 revoir sa copie.<br \/>\nAinsi, Julien Arnaud et Flavie Flament seront remplac\u00e9s par Maya<br \/>\nLauqu\u00e9 et Damien Th\u00e9venot \u00e0 la rentr\u00e9e. <strong>Le duo du week-end<br \/>\npassera donc en semaine<\/strong>. Tandis que M\u00e9lanie Taravant et<br \/>\nSamuel Ollivier leur succ\u00e8deront du vendredi au dimanche. De son<br \/>\nc\u00f4t\u00e9, Flavie Flament h\u00e9ritera une nouvelle \u00e9mission quotidienne sur<br \/>\nFrance 3. Alors que Julien Arnaud a d\u00e9cid\u00e9 de rejoindre BFMTV.<\/p>\n","protected":false},"excerpt":{"rendered":"Samedi 2 ao\u00fbt 2025, France 2 diffusait une nouvelle \u00e9dition de T\u00e9l\u00e9matin. Ce jour-l\u00e0, la matinale de la&hellip;\n","protected":false},"author":2,"featured_media":292716,"comment_status":"","ping_status":"","sticky":false,"template":"","format":"standard","meta":{"footnotes":""},"categories":[1356],"tags":[548,58,59,1011,27,12959,252,1364],"class_list":{"0":"post-292715","1":"post","2":"type-post","3":"status-publish","4":"format-standard","5":"has-post-thumbnail","7":"category-television","8":"tag-article-simple","9":"tag-divertissement","10":"tag-entertainment","11":"tag-fr","12":"tag-france","13":"tag-telematin","14":"tag-television","15":"tag-tv"},"share_on_mastodon":{"url":"https:\/\/pubeurope.com\/@fr\/114962686529687402","error":""},"_links":{"self":[{"href":"https:\/\/www.europesays.com\/fr\/wp-json\/wp\/v2\/posts\/292715","targetHints":{"allow":["GET"]}}],"collection":[{"href":"https:\/\/www.europesays.com\/fr\/wp-json\/wp\/v2\/posts"}],"about":[{"href":"https:\/\/www.europesays.com\/fr\/wp-json\/wp\/v2\/types\/post"}],"author":[{"embeddable":true,"href":"https:\/\/www.europesays.com\/fr\/wp-json\/wp\/v2\/users\/2"}],"replies":[{"embeddable":true,"href":"https:\/\/www.europesays.com\/fr\/wp-json\/wp\/v2\/comments?post=292715"}],"version-history":[{"count":0,"href":"https:\/\/www.europesays.com\/fr\/wp-json\/wp\/v2\/posts\/292715\/revisions"}],"wp:featuredmedia":[{"embeddable":true,"href":"https:\/\/www.europesays.com\/fr\/wp-json\/wp\/v2\/media\/292716"}],"wp:attachment":[{"href":"https:\/\/www.europesays.com\/fr\/wp-json\/wp\/v2\/media?parent=292715"}],"wp:term":[{"taxonomy":"category","embeddable":true,"href":"https:\/\/www.europesays.com\/fr\/wp-json\/wp\/v2\/categories?post=292715"},{"taxonomy":"post_tag","embeddable":true,"href":"https:\/\/www.europesays.com\/fr\/wp-json\/wp\/v2\/tags?post=292715"}],"curies":[{"name":"wp","href":"https:\/\/api.w.org\/{rel}","templated":true}]}}