{"id":292717,"date":"2025-08-03T03:22:29","date_gmt":"2025-08-03T03:22:29","guid":{"rendered":"https:\/\/www.europesays.com\/fr\/292717\/"},"modified":"2025-08-03T03:22:29","modified_gmt":"2025-08-03T03:22:29","slug":"que-deviennent-milo-et-alice-les-deux-enfants-de-krisztina-rady-et-bertrand-cantat","status":"publish","type":"post","link":"https:\/\/www.europesays.com\/fr\/292717\/","title":{"rendered":"Que deviennent Milo et Alice, les deux enfants de Krisztina R\u00e1dy et Bertrand Cantat ?"},"content":{"rendered":"<p>Depuis la sortie du documentaire De rockstar \u00e0 tueur\u00a0: le cas Cantat sur Netflix, les projecteurs se braquent sur les deux enfants de Krisztina R\u00e1dy et Bertrand Cantat. Leur m\u00e8re s\u2019est suicid\u00e9e en 2010 dans des circonstances toujours entour\u00e9es de zones d\u2019ombre. Le parquet de Bordeaux a rouvert l\u2019enqu\u00eate.<\/p>\n<p class=\"fig-paragraph\">Ils ont travers\u00e9 l\u2019innommable et tentent sans doute aujourd\u2019hui, tant bien que mal, de poursuivre leur vie. Depuis la sortie sur Netflix du documentaire De rock star \u00e0 tueur\u00a0: le cas Cantat, la lumi\u00e8re se d\u00e9place vers les deux enfants que le chanteur a eus avec Krisztina R\u00e1dy. Pour rappel, Bertrand Cantat a \u00e9t\u00e9 condamn\u00e9 en 2004 \u00e0 huit ans de prison pour le meurtre de l\u2019actrice\u00a0<a href=\"http:\/\/madame.lefigaro.fr\/celebrites\/actu-people\/qui-sont-les-4-fils-de-marie-trintignant-20250418\" data-fig-type=\"Article\" data-gtm-custom-categorie=\"navigation\" data-gtm-custom-action=\"crossclick\" data-gtm-custom-label=\"Contextuel\" data-gtm-event=\"customEventSPE\" data-fig-domain=\"MADAME\" rel=\"nofollow noopener\" target=\"_blank\">Marie Trintignant<\/a>\u00a0\u00e0 Vilnius. Lib\u00e9r\u00e9 en 2007 apr\u00e8s quatre ans derri\u00e8re les barreaux, il avait alors retrouv\u00e9 sa premi\u00e8re \u00e9pouse, m\u00e8re de ses deux enfants, qui \u00e9tait \u00e0 ses c\u00f4t\u00e9s tout au long de son proc\u00e8s.<\/p>\n<p class=\"fig-paragraph\">Car Krisztina R\u00e1dy a toujours \u00e9t\u00e9 l\u00e0 pour lui. \u00c0 sa lib\u00e9ration, en 2007, elle l\u2019accueille sous son toit \u00e0 Bordeaux. Mais la cohabitation tourne vite au cauchemar. En janvier 2010, \u00e0 39 ans, elle se pend dans son appartement bordelais ; l\u2019ex-leader de Noir D\u00e9sir est l\u00e0 au moment du drame, mais n\u2019entend rien, assomm\u00e9 par les somnif\u00e8res selon sa d\u00e9position. \u00c0 l\u2019\u00e9poque, sa mort est rapidement class\u00e9e. Mais la diffusion du documentaire et les zones d\u2019ombre qui persistent ont conduit le parquet de Bordeaux \u00e0 rouvrir l\u2019enqu\u00eate. Parmi les questions qui se reviennent, celles-ci\u00a0: Krisztina aurait-elle vraiment pu abandonner ses enfants\u00a0? A-t-elle \u00e9t\u00e9 pouss\u00e9e au suicide\u00a0? Car derri\u00e8re cette affaire, il reste surtout Milo et Alice, aujourd\u2019hui \u00e2g\u00e9s de 27 et 22 ans, devenus adultes bien trop vite.<\/p>\n<p class=\"fig-body-link&#10;    \">\n            \u00c0 lire aussi<br \/>\n        <a class=\"fig-body-link__link\" href=\"https:\/\/madame.lefigaro.fr\/societe\/ce-que-laffaire-cantat-nous-apprend-sur-les-feminicides-enquete-exclusive-m6-marie-trintignant-241119-168082\" data-fig-type=\"Article\" data-gtm-custom-categorie=\"navigation\" data-gtm-custom-action=\"crossclick\" data-gtm-custom-label=\"Contextuel\" data-gtm-event=\"customEventSPE\" data-fig-domain=\"MADAME\" rel=\"nofollow noopener\" target=\"_blank\">Ce que \u00abl&rsquo;affaire Cantat\u00bb nous apprend sur les f\u00e9minicides<\/a>\n<\/p>\n<p>                                    <a class=\"fig-a11y-skip a11y-hidden\" href=\"#fig-a11y-skip-main-inarticle\"><br \/>\n        Passer la publicit\u00e9<br \/>\n    <\/a><\/p>\n<p>La d\u00e9couverte du suicide<\/p>\n<p class=\"fig-paragraph\">En 2010, c\u2019est d\u2019ailleurs Milo, alors \u00e2g\u00e9 de 13 ans, qui retrouve le corps de sa m\u00e8re inanim\u00e9e dans l\u2019escalier menant au premier \u00e9tage, pendue \u00abavec le hamac de la cuisine\u00bb, rapporte\u00a0<a href=\"https:\/\/www.parismatch.com\/People\/que-deviennent-milo-et-alice-les-enfants-de-bertrand-cantat-et-krisztina-rady-254980\" target=\"_blank\" rel=\"sponsored noopener nofollow\" data-gtm-custom-categorie=\"navigation\" data-gtm-custom-action=\"crossclick\" data-gtm-custom-label=\"Contextuel\" data-gtm-event=\"customEventSPE\">Paris Match<\/a> \u00a0dans son num\u00e9ro dat\u00e9 du 31 juillet. Le 10 janvier, au petit matin, l\u2019enfant \u00e9tait parti jouer au foot, tandis que sa s\u0153ur Alice \u00e9tait \u00abchez une copine\u00bb. Plus tard, les enqu\u00eateurs mettront la main sur le mot que Krisztina R\u00e1dy a laiss\u00e9 ce jour-l\u00e0\u00a0: \u00abBonjour et au revoir\u00a0! Je me suis suicid\u00e9e \u00e0 cause de mon incapacit\u00e9\u00a0! Merci de la \u2018bienveillance\u2019 lamentable des petits caporaux comme Pierre V. et Robert L., merci aux cris incessants et aux accusations de Bertrand, d\u00e9positaire exclusif de souffrance. Je m\u2019excuse aupr\u00e8s de mes enfants, Milo et Alice, Alice et Milo que j\u2019aime le plus au monde. Eux seuls connaissent ma vie.\u00bb<\/p>\n<p class=\"fig-paragraph\">Apr\u00e8s quoi, les deux enfants, n\u00e9s \u00e0 Bordeaux, restent avec leur p\u00e8re, qui a obtenu la garde. L\u2019ex-rock star de Noir D\u00e9sir et ancien prisonnier tente de les prot\u00e9ger au maximum des projecteurs et de la curiosit\u00e9 des m\u00e9dias. Depuis plusieurs ann\u00e9es, Milo essaie de suivre les pas du paternel en tant que musicien, tandis qu\u2019Alice a pris un chemin oppos\u00e9.<\/p>\n<p>    Krisztina R\u00e1dy et sa fille Alice.<br \/>\n                Getty Images<\/p>\n<p>Du rap et de la photographie<\/p>\n<p class=\"fig-paragraph\">Le fils de Krisztina R\u00e1dy a en effet sorti un EP en 2019 en collaboration avec deux rappeurs, Muninn et Jemon. Lui se fait appeler \u00abMylaw\u00bb. Sur les r\u00e9seaux sociaux, cependant, il garde une notori\u00e9t\u00e9 plut\u00f4t confidentielle. S\u2019il s\u2019agit bien du sien, son compte Instagram demeure priv\u00e9, avec quelque 900 abonn\u00e9s. M\u00eame chose pour sa s\u0153ur Alice, qui garde le secret autour de sa vie priv\u00e9e, introuvable sur les r\u00e9seaux. \u00c0 22 ans, elle est passionn\u00e9e d\u2019anthropologie et serait \u00e0 l\u2019initiative du site Ponts et passages, consacr\u00e9 aux jeunes photographes, selon Paris Match. Elle aurait aussi, \u00e0 l\u2019inverse de son fr\u00e8re, conserv\u00e9 une relation proche avec son p\u00e8re, rapporte encore l\u2019hebdomadaire, mais souhait\u00e9 ajouter la particule de sa m\u00e8re, Rady, \u00e0 son nom de famille.<\/p>\n<p class=\"fig-paragraph\">Selon le site\u00a0<a href=\"https:\/\/lejournaltech.fr\/alice-cantat\/\" target=\"_blank\" rel=\"sponsored noopener nofollow\" data-gtm-custom-categorie=\"navigation\" data-gtm-custom-action=\"crossclick\" data-gtm-custom-label=\"Contextuel\" data-gtm-event=\"customEventSPE\">Lejournaltech.fr<\/a>, qui lui consacre un portrait\u00a0: \u00abAlice opte pour un compte pseudonyme o\u00f9 elle partage peu, mais soigneusement\u00a0: paysages brumeux de la Garonne, sc\u00e8nes de street art \u00e0 Budapest, extraits de vernissages discrets. Elle privil\u00e9gie une esth\u00e9tique visuelle qui refl\u00e8te sa sensibilit\u00e9 plut\u00f4t qu\u2019un journal intime num\u00e9rique.\u00bb Il faut rappeler que Milo et Alice sont n\u00e9s \u00e0 Bordeaux mais ont souvent fait des allers-retours en Hongrie, \u00e0 Budapest, d\u2019o\u00f9 Krisztina R\u00e1dy \u00e9tait originaire. Femme de lettres, l\u2019ancienne \u00e9pouse de Bertrand Cantat a un temps organis\u00e9 des \u00e9v\u00e9nements artistiques dans le pays, avant de devenir directrice culturelle de l\u2019Institut hongrois de Paris. On apprend aussi qu\u2019Alice Cantat-Rady aurait organis\u00e9 \u00e0 Bordeaux des retraites \u00abArt &amp; Esprit\u00bb consacr\u00e9es \u00e0 la sant\u00e9 mentale, \u00abm\u00ealant balades photographiques et ateliers d\u2019expression th\u00e9rapeutique, afin de briser les tabous et de cr\u00e9er du lien\u00bb. Pour le reste, Milo et Alice ne se sont jamais publiquement exprim\u00e9s ni sur le meurtre commis par leur p\u00e8re, ni sur la sortie du documentaire Netflix.<\/p>\n","protected":false},"excerpt":{"rendered":"Depuis la sortie du documentaire De rockstar \u00e0 tueur\u00a0: le cas Cantat sur Netflix, les projecteurs se braquent&hellip;\n","protected":false},"author":2,"featured_media":292718,"comment_status":"","ping_status":"","sticky":false,"template":"","format":"standard","meta":{"footnotes":""},"categories":[1355],"tags":[58,2773,59,1011,27,1361,873],"class_list":{"0":"post-292717","1":"post","2":"type-post","3":"status-publish","4":"format-standard","5":"has-post-thumbnail","7":"category-musique","8":"tag-divertissement","9":"tag-enfants-de","10":"tag-entertainment","11":"tag-fr","12":"tag-france","13":"tag-music","14":"tag-musique"},"share_on_mastodon":{"url":"https:\/\/pubeurope.com\/@fr\/114962690508367401","error":""},"_links":{"self":[{"href":"https:\/\/www.europesays.com\/fr\/wp-json\/wp\/v2\/posts\/292717","targetHints":{"allow":["GET"]}}],"collection":[{"href":"https:\/\/www.europesays.com\/fr\/wp-json\/wp\/v2\/posts"}],"about":[{"href":"https:\/\/www.europesays.com\/fr\/wp-json\/wp\/v2\/types\/post"}],"author":[{"embeddable":true,"href":"https:\/\/www.europesays.com\/fr\/wp-json\/wp\/v2\/users\/2"}],"replies":[{"embeddable":true,"href":"https:\/\/www.europesays.com\/fr\/wp-json\/wp\/v2\/comments?post=292717"}],"version-history":[{"count":0,"href":"https:\/\/www.europesays.com\/fr\/wp-json\/wp\/v2\/posts\/292717\/revisions"}],"wp:featuredmedia":[{"embeddable":true,"href":"https:\/\/www.europesays.com\/fr\/wp-json\/wp\/v2\/media\/292718"}],"wp:attachment":[{"href":"https:\/\/www.europesays.com\/fr\/wp-json\/wp\/v2\/media?parent=292717"}],"wp:term":[{"taxonomy":"category","embeddable":true,"href":"https:\/\/www.europesays.com\/fr\/wp-json\/wp\/v2\/categories?post=292717"},{"taxonomy":"post_tag","embeddable":true,"href":"https:\/\/www.europesays.com\/fr\/wp-json\/wp\/v2\/tags?post=292717"}],"curies":[{"name":"wp","href":"https:\/\/api.w.org\/{rel}","templated":true}]}}