{"id":292722,"date":"2025-08-03T03:25:15","date_gmt":"2025-08-03T03:25:15","guid":{"rendered":"https:\/\/www.europesays.com\/fr\/292722\/"},"modified":"2025-08-03T03:25:15","modified_gmt":"2025-08-03T03:25:15","slug":"f1-coup-de-theatre-en-qualification-ferrari-en-pole-position-enfin-en-hongrie","status":"publish","type":"post","link":"https:\/\/www.europesays.com\/fr\/292722\/","title":{"rendered":"F1 Coup de th\u00e9\u00e2tre en qualification, Ferrari en pole position, ENFIN, en Hongrie !"},"content":{"rendered":"<p>Fin du suspense en F1, les qualifications du Grand-Prix de Hongrie \u00e9dition 2025 venant de s\u2019achever. Et contrairement \u00e0 ce que laissaient pr\u00e9sager les essais libres, c\u2019est Ferrari qui a sign\u00e9 l\u2019exploit ! Avec un Charles Leclerc en pole position, alors que son co\u00e9quipier s\u2019est \u00e0 nouveau loup\u00e9, sortant en Q2. Pour celles et ceux n\u2019ayant pas eu l\u2019opportunit\u00e9 de suivre les d\u00e9bats, en cette p\u00e9riode de vacances estivales, voici le r\u00e9sum\u00e9 complet des trois phases.<\/p>\n<p>F1 : la Q1 Hongroise, surprises en vue ?<\/p>\n<p>Toujours pas de pluie du c\u00f4t\u00e9 de Budapest, en d\u00e9pit de certaines pr\u00e9visions, qui annon\u00e7aient des pr\u00e9cipitations cet apr\u00e8s-midi. C\u2019est donc sur une piste s\u00e8che que devrait avoir lieu l\u2019ensemble de cette s\u00e9ance. M\u00eame si de gros nuages semblent se diriger vers le circuit, avec un risque de pluie \u00e9valu\u00e9 \u00e0 20%. Toutefois, la Q1 aura lieu sur un sol sec. Cette derni\u00e8re d\u00e9bute \u00e0 l\u2019instant, apr\u00e8s l\u2019ouverture de la voie des stands, qui passe au vert pour lib\u00e9rer les pilotes !<\/p>\n<blockquote class=\"twitter-tweet\">\n<p dir=\"ltr\" lang=\"en\">What\u2019s the weather doing for quali? \ud83e\udd14<\/p>\n<p>Ummm\u2026 is that rain over there?! <a href=\"https:\/\/twitter.com\/hashtag\/F1?src=hash&amp;ref_src=twsrc%5Etfw\" target=\"_blank\" rel=\"noopener\">#F1<\/a> <a href=\"https:\/\/twitter.com\/hashtag\/HungarianGP?src=hash&amp;ref_src=twsrc%5Etfw\" target=\"_blank\" rel=\"noopener\">#HungarianGP<\/a> <a href=\"https:\/\/t.co\/cKZF3wcRm7\">pic.twitter.com\/cKZF3wcRm7<\/a><\/p>\n<p>\u2014 Formula 1 (@F1) <a href=\"https:\/\/twitter.com\/F1\/status\/1951642599636214020?ref_src=twsrc%5Etfw\" target=\"_blank\" rel=\"noopener\">August 2, 2025<\/a><\/p>\n<\/blockquote>\n<p>Les Mclaren de Lando Norris et Oscar Piastri sont, bien \u00e9videmment, les grandes favorites, avec un <a href=\"https:\/\/lemagsportauto.ouest-france.fr\/tag\/charles-leclerc\/\" target=\"_blank\" rel=\"noopener\">Charles Leclerc<\/a> en outsider. Alexander Albon est le premier \u00e0 prendre la t\u00eate, juste devant Carlos Sainz.Mais Max Verstappen allume tous les secteurs. Une surprise \u00e0 venir, aujourd\u2019hui, pour le N\u00e9erlandais ? Sur la ligne c\u2019est plus d\u2019une seconde devant la plus v\u00e9loce des Williams. Beau chrono, aussi, de Yuki Tsunoda, \u00e0 seulement deux dixi\u00e8mes de son co\u00e9quipier.<\/p>\n<p>Lando Norris prend la t\u00eate mais avec 4 dixi\u00e8mes d\u2019avantage \u201cseulement\u201d. Belle performance de Lewis Hamilton, dans le m\u00eame dixi\u00e8me que son compatriote !Toutefois, Oscar Piastri prend le leadership, pr\u00e8s de 4 dixi\u00e8mes devant son premier rival au classement. Alonso signe le quatri\u00e8me temps, devant Isack Hadjar et Lance Stroll. Tandis que Charles Leclerc ne signe que le septi\u00e8me chrono provisoire. Les Mercedes sont attendues et elles performent ! P2 pour Russell, devant Antonelli ! George est m\u00eame, \u00e0 moins d\u2019un dixi\u00e8me du leader australien.<\/p>\n<\/p>\n<p>Avec toutes ces am\u00e9liorations, Max Verstappen a r\u00e9trograd\u00e9 \u00e0 la treizi\u00e8me place. Sa performance n\u2019\u00e9tait donc pas si impressionnante que cela\u2026Notons aussi, la tr\u00e8s belle dixi\u00e8me place de Franco Colapinto. L\u2019Argentin va-t-il passer en Q2 ? Pour l\u2019heure, les recal\u00e9s sont, dans l\u2019ordre, Carlos Sainz, Yuki Tsunoda, Oliver Bearman, Pierre Gasly et Esteban Ocon.<\/p>\n<p>A moins de six minutes du terme de cette Q1, Fernando Alonso se relance. Il est actuellement sixi\u00e8me, une performance inattendue, qui perdure depuis vendredi. Lance Stroll est lui aussi \u00e0 l\u2019oeuvre. Et il est devant dans le S1 ! Et Fernando Alonso fait encore mieux ! P3 pour le Canadien et P1, 3 dixi\u00e8mes devant Piastri, pour l\u2019Espagnol ! Le quadruple champion du monde en titre s\u2019\u00e9lance \u00e0 son tour. Pendant que Piastri allume tous les secteurs, avant de r\u00e9cup\u00e9rer les commandes, pour moins d\u2019un dixi\u00e8me ! P6 pour Max. Et P8 pour Yuki. Superbe Hadjar, troisi\u00e8me ! Moins d\u2019une minute \u00e0 tenir, pour le tricolore.<\/p>\n<p>Bortoleto progresse lui aussi, c\u2019est la P5. La piste s\u2019am\u00e9liorer rapidement. P13 pour Gasly, \u00e7a risque d\u2019\u00eatre juste. Onzi\u00e8me place pour Colapinto ! Il devrait y avoir une Alpine en Q2. C\u2019est fini pour Ocon. Lewis Hamilton P9, c\u2019est probablement suffisant. Leclerc P5. Tsunoda est recal\u00e9 lui aussi. Gasly, Hulkenberg et Albon passent \u00e9galement \u00e0 c\u00f4t\u00e9 ! Une Williams en derni\u00e8re ligne, mauvaise surprise \u00e0 Grove. Pour sa part, Isack Hadjar sera donc le seul repr\u00e9sentant tricolore, en Q2. Alors que Franco Colapinto r\u00e9ussit \u00e0 se qualifier devant son co\u00e9quipier ! Il y aura bien une A525 dans la deuxi\u00e8me partie de cette s\u00e9ance, en Hongrie.<\/p>\n<blockquote class=\"twitter-tweet\">\n<p dir=\"ltr\" lang=\"pt\">Q1 CLASSIFICATION<\/p>\n<p>Alonso P2 \ud83e\udd29 Hadjar P3 \ud83d\udcaa Bortoleto P6 \ud83d\udc4f<a href=\"https:\/\/twitter.com\/hashtag\/F1?src=hash&amp;ref_src=twsrc%5Etfw\" target=\"_blank\" rel=\"noopener\">#F1<\/a> <a href=\"https:\/\/twitter.com\/hashtag\/HungarianGP?src=hash&amp;ref_src=twsrc%5Etfw\" target=\"_blank\" rel=\"noopener\">#HungarianGP<\/a> <a href=\"https:\/\/t.co\/oA6eR1l1li\">pic.twitter.com\/oA6eR1l1li<\/a><\/p>\n<p>\u2014 Formula 1 (@F1) <a href=\"https:\/\/twitter.com\/F1\/status\/1951649911021195579?ref_src=twsrc%5Etfw\" target=\"_blank\" rel=\"noopener\">August 2, 2025<\/a><\/p>\n<\/blockquote>\n<p>Q2 : un seul Fran\u00e7ais en lice !<\/p>\n<p>C\u2019est reparti sur l\u2019Hungaroring, avec la Q2 du Grand-Prix de Hongrie de F1 2025. Qui d\u00e9bute quelques minutes plus tard que pr\u00e9vu, en raison de la n\u00e9cessit\u00e9 de d\u00e9gager les graviers ramen\u00e9s sur la piste par plusieurs pilotes. Alors que la pluie commence \u00e0 tomber, coup de th\u00e9\u00e2tre ! Les premiers en piste seront donc les qualifi\u00e9s, en toute logique. Mais ces gouttes restent l\u00e9g\u00e8res, pour l\u2019instant. Antonelli premier leader, battu par Russell puis Stroll. Alonso le bat instantan\u00e9ment. Bearman P3 devant les Mercedes.<\/p>\n<p>Bel effort d\u2019Hadjar, troisi\u00e8me provisoire. P6 pour Verstappen, meilleur chrono pour Norris, 5 dixi\u00e8mes devant l\u2019Aston Martin. La pluie ne g\u00eane pas les pilotes, pour le moment. P9 pour Hamilton, en gommes us\u00e9es, alors que Piastri \u00e9choue \u00e0 la deuxi\u00e8me place. Leclerc dixi\u00e8me. Le choix des pneus us\u00e9s est risqu\u00e9, si la pluie venait \u00e0 s\u2019intensifier. Pour l\u2019heure, LH44 n\u2019est d\u2019ailleurs pas qualifi\u00e9. A moins de sept minutes du drapeau \u00e0 damier, Stroll retourne d\u00e9j\u00e0 au combat. Il est tout seul sur le tarmac.<\/p>\n<p>Le Canadien est en am\u00e9lioration alors que les Ferrari sont de sorties, de m\u00eame que les Mercedes, Bearman, Norris et Verstappen. Lance prend la deuxi\u00e8me place. Dans la voie des stands, c\u2019est le bouchon ! Alors que la pluie parait s\u2019\u00eatre calm\u00e9e. Charles s\u2019\u00e9lance, de m\u00eame que Lewis. Leclerc \u00e9tait proche de la correctionnelle, sur un vibreur. P5 pour le num\u00e9ro 16. P7 pour son co\u00e9quipier, \u00e7a va \u00eatre compliqu\u00e9\u2026Effectivement, Hamilton est sorti ! Et Bortoleto sort Antonelli ! Sainz et Colapinto sortent \u00e9galement. Antonelli, Bortoleto, Hamilton, Sainz et Colapinto se font sortir. Le chrono d\u2019Antonelli est m\u00eame effac\u00e9, il est quinzi\u00e8me.<\/p>\n<p>Q3 sans Hamilton et Antonelli, la s\u00e9rie noire se poursuit !<\/p>\n<p>Suite et fin des qualifications en Hongrie. Avec l\u2019excellent Gabriel Bortoleto, qualifi\u00e9 aujourd\u2019hui ! Alonso meilleur chrono, devant son co\u00e9quipier. Liam Lawson coupe la ligne et s\u00e9pare les deux hommes. Norris P1, mais Piastri le devance quelques secondes plus tard. George Russell troisi\u00e8me, \u00e0 moins de deux dixi\u00e8mes, la Mercedes est dans le coup. Pour sa part, Max Verstappen \u00e9choue \u00e0 la cinqui\u00e8me place, \u00e0 presque 8 dixi\u00e8mes. Tandis que Lance Stroll perd son temps, apr\u00e8s avoir d\u00e9pass\u00e9 les limites de la piste.<\/p>\n<p>C\u00f4t\u00e9 Racing Bulls, Lawson est septi\u00e8me, Hadjar dernier, car il n\u2019a pas encore sign\u00e9 de chrono. Brillant quatri\u00e8me pour le moment, Fernando Alonso retente sa chance, \u00e0 moins de 5 minutes de l\u2019\u00e9ch\u00e9ance. Dans le giron Ferrari, alors que la Scuderia semblait en lice pour la deuxi\u00e8me ligne, une chute brutale de performance est observ\u00e9e. La chute des temp\u00e9ratures en est-elle responsable ? Charles Leclerc, seul rescap\u00e9 chez les rouges, est point\u00e9 \u00e0 1,2s du leader\u2026<\/p>\n<p>Record dans le premier secteur pour Alonso. P3 pour Stroll, \u00e0 seulement un dixi\u00e8me de la pole provisoire ! Et Fernando ? P2, entre les Mclaren, c\u2019est superbe ! Lando Norris d\u00e9clenche le chronom\u00e8tre. Il est derri\u00e8re dans le T1. Piastri \u00e9galement. Leclerc en pole provisoire ! Pour Norris, cela semble mal engag\u00e9 et pour Piastri aussi ! P3 pour Lando, P2 pour Oscar, Charles est en pole position !! Max va couper la ligne et signer le huiti\u00e8me temps. Exploit des Aston Martin, en troisi\u00e8me ligne mais aussi, de Gabriel Bortoleto, sublissime septi\u00e8me.<\/p>\n<p>Place au classement.<\/p>\n<ol>\n<li>Charles Leclerc (Ferrari)<\/li>\n<li>Oscar Piastri (Mclaren)<\/li>\n<li>Lando Norris (Mclaren)<\/li>\n<li>George Russell (Mercedes)<\/li>\n<li>Fernando Alonso (Aston Martin)<\/li>\n<li>Lance Stroll (Aston Martin)<\/li>\n<li>Gabriel Bortoleto (Sauber)<\/li>\n<li>Max Verstappen (Red Bull)<\/li>\n<li>Liam Lawson (Racing Bulls)<\/li>\n<li>Isack Hadjar (Racing Bulls)<\/li>\n<li>Oliver Bearman (Haas)<\/li>\n<li>Lewis Hamilton (Ferrari)<\/li>\n<li>Carlos Sainz (Williams)<\/li>\n<li>Franco Colapinto (Alpine)<\/li>\n<li>Kimi Antonelli (Mercedes)<\/li>\n<li>Yuki Tsunoda (Red Bull)<\/li>\n<li>Pierre Gasly\u00a0 (Alpine)<\/li>\n<li>Esteban Ocon (Haas)<\/li>\n<li>Nico Hulkenberg (Sauber)<\/li>\n<li>Alexander Albon (Williams)<\/li>\n<\/ol>\n<p>Article publi\u00e9 le 02\/08\/2025 \u00e0 17h08<\/p>\n<p>                                                            <script async src=\"https:\/\/platform.twitter.com\/widgets.js\" charset=\"utf-8\"><\/script><\/p>\n","protected":false},"excerpt":{"rendered":"Fin du suspense en F1, les qualifications du Grand-Prix de Hongrie \u00e9dition 2025 venant de s\u2019achever. Et contrairement&hellip;\n","protected":false},"author":2,"featured_media":292723,"comment_status":"","ping_status":"","sticky":false,"template":"","format":"standard","meta":{"footnotes":""},"categories":[9],"tags":[1451,1011,27,42060,7720,60],"class_list":{"0":"post-292722","1":"post","2":"type-post","3":"status-publish","4":"format-standard","5":"has-post-thumbnail","7":"category-sports","8":"tag-f1","9":"tag-fr","10":"tag-france","11":"tag-hungaroring","12":"tag-qualification","13":"tag-sports"},"share_on_mastodon":{"url":"https:\/\/pubeurope.com\/@fr\/114962702421384899","error":""},"_links":{"self":[{"href":"https:\/\/www.europesays.com\/fr\/wp-json\/wp\/v2\/posts\/292722","targetHints":{"allow":["GET"]}}],"collection":[{"href":"https:\/\/www.europesays.com\/fr\/wp-json\/wp\/v2\/posts"}],"about":[{"href":"https:\/\/www.europesays.com\/fr\/wp-json\/wp\/v2\/types\/post"}],"author":[{"embeddable":true,"href":"https:\/\/www.europesays.com\/fr\/wp-json\/wp\/v2\/users\/2"}],"replies":[{"embeddable":true,"href":"https:\/\/www.europesays.com\/fr\/wp-json\/wp\/v2\/comments?post=292722"}],"version-history":[{"count":0,"href":"https:\/\/www.europesays.com\/fr\/wp-json\/wp\/v2\/posts\/292722\/revisions"}],"wp:featuredmedia":[{"embeddable":true,"href":"https:\/\/www.europesays.com\/fr\/wp-json\/wp\/v2\/media\/292723"}],"wp:attachment":[{"href":"https:\/\/www.europesays.com\/fr\/wp-json\/wp\/v2\/media?parent=292722"}],"wp:term":[{"taxonomy":"category","embeddable":true,"href":"https:\/\/www.europesays.com\/fr\/wp-json\/wp\/v2\/categories?post=292722"},{"taxonomy":"post_tag","embeddable":true,"href":"https:\/\/www.europesays.com\/fr\/wp-json\/wp\/v2\/tags?post=292722"}],"curies":[{"name":"wp","href":"https:\/\/api.w.org\/{rel}","templated":true}]}}