{"id":292728,"date":"2025-08-03T03:28:13","date_gmt":"2025-08-03T03:28:13","guid":{"rendered":"https:\/\/www.europesays.com\/fr\/292728\/"},"modified":"2025-08-03T03:28:13","modified_gmt":"2025-08-03T03:28:13","slug":"plusieurs-franchises-de-garages-refusent-de-reparer-les-vehicules-equipes-avec-les-airbags-defectueux-liberation","status":"publish","type":"post","link":"https:\/\/www.europesays.com\/fr\/292728\/","title":{"rendered":"plusieurs franchises de garages refusent de r\u00e9parer les v\u00e9hicules \u00e9quip\u00e9s avec les airbags d\u00e9fectueux \u2013 Lib\u00e9ration"},"content":{"rendered":"<p class=\"sc-ksZaOG ehjQrN text-element\">La cata autour des airbags Takata n\u2019en finit pas. Plusieurs garagistes et centres autos ont annonc\u00e9 leur refus d\u2019effectuer tout type d\u2019intervention de r\u00e9paration sur les v\u00e9hicules \u00e9quip\u00e9s d\u2019airbags Takata et concern\u00e9s par le rappel. Pas une vidange, m\u00eame pas un changement d\u2019essuie-glace, rien.<\/p>\n<p class=\"sc-ksZaOG ehjQrN text-element\">2,5 millions de v\u00e9hicules \u00e9quip\u00e9s d\u2019un airbag Takata font actuellement l\u2019objet d\u2019un rappel. Dans un <a href=\"https:\/\/www.liberation.fr\/economie\/transports\/airbags-takata-defectueux-le-gouvernement-oblige-les-constructeurs-a-preter-des-vehicules-de-remplacement-20250729_EKYPO57Z3ZDOBL4ZWVAHCR5B4U\/\" target=\"_blank\" rel=\"noopener\" title=\"https:\/\/www.liberation.fr\/economie\/transports\/airbags-takata-defectueux-le-gouvernement-oblige-les-constructeurs-a-preter-des-vehicules-de-remplacement-20250729_EKYPO57Z3ZDOBL4ZWVAHCR5B4U\/\">arr\u00eat\u00e9 publi\u00e9 mercredi 30 juillet<\/a>, le ministre des transports Philippe Tabarot a annonc\u00e9 que les propri\u00e9taires de v\u00e9hicules concern\u00e9s par le \u00abstop drive\u00bb se verront proposer une mise \u00e0 disposition gratuite d\u2019un v\u00e9hicule de courtoisie par le constructeur dans l\u2019attente du remplacement des airbags d\u00e9fectueux.<\/p>\n<p class=\"sc-ksZaOG ehjQrN text-element\">Plus t\u00f4t, \u00e0 la fin du mois de juin, le gouvernement a publi\u00e9 un arr\u00eat\u00e9 visant \u00e0 mettre \u00e0 l\u2019arr\u00eat imm\u00e9diat 800 000 v\u00e9hicules particuli\u00e8rement \u00e0 risque, <a href=\"https:\/\/www.liberation.fr\/societe\/police-justice\/airbags-takata-defectueux-une-premiere-mise-en-examen-pour-blessures-involontaires-en-france-20250725_RHMGEGSM75ERFLDGSXEFBHORHE\/\" target=\"_blank\" rel=\"noopener\" title=\"https:\/\/www.liberation.fr\/societe\/police-justice\/airbags-takata-defectueux-une-premiere-mise-en-examen-pour-blessures-involontaires-en-france-20250725_RHMGEGSM75ERFLDGSXEFBHORHE\/\">afin d\u2019\u00e9viter tout accident mortel.<\/a><\/p>\n<p class=\"sc-ksZaOG ehjQrN text-element\">Pour les autres, ils doivent \u00eatre r\u00e9par\u00e9s sous quinze jours. Mais pour les conducteurs d\u2019une voiture \u00e9quip\u00e9e avec des airbags Takata souhaitant la rendre de nouveau s\u00fbre, la situation empire.<\/p>\n<p class=\"sc-ksZaOG ehjQrN text-element\">Face aux multiples risques caus\u00e9s par les airbags d\u00e9fectueux Takata, les garagistes mettent le hol\u00e0. Sur son site internet, Speedy indique ainsi depuis vendredi 1er ao\u00fbt refuser toute intervention sur les v\u00e9hicules faisant l\u2019objet d\u2019un rappel en cours. \u00abIl vous appartient de v\u00e9rifier si votre v\u00e9hicule fait l\u2019objet d\u2019un rappel constructeur avant toute intervention dans nos centres. Ce contr\u00f4le est strictement personnel et ne peut \u00eatre r\u00e9alis\u00e9 par les \u00e9quipes SPEEDY, assure le communiqu\u00e9. En cas de rappel constructeur av\u00e9r\u00e9 de votre v\u00e9hicule, nos centres ne pourront proc\u00e9der \u00e0 l\u2019entretien ou \u00e0 la r\u00e9paration tant que les airbags concern\u00e9s n\u2019auront pas \u00e9t\u00e9 remplac\u00e9s.\u00bb<\/p>\n<p class=\"sc-ksZaOG ehjQrN text-element\">Car l\u2019airbag <a href=\"https:\/\/www.liberation.fr\/economie\/transports\/airbags-takata-le-ministre-des-transports-demande-limmobilisation-de-toutes-les-citroen-c3-faisant-lobjet-dun-rappel-20250617_X7WO24RXT5GMVNLVVJJSGMOBGM\/\" target=\"_blank\" rel=\"noopener\" title=\"https:\/\/www.liberation.fr\/economie\/transports\/airbags-takata-le-ministre-des-transports-demande-limmobilisation-de-toutes-les-citroen-c3-faisant-lobjet-dun-rappel-20250617_X7WO24RXT5GMVNLVVJJSGMOBGM\/\">Takata est dangereux.<\/a> On le rappelle, en raison d\u2019un gaz qui vieillit mal, ces \u00e9quipements de s\u00e9curit\u00e9, cens\u00e9s prot\u00e9ger les passagers en cas de choc, ont des chances d\u2019exploser, notamment dans les climats chauds et humides. De quoi projeter des pi\u00e8ces au visage des conducteurs.<\/p>\n<p class=\"sc-ksZaOG ehjQrN text-element\">Quelle que soit la r\u00e9paration \u00e0 faire sur sa voiture, l\u2019automobiliste doit donc se retourner vers le constructeur, recommande ainsi Speedy sur son site. \u00abA l\u2019issue du remplacement des airbags et sur pr\u00e9sentation d\u2019un justificatif de l\u2019intervention, nous pourrons entretenir vos v\u00e9hicules dans les meilleures conditions pour poursuivre votre mobilit\u00e9\u00bb, pr\u00e9cise aussi la marque, comprendre devoir montrer patte blanche pour le propri\u00e9taire qui doit prouver que son automobile a \u00e9t\u00e9 \u00e9quip\u00e9e d\u2019un airbag fonctionnel.<\/p>\n<p class=\"sc-ksZaOG ehjQrN text-element\">Les enseignes de la marque Point S ont aussi rejoint le mouvement de refus, sans toutefois avoir publi\u00e9 de communication officielle. Quant \u00e0 la marque Norauto, elle promet selon <a href=\"https:\/\/www.tf1info.fr\/transports\/ca-devient-trop-dangereux-pour-nos-salaries-les-garages-refusent-de-prendre-en-charge-les-vehicules-concernes-par-le-scandale-takata-2386318.html\" target=\"_blank\" rel=\"noopener\" title=\"https:\/\/www.tf1info.fr\/transports\/ca-devient-trop-dangereux-pour-nos-salaries-les-garages-refusent-de-prendre-en-charge-les-vehicules-concernes-par-le-scandale-takata-2386318.html\">TF1<\/a> de communiquer dans les prochains jours sur ses r\u00e9seaux sociaux pour \u00abaider les automobilistes dans leur parcours\u00bb.<\/p>\n","protected":false},"excerpt":{"rendered":"La cata autour des airbags Takata n\u2019en finit pas. Plusieurs garagistes et centres autos ont annonc\u00e9 leur refus&hellip;\n","protected":false},"author":2,"featured_media":292729,"comment_status":"","ping_status":"","sticky":false,"template":"","format":"standard","meta":{"footnotes":""},"categories":[6],"tags":[646,35,33,34,1011,27,2099],"class_list":{"0":"post-292728","1":"post","2":"type-post","3":"status-publish","4":"format-standard","5":"has-post-thumbnail","7":"category-economie","8":"tag-automobile","9":"tag-business","10":"tag-economie","11":"tag-economy","12":"tag-fr","13":"tag-france","14":"tag-stellantis"},"share_on_mastodon":{"url":"https:\/\/pubeurope.com\/@fr\/114962714060237477","error":""},"_links":{"self":[{"href":"https:\/\/www.europesays.com\/fr\/wp-json\/wp\/v2\/posts\/292728","targetHints":{"allow":["GET"]}}],"collection":[{"href":"https:\/\/www.europesays.com\/fr\/wp-json\/wp\/v2\/posts"}],"about":[{"href":"https:\/\/www.europesays.com\/fr\/wp-json\/wp\/v2\/types\/post"}],"author":[{"embeddable":true,"href":"https:\/\/www.europesays.com\/fr\/wp-json\/wp\/v2\/users\/2"}],"replies":[{"embeddable":true,"href":"https:\/\/www.europesays.com\/fr\/wp-json\/wp\/v2\/comments?post=292728"}],"version-history":[{"count":0,"href":"https:\/\/www.europesays.com\/fr\/wp-json\/wp\/v2\/posts\/292728\/revisions"}],"wp:featuredmedia":[{"embeddable":true,"href":"https:\/\/www.europesays.com\/fr\/wp-json\/wp\/v2\/media\/292729"}],"wp:attachment":[{"href":"https:\/\/www.europesays.com\/fr\/wp-json\/wp\/v2\/media?parent=292728"}],"wp:term":[{"taxonomy":"category","embeddable":true,"href":"https:\/\/www.europesays.com\/fr\/wp-json\/wp\/v2\/categories?post=292728"},{"taxonomy":"post_tag","embeddable":true,"href":"https:\/\/www.europesays.com\/fr\/wp-json\/wp\/v2\/tags?post=292728"}],"curies":[{"name":"wp","href":"https:\/\/api.w.org\/{rel}","templated":true}]}}