{"id":292732,"date":"2025-08-03T03:30:14","date_gmt":"2025-08-03T03:30:14","guid":{"rendered":"https:\/\/www.europesays.com\/fr\/292732\/"},"modified":"2025-08-03T03:30:14","modified_gmt":"2025-08-03T03:30:14","slug":"pres-de-quimper-un-engin-agricole-prend-feu-15-ha-de-broussailles-part-en-fumee","status":"publish","type":"post","link":"https:\/\/www.europesays.com\/fr\/292732\/","title":{"rendered":"Pr\u00e8s de Quimper, un engin agricole prend feu : 1,5\u00a0ha de broussailles part en fum\u00e9e"},"content":{"rendered":"<p>Vers 16 h ce samedi 2 ao\u00fbt 2025, les pompiers sont intervenus au lieu-dit Ty N\u00e9vez rupiquet, \u00e0 Briec, pr\u00e8s de Quimper, pour un incendie qui s\u2019est d\u00e9clar\u00e9 sur un engin agricole. <a href=\"https:\/\/www.letelegramme.fr\/bretagne\/on-nest-plus-les-soldats-du-feu-mais-du-climat-a-bord-de-lhelicoptere-bombardier-deau-la-force-de-frappe-du-finistere-durant-lete-6848580.php\" target=\"_blank\" rel=\"noopener\">L\u2019h\u00e9licopt\u00e8re bombardier d&rsquo;eau Morane 29<\/a> a \u00e9t\u00e9 mobilis\u00e9 et a effectu\u00e9 sept largages afin de ma\u00eetriser le feu. D\u00e9tect\u00e9 par les cam\u00e9ras du SDIS 29, il a d\u00e9truit 1,5 hectare de broussailles. Depuis le 1er juillet 2025, Morane 29 a pris ses quartiers au centre d\u2019incendie et de secours de Quimper et est intervenu quatorze fois.<\/p>\n","protected":false},"excerpt":{"rendered":"Vers 16 h ce samedi 2 ao\u00fbt 2025, les pompiers sont intervenus au lieu-dit Ty N\u00e9vez rupiquet, \u00e0&hellip;\n","protected":false},"author":2,"featured_media":292733,"comment_status":"","ping_status":"","sticky":false,"template":"","format":"standard","meta":{"footnotes":""},"categories":[4],"tags":[11,829,43271,765,118,3321,1011,27,5383,12,3319,25],"class_list":{"0":"post-292732","1":"post","2":"type-post","3":"status-publish","4":"format-standard","5":"has-post-thumbnail","7":"category-france","8":"tag-actualites","9":"tag-bretagne","10":"tag-briec","11":"tag-en-continu","12":"tag-faits-divers","13":"tag-finistere","14":"tag-fr","15":"tag-france","16":"tag-incendies","17":"tag-news","18":"tag-quimper","19":"tag-republique-francaise"},"share_on_mastodon":{"url":"https:\/\/pubeurope.com\/@fr\/114962721906615965","error":""},"_links":{"self":[{"href":"https:\/\/www.europesays.com\/fr\/wp-json\/wp\/v2\/posts\/292732","targetHints":{"allow":["GET"]}}],"collection":[{"href":"https:\/\/www.europesays.com\/fr\/wp-json\/wp\/v2\/posts"}],"about":[{"href":"https:\/\/www.europesays.com\/fr\/wp-json\/wp\/v2\/types\/post"}],"author":[{"embeddable":true,"href":"https:\/\/www.europesays.com\/fr\/wp-json\/wp\/v2\/users\/2"}],"replies":[{"embeddable":true,"href":"https:\/\/www.europesays.com\/fr\/wp-json\/wp\/v2\/comments?post=292732"}],"version-history":[{"count":0,"href":"https:\/\/www.europesays.com\/fr\/wp-json\/wp\/v2\/posts\/292732\/revisions"}],"wp:featuredmedia":[{"embeddable":true,"href":"https:\/\/www.europesays.com\/fr\/wp-json\/wp\/v2\/media\/292733"}],"wp:attachment":[{"href":"https:\/\/www.europesays.com\/fr\/wp-json\/wp\/v2\/media?parent=292732"}],"wp:term":[{"taxonomy":"category","embeddable":true,"href":"https:\/\/www.europesays.com\/fr\/wp-json\/wp\/v2\/categories?post=292732"},{"taxonomy":"post_tag","embeddable":true,"href":"https:\/\/www.europesays.com\/fr\/wp-json\/wp\/v2\/tags?post=292732"}],"curies":[{"name":"wp","href":"https:\/\/api.w.org\/{rel}","templated":true}]}}