{"id":292760,"date":"2025-08-03T04:00:22","date_gmt":"2025-08-03T04:00:22","guid":{"rendered":"https:\/\/www.europesays.com\/fr\/292760\/"},"modified":"2025-08-03T04:00:22","modified_gmt":"2025-08-03T04:00:22","slug":"une-femme-meurt-en-percutant-un-camion-des-pompiers-de-marseille-avec-son-quad-2","status":"publish","type":"post","link":"https:\/\/www.europesays.com\/fr\/292760\/","title":{"rendered":"Une femme meurt en percutant un camion des pompiers de Marseille avec son quad"},"content":{"rendered":"<p>Une femme est morte dans un violent accident de la route \u00e0 Marseille, dans la matin\u00e9e de jeudi 31\u00a0juillet 2025. La victime \u00e9tait au guidon d\u2019un quad, rapportent\u00a0<a href=\"https:\/\/www.laprovence.com\/article\/faits-divers-justice\/2875557785280914\/une-femme-de-52-ans-se-tue-en-quad-en-percutant-un-camion-de-marins-pompiers-a-marseille\" target=\"_blank\" rel=\"noopener\"> La Provence <\/a>\u00a0et <a href=\"https:\/\/actu.fr\/provence-alpes-cote-d-azur\/marseille_13055\/marseille-un-vehicule-peu-commun-percute-celui-des-marins-pompiers-une-femme-tuee_62982713.html\" target=\"_blank\" rel=\"noopener\"> actu Marseille <\/a>.<\/p>\n<p>Elle circulait\u00a0rue Saint-Cassien, dans le 2e arrondissement, quand elle a percut\u00e9 un camion-citerne des marins-pompiers. Ces derniers, qui partaient en intervention pour \u00e9teindre un feu de for\u00eat, avaient activ\u00e9 la sir\u00e8ne et le gyrophare.<\/p>\n<p>\n                Nous avons bloqu\u00e9 l\u2019affichage de ce contenu pour respecter vos choix en mati\u00e8re de cookies.<br \/>En cliquant sur \u00abConsulter\u00bb, vous acceptez le d\u00e9p\u00f4t de cookies par des services de r\u00e9seaux sociaux tels que Twitter.<br \/>\n                Consulter\n            <\/p>\n<blockquote class=\"twitter-tweet\" wp_automatic_readability=\"12.515759312321\">\n<p lang=\"fr\" dir=\"ltr\">1\/2 | Peu apr\u00e8s 10h30 ce jour, rue Saint-Cassien (2e arr), un quad et un camion citerne feux de for\u00eat sont entr\u00e9s en collision alors que ce dernier partait en intervention.<\/p>\n<p>Malheureusement, malgr\u00e9 les tentatives de r\u00e9animation, la conductrice du quad a \u00e9t\u00e9 d\u00e9clar\u00e9e d\u00e9c\u00e9d\u00e9e.<\/p>\n<p>\u2014 Marins-pompiers de Marseille (@MarinsPompiers) <a href=\"https:\/\/twitter.com\/MarinsPompiers\/status\/1950959415336579488?ref_src=twsrc%5Etfw\" target=\"_blank\" rel=\"noopener\">July 31, 2025<\/a><\/p><\/blockquote>\n<p>Les pompiers choqu\u00e9s par l\u2019accident<\/p>\n<p>Sous la violence du choc, la conductrice du quad a \u00e9t\u00e9 \u00e9ject\u00e9e du v\u00e9hicule. En arr\u00eat cardiorespiratoire, la victime a imm\u00e9diatement \u00e9t\u00e9 secourue par les pompiers. Malgr\u00e9 pr\u00e8s d\u2019une heure de tentative de r\u00e9animation, elle n\u2019a pas pu \u00eatre ramen\u00e9e \u00e0 la vie. Les trois pompiers qui se trouvaient dans le camion n\u2019ont pas \u00e9t\u00e9 bless\u00e9s dans la collision. En revanche, ils ont \u00e9t\u00e9 tr\u00e8s choqu\u00e9s par les faits. Une enqu\u00eate a \u00e9t\u00e9 ouverte pour d\u00e9terminer les circonstances de l\u2019accident.<\/p>\n<p>La veille, \u00e0 quelques kilom\u00e8tres de l\u00e0, <a href=\"https:\/\/rennes.maville.com\/actu\/actudet_-il-aide-une-automobiliste-en-panne-et-meurt-percute-par-un-camion-sous-les-yeux-de-sa-femme-_53511-6921068_actu.Htm\" target=\"_self\" rel=\"noopener\">un homme de 64\u00a0ans est mort sur\u00a0l\u2019autoroute A7, pr\u00e8s de Vitrolles<\/a>. La victime s\u2019\u00e9tait arr\u00eat\u00e9e sur la bande d\u2019arr\u00eat d\u2019urgence pour venir en aide \u00e0 une automobiliste tomb\u00e9e en panne.\u00a0En sortant du v\u00e9hicule qu\u2019il venait de red\u00e9marrer, il avait \u00e9t\u00e9 percut\u00e9 par un camion, sous les yeux de sa femme.<\/p>\n<p>\u00a0<\/p>\n<p>\t\t<script async src=\"https:\/\/platform.twitter.com\/widgets.js\" charset=\"utf-8\"><\/script><\/p>\n","protected":false},"excerpt":{"rendered":"Une femme est morte dans un violent accident de la route \u00e0 Marseille, dans la matin\u00e9e de jeudi&hellip;\n","protected":false},"author":2,"featured_media":291932,"comment_status":"","ping_status":"","sticky":false,"template":"","format":"standard","meta":{"footnotes":""},"categories":[2814],"tags":[1111,11,660,1777,674,1294,1011,27,884,5479,12,42556,1311,882,28237,25,2310],"class_list":{"0":"post-292760","1":"post","2":"type-post","3":"status-publish","4":"format-standard","5":"has-post-thumbnail","7":"category-marseille","8":"tag-actu","9":"tag-actualites","10":"tag-camion","11":"tag-eu","12":"tag-europe","13":"tag-femme","14":"tag-fr","15":"tag-france","16":"tag-marseille","17":"tag-meurt","18":"tag-news","19":"tag-percutant","20":"tag-pompiers","21":"tag-provence-alpes-cote-dazur","22":"tag-quad","23":"tag-republique-francaise","24":"tag-toulon"},"share_on_mastodon":{"url":"https:\/\/pubeurope.com\/@fr\/114962839856514821","error":""},"_links":{"self":[{"href":"https:\/\/www.europesays.com\/fr\/wp-json\/wp\/v2\/posts\/292760","targetHints":{"allow":["GET"]}}],"collection":[{"href":"https:\/\/www.europesays.com\/fr\/wp-json\/wp\/v2\/posts"}],"about":[{"href":"https:\/\/www.europesays.com\/fr\/wp-json\/wp\/v2\/types\/post"}],"author":[{"embeddable":true,"href":"https:\/\/www.europesays.com\/fr\/wp-json\/wp\/v2\/users\/2"}],"replies":[{"embeddable":true,"href":"https:\/\/www.europesays.com\/fr\/wp-json\/wp\/v2\/comments?post=292760"}],"version-history":[{"count":0,"href":"https:\/\/www.europesays.com\/fr\/wp-json\/wp\/v2\/posts\/292760\/revisions"}],"wp:featuredmedia":[{"embeddable":true,"href":"https:\/\/www.europesays.com\/fr\/wp-json\/wp\/v2\/media\/291932"}],"wp:attachment":[{"href":"https:\/\/www.europesays.com\/fr\/wp-json\/wp\/v2\/media?parent=292760"}],"wp:term":[{"taxonomy":"category","embeddable":true,"href":"https:\/\/www.europesays.com\/fr\/wp-json\/wp\/v2\/categories?post=292760"},{"taxonomy":"post_tag","embeddable":true,"href":"https:\/\/www.europesays.com\/fr\/wp-json\/wp\/v2\/tags?post=292760"}],"curies":[{"name":"wp","href":"https:\/\/api.w.org\/{rel}","templated":true}]}}