{"id":292764,"date":"2025-08-03T04:03:28","date_gmt":"2025-08-03T04:03:28","guid":{"rendered":"https:\/\/www.europesays.com\/fr\/292764\/"},"modified":"2025-08-03T04:03:28","modified_gmt":"2025-08-03T04:03:28","slug":"rhone-le-top-10-des-records-improbables-detenus-par-lyon","status":"publish","type":"post","link":"https:\/\/www.europesays.com\/fr\/292764\/","title":{"rendered":"Rh\u00f4ne. Le top 10 des records improbables d\u00e9tenus par Lyon"},"content":{"rendered":"<p>La pizza avec la plus grande vari\u00e9t\u00e9 de fromages<\/p>\n<p>1 001<\/p>\n<p>    &#13;<br \/>\n    &#13;<br \/>\n    &#13;<br \/>\n    <a href=\"https:\/\/cdn-s-www.leprogres.fr\/images\/6a80441b-a634-4b3a-883f-cfe62b5777be\/NW_raw\/la-pizza-aux-1001-fromages-bon-appetit-photo-david-tapissier-1696700255.jpg\" title=\"La pizza aux 1001 fromages. Bon app\u00e9tit\u00a0! Photo David Tapissier\" class=\"chocolat-image GA-tracking\" data-ga_type=\"click\" data-ga_category=\"D\u00e9tail\" data-ga_action=\"zoomer\" data-ga_label=\"aggrandir image\" target=\"_blank\" rel=\"noopener\">&#13;<br \/>\n        <img src=\"https:\/\/www.europesays.com\/fr\/wp-content\/uploads\/2025\/08\/la-pizza-aux-1001-fromages-bon-appetit-photo-david-tapissier-1743413192.jpg\"   alt=\"La pizza aux 1001 fromages. Bon app\u00e9tit\u00a0! Photo David Tapissier\" fetchpriority=\"high\" decoding=\"async\" data-mobile=\"NW_listA_M|1696700255\" data-base=\"NW_listA|1743413192\"\/>&#13;<br \/>\n    <\/a>&#13;<\/p>\n<p>La pizza aux 1001 fromages. Bon app\u00e9tit\u00a0! Photo David Tapissier<\/p>\n<p>Certains ont le record du plus haut saut \u00e0 la perche, d&rsquo;autres de la chirurgie cardiaque op\u00e9r\u00e9e sur le plus jeune patient au monde (un f\u0153tus de 23 semaines). \u00c0 Lyon, on a la pizza avec la plus grande vari\u00e9t\u00e9 de fromages.\u00a0A-t-on les records que l&rsquo;on m\u00e9rite\u00a0? En tout cas, celui-ci a \u00e9t\u00e9 \u00e9tabli le 8 octobre 2023 par <a href=\"https:\/\/www.leprogres.fr\/insolite\/2023\/10\/07\/une-pizza-lyonnaise-avec-1-001-fromages-un-nouveau-record-du-monde\" target=\"_blank\" rel=\"noopener\">le pizza\u00efolo lyonnais Beno\u00eet Bruel<\/a>.\u00a0<\/p>\n<p>Au menu, une pizza de 30 centim\u00e8tres de diam\u00e8tre, garnie de 1 001 fromages diff\u00e9rents (par morceaux de 2 g), provenant de France en grande majorit\u00e9 mais aussi d&rsquo;autres pays. Malgr\u00e9 son aspect peu reluisant, elle a \u00e9t\u00e9 d\u00e9gust\u00e9e sur place &#8211; une condition pour obtenir le record. Le chef l&rsquo;a admis : elle n&rsquo;avait \u00ab\u00a0aucun int\u00e9r\u00eat culinaire\u00a0\u00bb.<\/p>\n<p>La plus longue bande dessin\u00e9e r\u00e9alis\u00e9e (en \u00e9quipe)<\/p>\n<p>1,6 km<\/p>\n<ul class=\"galerieContent carousel-wrapper__slides\" id=\"94ad4878-9775-4a9a-88bc-f7c78f40a54f\">        &#13;<\/p>\n<li class=\"carousel-wrapper__slides--slide item\" id=\"slide-1\">&#13;<br \/>\n                                    &#13;<br \/>\n                        <a class=\"chocolat-image GA-tracking\" data-ga_type=\"click\" data-ga_category=\"D\u00e9tail\" data-ga_action=\"zoomer\" data-ga_label=\"aggrandir image\" href=\"https:\/\/cdn-s-www.leprogres.fr\/images\/80bd9e94-7d30-4f53-bcd3-c4f138f0264d\/NW_raw\/la-bande-dessinee-mesure-1-623-metres-exactement-photo-joel-philippon-1753869145.jpg\" title=\"La\u00a0bande dessin\u00e9e mesure 1 623 m\u00e8tres exactement. Photo Jo\u00ebl Philippon\" target=\"_blank\" rel=\"noopener\">&#13;<br \/>\n                            <img decoding=\"async\" src=\"https:\/\/www.europesays.com\/fr\/wp-content\/uploads\/2025\/08\/la-bande-dessinee-mesure-1-623-metres-exactement-photo-joel-philippon-1753869145.jpg\"   alt=\"La\u00a0bande dessin\u00e9e mesure 1 623 m\u00e8tres exactement. Photo Jo\u00ebl Philippon\" fetchpriority=\"high\" data-mobile=\"NW_listA_M|1753869145\" data-base=\"NW_listA|1753869145\"\/>&#13;<br \/>\n                        <\/a>&#13;<\/p>\n<p>La\u00a0bande dessin\u00e9e mesure 1 623 m\u00e8tres exactement. Photo Jo\u00ebl Philippon<\/p>\n<p>                        &#13;<br \/>\n                                           &#13;\n                <\/li>\n<p>&#13;<br \/>\n            &#13;<\/p>\n<li class=\"carousel-wrapper__slides--slide item slideWithPub\" id=\"slide-2\">&#13;<br \/>\n                        &#13;<br \/>\n                            <a class=\"chocolat-image\" title=\"Publicit\u00e9\" href=\"data:image\/gif;base64,R0lGODlhAQABAAD\/ACwAAAAAAQABAAACADs=\">&#13;<br \/>\n                                <img decoding=\"async\" src=\"data:image\/gif;base64,R0lGODlhAQABAAD\/ACwAAAAAAQABAAACADs=\" alt=\"Publicit\u00e9\" loading=\"lazy\" fetchpriority=\"low\"\/>&#13;<br \/>\n                            <\/a>&#13;<br \/>\n                        &#13;\n                    <\/li>\n<p>&#13;<\/p>\n<li class=\"carousel-wrapper__slides--slide item\" id=\"slide-3\">&#13;<br \/>\n                                    &#13;<br \/>\n                        <a class=\"chocolat-image GA-tracking\" data-ga_type=\"click\" data-ga_category=\"D\u00e9tail\" data-ga_action=\"zoomer\" data-ga_label=\"aggrandir image\" href=\"https:\/\/cdn-s-www.leprogres.fr\/images\/a94bf401-5712-43fb-8f4e-5e3312b6fef2\/NW_raw\/l-outil-pour-mesurer-la-longueur-photo-joel-philippon-1753869145.jpg\" title=\"L&#039;outil pour mesurer la longueur. Photo Jo\u00ebl Philippon\" target=\"_blank\" rel=\"noopener\">&#13;<br \/>\n                            <img decoding=\"async\" src=\"https:\/\/www.europesays.com\/fr\/wp-content\/uploads\/2025\/08\/l-outil-pour-mesurer-la-longueur-photo-joel-philippon-1753869145.jpg\"   alt=\"L'outil pour mesurer la longueur. Photo Jo\u00ebl Philippon\" loading=\"lazy\" fetchpriority=\"low\" data-mobile=\"NW_listA_M|1753869145\" data-base=\"NW_listA|1753869145\"\/>&#13;<br \/>\n                        <\/a>&#13;<\/p>\n<p>L&rsquo;outil pour mesurer la longueur. Photo Jo\u00ebl Philippon<\/p>\n<p>                        &#13;<br \/>\n                                           &#13;\n                <\/li>\n<p>&#13;<br \/>\n            &#13;\n                <\/ul>\n<p>Oui, c&rsquo;est tr\u00e8s pr\u00e9cis. Mais \u00e7a compte pour le Guinness. Cette BD a \u00e9t\u00e9 r\u00e9alis\u00e9e le 21 mai 2016 \u00e0 l&rsquo;occasion du Lyon BD festival. <a href=\"https:\/\/www.leprogres.fr\/sortir\/2015\/11\/13\/a-lyon-la-plus-grande-bd-du-monde-mesurera-1-6-km\" target=\"_blank\" rel=\"noopener\">D&rsquo;une longueur de 1 602 m\u00e8tres<\/a>, elle a \u00e9t\u00e9 expos\u00e9e dans le tunnel mode doux de la Croix-Rousse et raconte l&rsquo;histoire de L\u00e9a, qui trouve un stylo lui permettant de voyager dans le temps et de retracer le fil de l&rsquo;histoire lyonnaise.<\/p>\n<p>\u00c0 l&rsquo;\u0153uvre : l&rsquo;auteur lyonnais Jib\u00e9\u00a0(aid\u00e9 par Yan Le Pon), qui a r\u00e9alis\u00e9 les 1 600 cases du storyboard et les \u00e9tudiants des \u00e9coles Emile-Cohl (Lyon) et Joso Comic (Barcelone) qui ont dessin\u00e9 l&rsquo;objet final. Un travail de longue haleine n\u00e9cessaire pour r\u00e9cup\u00e9rer le record, d\u00e9j\u00e0 d\u00e9tenu en\u00a0en 2011 avant qu&rsquo;un \u201ccomic strip\u201d new-yorkais ne le rafle. Depuis, personne ne s&rsquo;y est frott\u00e9.\u00a0<\/p>\n<p>Le plus grand tirage anamorphique du monde<\/p>\n<p>4 227,5 m\u00b2<\/p>\n<p>    &#13;<br \/>\n    &#13;<br \/>\n    &#13;<br \/>\n    <a href=\"https:\/\/cdn-s-www.leprogres.fr\/images\/49b3652a-afc1-4104-a6c0-c46d55a9b4d2\/NW_raw\/avec-cette-anamorphose-renault-trucks-souhaitait-celebrer-sa-nouvelle-gamme-de-vehicules-et-son-attachement-au-territoire-photo-d-archives-joel-philippon-1508840636.jpg\" title=\"Avec cette anamorphose, Renault Trucks souhaitait c\u00e9l\u00e9brer sa nouvelle gamme de v\u00e9hicules et son attachement au territoire. Photo d&#039;archives Jo\u00ebl Philippon\" class=\"chocolat-image GA-tracking\" data-ga_type=\"click\" data-ga_category=\"D\u00e9tail\" data-ga_action=\"zoomer\" data-ga_label=\"aggrandir image\" target=\"_blank\" rel=\"noopener\">&#13;<br \/>\n        <img src=\"https:\/\/www.europesays.com\/fr\/wp-content\/uploads\/2025\/08\/avec-cette-anamorphose-renault-trucks-souhaitait-celebrer-sa-nouvelle-gamme-de-vehicules-et-son-atta.jpeg\"   alt=\"Avec cette anamorphose, Renault Trucks souhaitait c\u00e9l\u00e9brer sa nouvelle gamme de v\u00e9hicules et son attachement au territoire. Photo d'archives Jo\u00ebl Philippon\" fetchpriority=\"high\" decoding=\"async\" data-mobile=\"NW_listA_M|1508840636\" data-base=\"NW_listA|1743413192\"\/>&#13;<br \/>\n    <\/a>&#13;<\/p>\n<p>Avec cette anamorphose, Renault Trucks souhaitait c\u00e9l\u00e9brer sa nouvelle gamme de v\u00e9hicules et son attachement au territoire. Photo d&rsquo;archives Jo\u00ebl Philippon<\/p>\n<p>Le plus grand quoi ? Pas grand monde ne sait ce que c&rsquo;est, encore moins qu&rsquo;il y en a eu \u00e0 Lyon et de l\u00e0 \u00e0 parler d&rsquo;un record&#8230; Pourtant,\u00a0il est d\u00e9tenu chez nous depuis 2013 par Renault Trucks.<\/p>\n<p>Le 6 juillet, l&rsquo;entreprise, qui est bas\u00e9e \u00e0 Saint-Priest, fait installer une gigantesque image sur la place Bellecour. 4 227,5 m\u00b2, s\u00e9par\u00e9s en 25 pi\u00e8ces assembl\u00e9es par fermeture \u00e9clair, qui repr\u00e9sentent un pont et une ville en trompe-l&rsquo;\u0153il. Command\u00e9e pour f\u00eater la sortie d&rsquo;une nouvelle gamme de camions et r\u00e9affirmer l&rsquo;attachement de l&rsquo;entreprise au territoire, l&rsquo;\u0153uvre est sign\u00e9e Fran\u00e7ois Ab\u00e9lanet.<\/p>\n<p>Le plus grand nombre de briques cass\u00e9es en faisant le grand \u00e9cart<\/p>\n<p>17<\/p>\n<p>    &#13;<br \/>\n    &#13;<br \/>\n    &#13;<br \/>\n    <a href=\"https:\/\/cdn-s-www.leprogres.fr\/images\/df7b17fa-9fa1-464a-9751-1a9bd583b1d9\/NW_raw\/a-53-ans-sakir-uyar-esperait-decrocher-une-place-dans-le-livre-guiness-des-records-avec-17-plaques-de-beton-brisees-a-mains-nues-en-grand-ecart-photo-romain-ethuin-1655990285.jpg\" title=\"\u00c0 53 ans, Sakir Uyar esp\u00e8rait d\u00e9crocher une place dans le livre Guiness des records avec 17 plaques de b\u00e9ton bris\u00e9es \u00e0 mains nues en grand \u00e9cart. Photo Romain Ethuin\" class=\"chocolat-image GA-tracking\" data-ga_type=\"click\" data-ga_category=\"D\u00e9tail\" data-ga_action=\"zoomer\" data-ga_label=\"aggrandir image\" target=\"_blank\" rel=\"noopener\">&#13;<br \/>\n        <img src=\"https:\/\/www.europesays.com\/fr\/wp-content\/uploads\/2025\/08\/a-53-ans-sakir-uyar-esperait-decrocher-une-place-dans-le-livre-guiness-des-records-avec-17-plaques-d.jpeg\"   alt=\"\u00c0 53 ans, Sakir Uyar esp\u00e8rait d\u00e9crocher une place dans le livre Guiness des records avec 17 plaques de b\u00e9ton bris\u00e9es \u00e0 mains nues en grand \u00e9cart. Photo Romain Ethuin\" fetchpriority=\"high\" decoding=\"async\" data-mobile=\"NW_listA_M|1655990285\" data-base=\"NW_listA|1743413192\"\/>&#13;<br \/>\n    <\/a>&#13;<\/p>\n<p>\u00c0 53 ans, Sakir Uyar esp\u00e8rait d\u00e9crocher une place dans le livre Guiness des records avec 17 plaques de b\u00e9ton bris\u00e9es \u00e0 mains nues en grand \u00e9cart. Photo Romain Ethuin<\/p>\n<p>Plus c&rsquo;est niche, plus on s&rsquo;assure de d\u00e9tenir le record. C&rsquo;est\u00a0sans doute la devise de bon nombre\u00a0de personnes dans ce top. Et\u00a0Sakir Uyar, ex champion du monde de taekwondo franco-turc, n&rsquo;y \u00e9chappe pas. En 2022, il r\u00e9ussit, dans une rue du Vieux-Lyon, \u00e0 briser 17 plaques de b\u00e9ton \u00e0 mains nues tout en r\u00e9alisant un grand \u00e9cart.\u00a0<\/p>\n<p>La prestation est belle et propos\u00e9e au Guinness World Records. Malheureusement, aucune suite ne semble y avoir \u00e9t\u00e9 donn\u00e9e. \u00ab N\u2019importe quel pratiquant d\u2019arts martiaux peut le faire, mais la difficult\u00e9 r\u00e9side dans le grand \u00e9cart\u00a0\u00bb, assure Sakir Uyar. On vous laisse tenter votre chance.<\/p>\n<p>Le plus rapide au tir subaquatique<\/p>\n<p>1 minutes 04<\/p>\n<p>Depuis 20 ans, personne n&rsquo;a prouv\u00e9 au Guinness qu&rsquo;il pouvait faire mieux que Yohann Belpre, titulaire officiel de ce record en tir subaquatique : trois circuits compl\u00e9t\u00e9s en 1 minutes et 4 secondes \u00e0 Lyon. L&rsquo;histoire ne dit pas s&rsquo;il s&rsquo;en vante toujours sur son CV&#8230;<\/p>\n<p>                                            <img class=\"placeholder-svg\" loading=\"lazy\" decoding=\"async\" src=\"https:\/\/cdn-files.prsmedia.fr\/files\/REDAC\/images\/svg\/placeholders\/youtube.svg\" alt=\"Youtube PlaceHolder\"\/>               <\/p>\n<p>Ce contenu est bloqu\u00e9 car vous n&rsquo;avez pas accept\u00e9 les cookies et autres traceurs.<\/p>\n<p>En cliquant sur \u00ab J\u2019accepte \u00bb, les cookies et autres traceurs seront d\u00e9pos\u00e9s et vous pourrez visualiser les contenus  (<a href=\"\" class=\"consentModule_policy\" target=\"_blank\" title=\"Consulter la politique de protection des donn\u00e9es du fournisseur\">plus d&rsquo;informations<\/a>).<\/p>\n<p>En cliquant sur \u00ab J\u2019accepte tous les cookies \u00bb, vous autorisez des d\u00e9p\u00f4ts de cookies et autres traceurs pour le stockage de vos donn\u00e9es sur nos sites et applications \u00e0 des fins de personnalisation et de ciblage publicitaire.<\/p>\n<p class=\"consentModule_secondaryText\">Vous gardez la possibilit\u00e9 de retirer votre consentement \u00e0 tout moment en consultant notre <a href=\"https:\/\/www.leprogres.fr\/protection-des-donnees\" target=\"_blank\" title=\"Consulter notre politique de protection des donn\u00e9es\" rel=\"noopener\">politique de protection des donn\u00e9es<\/a>. <br \/>&#13;<br \/>\n            <a href=\"https:\/\/www.leprogres.fr\/insolite\/2025\/08\/03\/javascript:Didomi.notice.show()\" class=\"consentModule_cmp\" target=\"_blank\" rel=\"noopener\">G\u00e9rer mes choix<\/a>&#13;\n        <\/p>\n<p>&#13;<br \/>\n                        J&rsquo;accepte&#13;<br \/>\n            J&rsquo;accepte tous les cookies&#13;\n        <\/p>\n<p>Le plus grand nombre de titres\u00a0en Ligue des Champions f\u00e9minine<\/p>\n<p>8<\/p>\n<p>    &#13;<br \/>\n    &#13;<br \/>\n    &#13;<br \/>\n    <a href=\"https:\/\/cdn-s-www.leprogres.fr\/images\/1e26a39e-c120-414f-bb7d-758049928cae\/NW_raw\/en-2022-l-ol-3-1-contre-barcelone-en-finale-de-la-ligue-des-champions-feminine-photo-stephane-guiochon-1697801710.jpg\" title=\"En 2022, l&#039;OL 3-1 contre Barcelone en finale de la Ligue des Champions f\u00e9minine. Photo St\u00e9phane Guiochon\" class=\"chocolat-image GA-tracking\" data-ga_type=\"click\" data-ga_category=\"D\u00e9tail\" data-ga_action=\"zoomer\" data-ga_label=\"aggrandir image\" target=\"_blank\" rel=\"noopener\">&#13;<br \/>\n        <img src=\"https:\/\/www.europesays.com\/fr\/wp-content\/uploads\/2025\/08\/en-2022-l-ol-3-1-contre-barcelone-en-finale-de-la-ligue-des-champions-feminine-photo-stephane-guioch.jpeg\"   alt=\"En 2022, l'OL 3-1 contre Barcelone en finale de la Ligue des Champions f\u00e9minine. Photo St\u00e9phane Guiochon\" fetchpriority=\"high\" decoding=\"async\" data-mobile=\"NW_listA_M|1697801710\" data-base=\"NW_listA|1743413192\"\/>&#13;<br \/>\n    <\/a>&#13;<\/p>\n<p>En 2022, l&rsquo;OL 3-1 contre Barcelone en finale de la Ligue des Champions f\u00e9minine. Photo St\u00e9phane Guiochon<\/p>\n<p>Mais aussi le plus grand nombre de titres cons\u00e9cutifs (5), le plus grand nombre de finales disput\u00e9es (11), le plus grand nombre de buts marqu\u00e9s (516), le plus grand nombre de matches jou\u00e9s (152) et remport\u00e9s (119), la plus longue invincibilit\u00e9 (31 matches)&#8230;\u00a0On aurait pu faire tout le top 10 rien que sur l&rsquo;\u00e9quipe OL Lyonnes et la Ligue des Champions.<\/p>\n<p>Si ces records ne sont pas vraiment improbables, ils sont tellement nombreux qu&rsquo;on ne pouvait pas ne pas les citer.<\/p>\n<p>La plus haute tour de planchettes en bois<\/p>\n<p>18,4 m<\/p>\n<ul class=\"galerieContent carousel-wrapper__slides\" id=\"75e06612-f5fe-4647-bead-a1af0cd94b98\">        &#13;<\/p>\n<li class=\"carousel-wrapper__slides--slide item\" id=\"slide-1\">&#13;<br \/>\n                                    &#13;<br \/>\n                        <a class=\"chocolat-image GA-tracking\" data-ga_type=\"click\" data-ga_category=\"D\u00e9tail\" data-ga_action=\"zoomer\" data-ga_label=\"aggrandir image\" href=\"https:\/\/cdn-s-www.leprogres.fr\/images\/4c691969-a8bb-4e2e-b0b0-457f3a2aa359\/NW_raw\/la-tour-a-ete-constuite-dans-les-locaux-d-azium-aujourd-hui-climb-up-a-confluence-photo-jean-christophe-morera-1463170269.jpg\" title=\"La tour a \u00e9t\u00e9 constuite dans les locaux d&#039;Azium, aujourd&#039;hui Climb Up, \u00e0 Confluence. Photo Jean-Christophe Morera\" target=\"_blank\" rel=\"noopener\">&#13;<br \/>\n                            <img decoding=\"async\" src=\"https:\/\/www.europesays.com\/fr\/wp-content\/uploads\/2025\/08\/la-tour-a-ete-constuite-dans-les-locaux-d-azium-aujourd-hui-climb-up-a-confluence-photo-jean-christo.jpeg\"   alt=\"La tour a \u00e9t\u00e9 constuite dans les locaux d'Azium, aujourd'hui Climb Up, \u00e0 Confluence. Photo Jean-Christophe Morera\" fetchpriority=\"high\" data-mobile=\"NW_listA_M|1463170269\" data-base=\"NW_listA|1743413192\"\/>&#13;<br \/>\n                        <\/a>&#13;<\/p>\n<p>La tour a \u00e9t\u00e9 constuite dans les locaux d&rsquo;Azium, aujourd&rsquo;hui Climb Up, \u00e0 Confluence. Photo Jean-Christophe Morera<\/p>\n<p>                        &#13;<br \/>\n                                           &#13;\n                <\/li>\n<p>&#13;<br \/>\n            &#13;<\/p>\n<li class=\"carousel-wrapper__slides--slide item slideWithPub\" id=\"slide-2\">&#13;<br \/>\n                        &#13;<br \/>\n                            <a class=\"chocolat-image\" title=\"Publicit\u00e9\" href=\"data:image\/gif;base64,R0lGODlhAQABAAD\/ACwAAAAAAQABAAACADs=\">&#13;<br \/>\n                                <img decoding=\"async\" src=\"data:image\/gif;base64,R0lGODlhAQABAAD\/ACwAAAAAAQABAAACADs=\" alt=\"Publicit\u00e9\" loading=\"lazy\" fetchpriority=\"low\"\/>&#13;<br \/>\n                            <\/a>&#13;<br \/>\n                        &#13;\n                    <\/li>\n<p>&#13;<\/p>\n<li class=\"carousel-wrapper__slides--slide item\" id=\"slide-3\">&#13;<br \/>\n                                    &#13;<br \/>\n                        <a class=\"chocolat-image GA-tracking\" data-ga_type=\"click\" data-ga_category=\"D\u00e9tail\" data-ga_action=\"zoomer\" data-ga_label=\"aggrandir image\" href=\"https:\/\/cdn-s-www.leprogres.fr\/images\/971696be-02f1-476f-8c0f-f87733da3605\/NW_raw\/la-construction-est-inspiree-du-burj-khalifa-a-dubai-la-plus-haute-tour-du-monde-photo-jean-christophe-morera-1753720794.jpg\" title=\"La construction est inspir\u00e9e du Burj Khalifa \u00e0 Duba\u00ef, la plus haute tour du monde. Photo Jean-Christophe Morera\" target=\"_blank\" rel=\"noopener\">&#13;<br \/>\n                            <img decoding=\"async\" src=\"https:\/\/www.europesays.com\/fr\/wp-content\/uploads\/2025\/08\/la-construction-est-inspiree-du-burj-khalifa-a-dubai-la-plus-haute-tour-du-monde-photo-jean-christop.jpeg\"   alt=\"La construction est inspir\u00e9e du Burj Khalifa \u00e0 Duba\u00ef, la plus haute tour du monde. Photo Jean-Christophe Morera\" loading=\"lazy\" fetchpriority=\"low\" data-mobile=\"NW_listA_M|1753720794\" data-base=\"NW_listA|1753720794\"\/>&#13;<br \/>\n                        <\/a>&#13;<\/p>\n<p>La construction est inspir\u00e9e du Burj Khalifa \u00e0 Duba\u00ef, la plus haute tour du monde. Photo Jean-Christophe Morera<\/p>\n<p>                        &#13;<br \/>\n                                           &#13;\n                <\/li>\n<p>&#13;<br \/>\n            &#13;\n                <\/ul>\n<p>En 2016, le Centre Kapla de Lyon d\u00e9cide de battre le record de la plus haute tour en planchettes en bois. En 16 heures,\u00a09 834\u00a0planchettes sont mont\u00e9es les unes sur les autres, dans une salle d&rsquo;escalade du 2e arrondissement de Lyon. <a href=\"https:\/\/www.leprogres.fr\/rhone\/2016\/05\/14\/18-40-metres-record-du-monde-de-la-plus-haute-tour-en-kapla\" target=\"_blank\" rel=\"noopener\">Record \u00e9tabli \u00e0 18,40 m\u00e8tres<\/a>.<\/p>\n<p>Malheureusement, il sera battu en 2023 par un&#8230; Lig\u00e9rien (le sentiment de d\u00e9faite n&rsquo;en est que plus grand). Benjamin Crouzier, originaire du Coteau, et son \u00e9quipe, ont construit une tour de\u00a027,46 m \u00e0 Londres.<\/p>\n<p>La plus grande omelette norv\u00e9gienne et la plus grosse choucroute<\/p>\n<p>1,5 t et 34 m<\/p>\n<p>Ici, on vous en sert deux pour le prix d&rsquo;un. De quoi se rattraper puisque ces records ne sont plus vraiment les n\u00f4tres&#8230; En 1986, la c\u00e9l\u00e8bre Brasserie Georges se plie en quatre pour inscrire dans le Guinness le record de la plus grosse choucroute (1,5 tonne, rien que \u00e7a). Dix ans plus tard, le restaurant r\u00e9it\u00e8re mais cette fois, en proposant la plus grande omelette norv\u00e9gienne, longue de 34 m\u00e8tres.<\/p>\n<p>Mais ces titres nous ont depuis \u00e9t\u00e9 rafl\u00e9s. En Alsace (qui d&rsquo;autre\u00a0?) pour la choucroute en 2022 et en 2014 \u00e0 Saint-Pierre-de-Chartreuse (Is\u00e8re) pour l&rsquo;omelette norv\u00e9gienne.<\/p>\n<p>Le plus grand nombre de tours sur la roue avant d&rsquo;un BMX<\/p>\n<p>18<\/p>\n<p>&#8230; avec un seul pied et en 30 secondes (il n&rsquo;y aurait pas moyen de gagner le record du plus long titre de record avec \u00e7a\u00a0?). En 2014, le Lyonnais R\u00e9my Dunoyer\u00a0r\u00e9alise 18 tours d&rsquo;affil\u00e9e en \u201cnose wheelie one foot\u201d, soit sur sa roue avant de BMX et un seul pied sur la p\u00e9dale. Le tout en 30 secondes. Trois tentatives lui auront \u00e9t\u00e9 n\u00e9cessaires pour faire homologuer son record.<\/p>\n<p>                                            <img class=\"placeholder-svg\" loading=\"lazy\" decoding=\"async\" src=\"https:\/\/cdn-files.prsmedia.fr\/files\/REDAC\/images\/svg\/placeholders\/vimeo.svg\" alt=\"Vimeo PlaceHolder\"\/><\/p>\n<p>Ce contenu est bloqu\u00e9 car vous n&rsquo;avez pas accept\u00e9 les cookies et autres traceurs.<\/p>\n<p>En cliquant sur \u00ab J\u2019accepte \u00bb, les cookies et autres traceurs seront d\u00e9pos\u00e9s et vous pourrez visualiser les contenus  (<a href=\"\" class=\"consentModule_policy\" target=\"_blank\" title=\"Consulter la politique de protection des donn\u00e9es du fournisseur\">plus d&rsquo;informations<\/a>).<\/p>\n<p>En cliquant sur \u00ab J\u2019accepte tous les cookies \u00bb, vous autorisez des d\u00e9p\u00f4ts de cookies et autres traceurs pour le stockage de vos donn\u00e9es sur nos sites et applications \u00e0 des fins de personnalisation et de ciblage publicitaire.<\/p>\n<p class=\"consentModule_secondaryText\">Vous gardez la possibilit\u00e9 de retirer votre consentement \u00e0 tout moment en consultant notre <a href=\"https:\/\/www.leprogres.fr\/protection-des-donnees\" target=\"_blank\" title=\"Consulter notre politique de protection des donn\u00e9es\" rel=\"noopener\">politique de protection des donn\u00e9es<\/a>. <br \/>&#13;<br \/>\n            <a href=\"https:\/\/www.leprogres.fr\/insolite\/2025\/08\/03\/javascript:Didomi.notice.show()\" class=\"consentModule_cmp\" target=\"_blank\" rel=\"noopener\">G\u00e9rer mes choix<\/a>&#13;\n        <\/p>\n<p>&#13;<br \/>\n                        J&rsquo;accepte&#13;<br \/>\n            J&rsquo;accepte tous les cookies&#13;\n        <\/p>\n<p>Malheureusement, il n&rsquo;est plus le tenant du titre, d\u00e9tr\u00f4n\u00e9 par l&rsquo;Allemand\u00a0Chris Bo\u0308hm, qui a r\u00e9ussi \u00e0 en faire 20 en 2024.<\/p>\n<p>Le plus long fil d&rsquo;aligot<\/p>\n<p>6,3 m<\/p>\n<p>Bon, pour ce 10e record, on admet que c&rsquo;est un peu tir\u00e9 par les cheveux. Le record du plus long fil d&rsquo;aligot au monde, \u00e9tabli le 9 f\u00e9vrier 2024, a \u00e9t\u00e9 r\u00e9alis\u00e9 \u00e0 Caen (cherchez l&rsquo;erreur), par trois fr\u00e8res. Cyprien Gosset, Wandrille Gosset et celui qui nous int\u00e9resse le plus\u00a0: Vincent Gosset. Et pour cause\u00a0! Il est Lyonnais. Voil\u00e0 qui fait nos affaires.<\/p>\n<p>Pour en revenir au record, homologu\u00e9 dans le Guinness Book, il consiste en un long fil de 6,30 m d&rsquo;aligot. Un r\u00e9gal.<\/p>\n<p class=\"insetTitle\">Un nouveau record lyonnais en 2026 ?<\/p>\n<p>Messmer, d\u00e9j\u00e0 d\u00e9tenteur\u00a0du nombre de personnes hypnotis\u00e9es en moins de cinq minutes, compte bien se battre lui-m\u00eame&#8230; \u00e0 Lyon (ou plus pr\u00e9cis\u00e9ment \u00e0 D\u00e9cines-Charpieu). Rendez-vous \u00e0 la LDLC Arena le 28 f\u00e9vrier 2026 pour savoir s&rsquo;il r\u00e9ussira ce d\u00e9fi contre lui-m\u00eame. <a href=\"https:\/\/www.leprogres.fr\/culture-loisirs\/2025\/04\/16\/pour-battre-le-record-du-monde-d-hypnose-messmer-a-choisi-lyon-et-la-ldlc-arena\" target=\"_blank\" rel=\"noopener\">Objectif : d\u00e9passer les 1066 personnes hypnotis\u00e9es<\/a>.<\/p>\n","protected":false},"excerpt":{"rendered":"La pizza avec la plus grande vari\u00e9t\u00e9 de fromages 1 001 &#13; &#13; &#13; &#13; &#13; &#13; La&hellip;\n","protected":false},"author":2,"featured_media":292765,"comment_status":"","ping_status":"","sticky":false,"template":"","format":"standard","meta":{"footnotes":""},"categories":[1889],"tags":[1111,11,2430,1687,2757,1777,674,107,1011,27,1757,2428,6016,12,25,2429,4604,104],"class_list":{"0":"post-292764","1":"post","2":"type-post","3":"status-publish","4":"format-standard","5":"has-post-thumbnail","7":"category-lyon","8":"tag-actu","9":"tag-actualites","10":"tag-auvergne-rhone-alpes","11":"tag-culture-loisirs","12":"tag-edition-lyon-villeurbanne","13":"tag-eu","14":"tag-europe","15":"tag-fil-info","16":"tag-fr","17":"tag-france","18":"tag-insolite","19":"tag-lyon","20":"tag-magazine-cuisine-et-vins","21":"tag-news","22":"tag-republique-francaise","23":"tag-rhone","24":"tag-selection-abonne","25":"tag-societe"},"share_on_mastodon":{"url":"https:\/\/pubeurope.com\/@fr\/114962851825426771","error":""},"_links":{"self":[{"href":"https:\/\/www.europesays.com\/fr\/wp-json\/wp\/v2\/posts\/292764","targetHints":{"allow":["GET"]}}],"collection":[{"href":"https:\/\/www.europesays.com\/fr\/wp-json\/wp\/v2\/posts"}],"about":[{"href":"https:\/\/www.europesays.com\/fr\/wp-json\/wp\/v2\/types\/post"}],"author":[{"embeddable":true,"href":"https:\/\/www.europesays.com\/fr\/wp-json\/wp\/v2\/users\/2"}],"replies":[{"embeddable":true,"href":"https:\/\/www.europesays.com\/fr\/wp-json\/wp\/v2\/comments?post=292764"}],"version-history":[{"count":0,"href":"https:\/\/www.europesays.com\/fr\/wp-json\/wp\/v2\/posts\/292764\/revisions"}],"wp:featuredmedia":[{"embeddable":true,"href":"https:\/\/www.europesays.com\/fr\/wp-json\/wp\/v2\/media\/292765"}],"wp:attachment":[{"href":"https:\/\/www.europesays.com\/fr\/wp-json\/wp\/v2\/media?parent=292764"}],"wp:term":[{"taxonomy":"category","embeddable":true,"href":"https:\/\/www.europesays.com\/fr\/wp-json\/wp\/v2\/categories?post=292764"},{"taxonomy":"post_tag","embeddable":true,"href":"https:\/\/www.europesays.com\/fr\/wp-json\/wp\/v2\/tags?post=292764"}],"curies":[{"name":"wp","href":"https:\/\/api.w.org\/{rel}","templated":true}]}}