{"id":292766,"date":"2025-08-03T04:06:11","date_gmt":"2025-08-03T04:06:11","guid":{"rendered":"https:\/\/www.europesays.com\/fr\/292766\/"},"modified":"2025-08-03T04:06:11","modified_gmt":"2025-08-03T04:06:11","slug":"gainage-velo-course-le-programme-estival-des-joueurs-du-psg-pour-etre-prets-face-a-tottenham","status":"publish","type":"post","link":"https:\/\/www.europesays.com\/fr\/292766\/","title":{"rendered":"Gainage, v\u00e9lo, course\u00a0: le programme estival des joueurs du PSG pour \u00eatre pr\u00eats face \u00e0 Tottenham"},"content":{"rendered":"<p class=\"paragraph text_align_left lp-f-body-02\">Le terme \u00ab pr\u00e9paration \u00bb n\u2019est sans doute pas adapt\u00e9 pour d\u00e9crire les quelques jours qui permettront <a href=\"https:\/\/www.leparisien.fr\/sports\/football\/psg\/\" target=\"_blank\" rel=\"nofollow noopener\">au PSG<\/a> d\u2019\u00eatre d\u2019attaque pour la Supercoupe d\u2019Europe contre Tottenham. Invit\u00e9s \u00e0 reprendre l\u2019entra\u00eenement au Campus le mercredi 6 ao\u00fbt, les joueurs de Luis Enrique n\u2019auront qu\u2019une toute petite semaine pour pr\u00e9parer le match face aux Anglais, qui aura lieu le 13 ao\u00fbt \u00e0 Udine (Italie).<\/p>\n","protected":false},"excerpt":{"rendered":"Le terme \u00ab pr\u00e9paration \u00bb n\u2019est sans doute pas adapt\u00e9 pour d\u00e9crire les quelques jours qui permettront au&hellip;\n","protected":false},"author":2,"featured_media":292767,"comment_status":"","ping_status":"","sticky":false,"template":"","format":"standard","meta":{"footnotes":""},"categories":[1888],"tags":[1111,1928,11,1927,1777,674,63,1011,27,12,1926,626,1925,93,25,60],"class_list":{"0":"post-292766","1":"post","2":"type-post","3":"status-publish","4":"format-standard","5":"has-post-thumbnail","7":"category-paris","8":"tag-actu","9":"tag-actu-paris","10":"tag-actualites","11":"tag-actualites-paris","12":"tag-eu","13":"tag-europe","14":"tag-football","15":"tag-fr","16":"tag-france","17":"tag-news","18":"tag-news-paris","19":"tag-paris","20":"tag-paris-news","21":"tag-psg","22":"tag-republique-francaise","23":"tag-sports"},"share_on_mastodon":{"url":"https:\/\/pubeurope.com\/@fr\/114962863399492007","error":""},"_links":{"self":[{"href":"https:\/\/www.europesays.com\/fr\/wp-json\/wp\/v2\/posts\/292766","targetHints":{"allow":["GET"]}}],"collection":[{"href":"https:\/\/www.europesays.com\/fr\/wp-json\/wp\/v2\/posts"}],"about":[{"href":"https:\/\/www.europesays.com\/fr\/wp-json\/wp\/v2\/types\/post"}],"author":[{"embeddable":true,"href":"https:\/\/www.europesays.com\/fr\/wp-json\/wp\/v2\/users\/2"}],"replies":[{"embeddable":true,"href":"https:\/\/www.europesays.com\/fr\/wp-json\/wp\/v2\/comments?post=292766"}],"version-history":[{"count":0,"href":"https:\/\/www.europesays.com\/fr\/wp-json\/wp\/v2\/posts\/292766\/revisions"}],"wp:featuredmedia":[{"embeddable":true,"href":"https:\/\/www.europesays.com\/fr\/wp-json\/wp\/v2\/media\/292767"}],"wp:attachment":[{"href":"https:\/\/www.europesays.com\/fr\/wp-json\/wp\/v2\/media?parent=292766"}],"wp:term":[{"taxonomy":"category","embeddable":true,"href":"https:\/\/www.europesays.com\/fr\/wp-json\/wp\/v2\/categories?post=292766"},{"taxonomy":"post_tag","embeddable":true,"href":"https:\/\/www.europesays.com\/fr\/wp-json\/wp\/v2\/tags?post=292766"}],"curies":[{"name":"wp","href":"https:\/\/api.w.org\/{rel}","templated":true}]}}