{"id":292768,"date":"2025-08-03T04:07:16","date_gmt":"2025-08-03T04:07:16","guid":{"rendered":"https:\/\/www.europesays.com\/fr\/292768\/"},"modified":"2025-08-03T04:07:16","modified_gmt":"2025-08-03T04:07:16","slug":"les-joueurs-du-psg-font-connaissance-avec-stefan-madsen-leur-nouveau-coach","status":"publish","type":"post","link":"https:\/\/www.europesays.com\/fr\/292768\/","title":{"rendered":"Les joueurs du PSG font connaissance avec Stefan Madsen, leur nouveau coach"},"content":{"rendered":"<p>Deux matches amicaux en Allemagne avant la tourn\u00e9e au Japon<\/p>\n<p>Les champions de France partiront ce samedi en Allemagne, o\u00f9 ils disputeront deux matches amicaux contre Rhein-Neckar et G\u00f6ppingen, avant de recevoir Dunkerque le 8\u00a0ao\u00fbt \u00e0 huis clos \u00e0 Coubertin, puis de s&rsquo;envoler pour leur habituelle tourn\u00e9e au Japon, du 12 au 21\u00a0ao\u00fbt. Ils y affronteront le Zeekstar Tokyo et l&rsquo;\u00e9quipe nationale nipponne. La comp\u00e9tition officielle reprendra le 30\u00a0ao\u00fbt avec le Troph\u00e9e des champions contre Montpellier \u00e0 l&rsquo;Arena Futuroscope de Poitiers.<\/p>\n","protected":false},"excerpt":{"rendered":"Deux matches amicaux en Allemagne avant la tourn\u00e9e au Japon Les champions de France partiront ce samedi en&hellip;\n","protected":false},"author":2,"featured_media":292769,"comment_status":"","ping_status":"","sticky":false,"template":"","format":"standard","meta":{"footnotes":""},"categories":[1888],"tags":[1111,1928,11,1927,1777,674,1011,27,12,1926,626,1925,25],"class_list":{"0":"post-292768","1":"post","2":"type-post","3":"status-publish","4":"format-standard","5":"has-post-thumbnail","7":"category-paris","8":"tag-actu","9":"tag-actu-paris","10":"tag-actualites","11":"tag-actualites-paris","12":"tag-eu","13":"tag-europe","14":"tag-fr","15":"tag-france","16":"tag-news","17":"tag-news-paris","18":"tag-paris","19":"tag-paris-news","20":"tag-republique-francaise"},"share_on_mastodon":{"url":"https:\/\/pubeurope.com\/@fr\/114962867378651176","error":""},"_links":{"self":[{"href":"https:\/\/www.europesays.com\/fr\/wp-json\/wp\/v2\/posts\/292768","targetHints":{"allow":["GET"]}}],"collection":[{"href":"https:\/\/www.europesays.com\/fr\/wp-json\/wp\/v2\/posts"}],"about":[{"href":"https:\/\/www.europesays.com\/fr\/wp-json\/wp\/v2\/types\/post"}],"author":[{"embeddable":true,"href":"https:\/\/www.europesays.com\/fr\/wp-json\/wp\/v2\/users\/2"}],"replies":[{"embeddable":true,"href":"https:\/\/www.europesays.com\/fr\/wp-json\/wp\/v2\/comments?post=292768"}],"version-history":[{"count":0,"href":"https:\/\/www.europesays.com\/fr\/wp-json\/wp\/v2\/posts\/292768\/revisions"}],"wp:featuredmedia":[{"embeddable":true,"href":"https:\/\/www.europesays.com\/fr\/wp-json\/wp\/v2\/media\/292769"}],"wp:attachment":[{"href":"https:\/\/www.europesays.com\/fr\/wp-json\/wp\/v2\/media?parent=292768"}],"wp:term":[{"taxonomy":"category","embeddable":true,"href":"https:\/\/www.europesays.com\/fr\/wp-json\/wp\/v2\/categories?post=292768"},{"taxonomy":"post_tag","embeddable":true,"href":"https:\/\/www.europesays.com\/fr\/wp-json\/wp\/v2\/tags?post=292768"}],"curies":[{"name":"wp","href":"https:\/\/api.w.org\/{rel}","templated":true}]}}