{"id":292772,"date":"2025-08-03T04:09:10","date_gmt":"2025-08-03T04:09:10","guid":{"rendered":"https:\/\/www.europesays.com\/fr\/292772\/"},"modified":"2025-08-03T04:09:10","modified_gmt":"2025-08-03T04:09:10","slug":"pourquoi-disneyland-paris-est-ouvert-tous-les-jours-et-pas-le-louvre-le-sociologue-jean-viard-plaide-pour-un-meilleur-etalement-des-flux-touristiques-et-une-regulation-grace-a-internet","status":"publish","type":"post","link":"https:\/\/www.europesays.com\/fr\/292772\/","title":{"rendered":"\u00ab\u00a0Pourquoi Disneyland Paris est ouvert tous les jours et pas le Louvre?\u00a0\u00bb: le sociologue Jean Viard plaide pour un meilleur \u00e9talement des flux touristiques et une r\u00e9gulation gr\u00e2ce \u00e0 Internet"},"content":{"rendered":"<p><strong>N&rsquo;y a-t-il pas une contradiction fran\u00e7aise de se vanter, d&rsquo;une part, d&rsquo;\u00eatre le pays qui attire le plus de touristes au monde et, d&rsquo;autre part, de se plaindre d&rsquo;un envahissement?<\/strong><\/p>\n<p>Effectivement, il y a une contradiction. Quand il \u00e9tait ministre des Affaires \u00c9trang\u00e8res et du Tourisme, Laurent Fabius s\u2019\u00e9tait fix\u00e9 100 millions de touristes par an, chiffre que nous avons atteint en 2024.<\/p>\n<p>C&rsquo;est important parce que c&rsquo;est au moins 8% du PIB, et en plus, les emplois qui en d\u00e9coulent permettent souvent \u00e0 des gens qui n\u2019ont pas une tr\u00e8s haute formation de travailler, dans la restauration, les h\u00f4tels, les campings etc. Ce discours d\u2019envahissement pose un vrai probl\u00e8me. C&rsquo;est vrai que le touriste est un envahisseur qui transforme les soci\u00e9t\u00e9s. Le vrai probl\u00e8me du surtourisme est d\u00fb selon moi \u00e0 une absence totale de politique touristique.<\/p>\n<p>On laisse se d\u00e9verser des dizaines de millions de personnes \u2013 un milliard et demi de personnes sur le globe \u2013 sans aucune gestion des flux.<\/p>\n<p>Pour la Corse, on pourrait par exemple d\u00e9cider qu\u2019il y a tant de bateaux par jour et tant d\u2019avions \u00e0 pr\u00e9voir en haute de saison \u00e9videmment. Prenez l\u2019exemple du Louvre. Le mus\u00e9e ferme le mardi. Et \u00e0 18h le samedi et le dimanche. On est o\u00f9? J\u2019ai sugg\u00e9r\u00e9 \u00e0 plusieurs ministres concern\u00e9s de l\u2019ouvrir tous les jours et en soir\u00e9e. Sans r\u00e9ponse. Pourquoi on irait au cin\u00e9ma le soir et pas au Louvre? Pourquoi Disneyland Paris est ouvert tous les jours et pas le Louvre? Il y a trop de monde au Louvre car il est ouvert \u00e0 mi-temps. Dans le sud, on a r\u00e9gul\u00e9 la calanque de Sugiton et les gens sont ravis car ils savent qu\u2019ils n\u2019y seront jamais en nombre.<\/p>\n<p><strong>Vous \u00eates donc favorable \u00e0 une r\u00e9gulation?<\/strong><\/p>\n<p>Je suis favorable \u00e0 la r\u00e9gulation num\u00e9rique du tourisme, pas financi\u00e8re. Le tourisme doit avoir son double num\u00e9rique, c\u2019est-\u00e0-dire que nous devrions pouvoir en permanence, sur Internet, estimer le nombre de visiteurs attendus sur tel site \u00e0 la date que l\u2019on a choisie, le temps d\u2019attente estim\u00e9 pour telle visite. Le tout sur les bases des archives. Nous devons mettre sur pied une France num\u00e9rique du tourisme. Le flux non contr\u00f4l\u00e9 actuel revient \u00e0 l\u00e2cher sur l&rsquo;autoroute des automobilistes sans pr\u00e9venir des bouchons. Le but, c&rsquo;est de se dire que le touriste doit \u00eatre cool, C\u2019est la strat\u00e9gie pr\u00f4n\u00e9e par la mairie de Barcelone, qui a analys\u00e9 tous les flux entre ceux qui viennent des campings pour manger une fois sur les ramblas, \u00e0 midi, en plein soleil, ceux qui viennent par passion du patrimoine, ceux qui viennent le temps d\u2019une journ\u00e9e, etc. La mairie propose ainsi des alternatives, d\u2019autres quartiers, d\u2019autres restaurants, afin que tous ces gens-l\u00e0 ne se croisent pas.<\/p>\n<p><strong>Il faut bien tenir compte aussi du calendrier des vacances\u2026<\/strong><\/p>\n<p>C\u2019est un vrai probl\u00e8me car le tourisme est bloqu\u00e9 par la politique du temps de l\u2019\u00c9ducation nationale. Nous avons les vacances interm\u00e9diaires les plus longues d&rsquo;Europe, ce qui est totalement absurde avec ce syst\u00e8me des 15 jours \u00e9tal\u00e9s par r\u00e9gion. C&rsquo;est d&rsquo;autant plus absurde qu&rsquo;un des grands enjeux des vacances interm\u00e9diaires, c&rsquo;est les grands-parents. Or, 50% des gens ne vivent pas dans leur d\u00e9partement de naissance. \u00c9taler les vacances interm\u00e9diaires, \u00e7a emp\u00eache le lien entre les grands-parents et les petits-enfants, et surtout \u00e7a emp\u00eache qu&rsquo;ils s&rsquo;en occupent quand les parents travaillent.<\/p>\n<p>Tout cela n\u2019est pas pens\u00e9. Il faut donc diminuer les vacances interm\u00e9diaires et les replacer \u00e0 une date symbolique, les vacances de P\u00e2ques, c\u2019est \u00e0 P\u00e2ques et pas en mai!<\/p>\n<p>Pour d\u00e9sengorger le calendrier, il serait judicieux d\u2019autoriser les parents \u00e0 prendre une semaine de vacances libres par ann\u00e9e, comme le font les profs avec les voyages scolaires. Les familles pourraient ainsi partir quand c\u2019est moins cher, et on pourrait par exemple partir skier quand il y a de la neige.<\/p>\n<p><strong>L\u2019emploi du temps des familles manque de souplesse?<\/strong><\/p>\n<p>On a fait les 35 heures, on a fait le t\u00e9l\u00e9travail, on a amen\u00e9 l\u2019emploi f\u00e9minin \u00e0 85%. Ce sont des changements structurels du temps des familles. Il faut maintenant mettre de la souplesse du c\u00f4t\u00e9 des familles. Quand je dis \u00e7a, les syndicats d\u2019enseignants s\u2019indignent car ils ne pensent pas en priorit\u00e9 \u00e0 la famille et \u00e0 l&rsquo;enfant, qui sont le c\u0153ur du lien social. Quand les profs font de la formation, \u00e7a ne les g\u00eane pas de ne pas faire cours.<\/p>\n<p><strong>Vous \u00e9voquez une d\u00e9mocratie r\u00e9elle du tourisme. C\u2019est quoi?<\/strong><\/p>\n<p>Le fait que les jeunes des quartiers ne partent pas est un vrai probl\u00e8me. Car c\u2019est en vacances que l\u2019on a son premier rapport amoureux. Les gar\u00e7ons tuent le temps entre gar\u00e7ons, avec ensuite des rapports aux femmes difficiles. Le lieu de crispation de la banlieue, c\u2019est le non-d\u00e9part en vacances.<\/p>\n<p>\u00c0 lire: \u00ab\u00a0Quand le tourisme s\u2019\u00e9veillera\u00a0\u00bb. Jean Viard et Linda Lain\u00e9. (\u00c9ditions de l\u2019Aube). 236 pages, 21 euros.<\/p>\n","protected":false},"excerpt":{"rendered":"N&rsquo;y a-t-il pas une contradiction fran\u00e7aise de se vanter, d&rsquo;une part, d&rsquo;\u00eatre le pays qui attire le plus&hellip;\n","protected":false},"author":2,"featured_media":292773,"comment_status":"","ping_status":"","sticky":false,"template":"","format":"standard","meta":{"footnotes":""},"categories":[1888],"tags":[11,33,1777,674,1011,27,12,626,25,602],"class_list":{"0":"post-292772","1":"post","2":"type-post","3":"status-publish","4":"format-standard","5":"has-post-thumbnail","7":"category-paris","8":"tag-actualites","9":"tag-economie","10":"tag-eu","11":"tag-europe","12":"tag-fr","13":"tag-france","14":"tag-news","15":"tag-paris","16":"tag-republique-francaise","17":"tag-tourisme"},"share_on_mastodon":{"url":"https:\/\/pubeurope.com\/@fr\/114962875275237322","error":""},"_links":{"self":[{"href":"https:\/\/www.europesays.com\/fr\/wp-json\/wp\/v2\/posts\/292772","targetHints":{"allow":["GET"]}}],"collection":[{"href":"https:\/\/www.europesays.com\/fr\/wp-json\/wp\/v2\/posts"}],"about":[{"href":"https:\/\/www.europesays.com\/fr\/wp-json\/wp\/v2\/types\/post"}],"author":[{"embeddable":true,"href":"https:\/\/www.europesays.com\/fr\/wp-json\/wp\/v2\/users\/2"}],"replies":[{"embeddable":true,"href":"https:\/\/www.europesays.com\/fr\/wp-json\/wp\/v2\/comments?post=292772"}],"version-history":[{"count":0,"href":"https:\/\/www.europesays.com\/fr\/wp-json\/wp\/v2\/posts\/292772\/revisions"}],"wp:featuredmedia":[{"embeddable":true,"href":"https:\/\/www.europesays.com\/fr\/wp-json\/wp\/v2\/media\/292773"}],"wp:attachment":[{"href":"https:\/\/www.europesays.com\/fr\/wp-json\/wp\/v2\/media?parent=292772"}],"wp:term":[{"taxonomy":"category","embeddable":true,"href":"https:\/\/www.europesays.com\/fr\/wp-json\/wp\/v2\/categories?post=292772"},{"taxonomy":"post_tag","embeddable":true,"href":"https:\/\/www.europesays.com\/fr\/wp-json\/wp\/v2\/tags?post=292772"}],"curies":[{"name":"wp","href":"https:\/\/api.w.org\/{rel}","templated":true}]}}