{"id":292774,"date":"2025-08-03T04:10:11","date_gmt":"2025-08-03T04:10:11","guid":{"rendered":"https:\/\/www.europesays.com\/fr\/292774\/"},"modified":"2025-08-03T04:10:11","modified_gmt":"2025-08-03T04:10:11","slug":"guerre-en-ukraine-la-russie-annonce-la-production-du-missile-hypersonique-oreshnik-attendu-dici-la-fin-de-lannee-en-reponse-aux-armes-occidentales-livrees-a-kyiv","status":"publish","type":"post","link":"https:\/\/www.europesays.com\/fr\/292774\/","title":{"rendered":"Guerre en Ukraine\u00a0: la Russie annonce la production du missile hypersonique \u00ab\u00a0Oreshnik\u00a0\u00bb, attendu d\u2019ici \u00ab\u00a0la fin de l\u2019ann\u00e9e\u00a0\u00bb en r\u00e9ponse aux armes occidentales livr\u00e9es \u00e0 Kyiv"},"content":{"rendered":"<p>\n                                                                Vladimir Poutine a d\u00e9voil\u00e9 la production du missile hypersonique Oreshnik, pr\u00e9sent\u00e9 comme une r\u00e9ponse directe aux missiles longue port\u00e9e livr\u00e9s \u00e0 Kyiv.\n                            <\/p>\n<p data-end=\"593\" data-start=\"72\">Ce vendredi 1er\u00a0ao\u00fbt, Vladimir Poutine a annonc\u00e9, lors d\u2019une interview accord\u00e9e aux m\u00e9dias d\u2019\u00c9tat russes, que Moscou avait entam\u00e9 la production de son tout nouveau missile hypersonique baptis\u00e9 <strong>\u00ab\u00a0Oreshnik\u00a0\u00bb<\/strong>. Cette arme devrait \u00eatre d\u00e9ploy\u00e9e en <strong>Bi\u00e9lorussie <\/strong>d\u2019ici la fin de l\u2019ann\u00e9e.<\/p>\n<p data-end=\"593\" data-start=\"72\">\u00ab\u00a0Les travaux pr\u00e9paratoires sont en cours et nous devrions probablement avoir termin\u00e9 <strong>avant la fin de l\u2019ann\u00e9e<\/strong>\u00ab\u00a0, a-t-il pr\u00e9cis\u00e9. Au cours de cet \u00e9change, le pr\u00e9sident russe a \u00e9galement rencontr\u00e9 son <strong>homologue<\/strong> bi\u00e9lorusse, Alexandre Loukachenko.<\/p>\n<p data-end=\"854\" data-start=\"595\">Poutine a par ailleurs indiqu\u00e9 que les forces militaires russes et bi\u00e9lorusses avaient <strong>s\u00e9lectionn\u00e9 les sites de lancement<\/strong> du syst\u00e8me de missiles Oreshnik. Le premier lot de missiles, ainsi que les syst\u00e8mes associ\u00e9s, a \u00e9t\u00e9 produit et est <strong>d\u00e9j\u00e0 entr\u00e9 en service<\/strong>, a d\u00e9voil\u00e9 <a href=\"https:\/\/kyivindependent.com\/russia-begins-production-of-hypersonic-missile-plans-deployment-to-belarus\/\" target=\"_self\" rel=\"nofollow noopener\">Kyiv Independent<\/a>.<\/p>\n<p>Une premi\u00e8re utilisation en Ukraine<\/p>\n<p data-end=\"1177\" data-start=\"856\">Le missile exp\u00e9rimental Oreshnik a \u00e9t\u00e9 utilis\u00e9 pour la premi\u00e8re fois lors d\u2019une frappe contre la ville de Dnipro, en Ukraine, le 21\u00a0novembre dernier. D\u2019apr\u00e8s le pr\u00e9sident russe, cette attaque constituait une riposte \u00e0 l\u2019utilisation, par l\u2019Ukraine, de missiles \u00e0 longue port\u00e9e fournis par les \u00c9tats-Unis et le Royaume-Uni.<\/p>\n<p data-end=\"1281\" data-start=\"1179\">L\u2019Oreshnik serait une version am\u00e9lior\u00e9e du missile russe RS-26, \u00e9galement connu sous le nom de Rubezh.<\/p>\n","protected":false},"excerpt":{"rendered":"Vladimir Poutine a d\u00e9voil\u00e9 la production du missile hypersonique Oreshnik, pr\u00e9sent\u00e9 comme une r\u00e9ponse directe aux missiles longue&hellip;\n","protected":false},"author":2,"featured_media":292775,"comment_status":"","ping_status":"","sticky":false,"template":"","format":"standard","meta":{"footnotes":""},"categories":[1591],"tags":[11,1887,12,1885,1886,132],"class_list":{"0":"post-292774","1":"post","2":"type-post","3":"status-publish","4":"format-standard","5":"has-post-thumbnail","7":"category-russie","8":"tag-actualites","9":"tag-federation-de-russie","10":"tag-news","11":"tag-russia","12":"tag-russian-federation","13":"tag-russie"},"share_on_mastodon":{"url":"https:\/\/pubeurope.com\/@fr\/114962879220174055","error":""},"_links":{"self":[{"href":"https:\/\/www.europesays.com\/fr\/wp-json\/wp\/v2\/posts\/292774","targetHints":{"allow":["GET"]}}],"collection":[{"href":"https:\/\/www.europesays.com\/fr\/wp-json\/wp\/v2\/posts"}],"about":[{"href":"https:\/\/www.europesays.com\/fr\/wp-json\/wp\/v2\/types\/post"}],"author":[{"embeddable":true,"href":"https:\/\/www.europesays.com\/fr\/wp-json\/wp\/v2\/users\/2"}],"replies":[{"embeddable":true,"href":"https:\/\/www.europesays.com\/fr\/wp-json\/wp\/v2\/comments?post=292774"}],"version-history":[{"count":0,"href":"https:\/\/www.europesays.com\/fr\/wp-json\/wp\/v2\/posts\/292774\/revisions"}],"wp:featuredmedia":[{"embeddable":true,"href":"https:\/\/www.europesays.com\/fr\/wp-json\/wp\/v2\/media\/292775"}],"wp:attachment":[{"href":"https:\/\/www.europesays.com\/fr\/wp-json\/wp\/v2\/media?parent=292774"}],"wp:term":[{"taxonomy":"category","embeddable":true,"href":"https:\/\/www.europesays.com\/fr\/wp-json\/wp\/v2\/categories?post=292774"},{"taxonomy":"post_tag","embeddable":true,"href":"https:\/\/www.europesays.com\/fr\/wp-json\/wp\/v2\/tags?post=292774"}],"curies":[{"name":"wp","href":"https:\/\/api.w.org\/{rel}","templated":true}]}}