{"id":292778,"date":"2025-08-03T04:12:11","date_gmt":"2025-08-03T04:12:11","guid":{"rendered":"https:\/\/www.europesays.com\/fr\/292778\/"},"modified":"2025-08-03T04:12:11","modified_gmt":"2025-08-03T04:12:11","slug":"comment-se-preparer-a-lapocalypse-quand-on-est-de-gauche","status":"publish","type":"post","link":"https:\/\/www.europesays.com\/fr\/292778\/","title":{"rendered":"Comment se pr\u00e9parer \u00e0 l\u2019apocalypse quand on est de gauche ?"},"content":{"rendered":"\n<p>Un apr\u00e8s-midi de f\u00e9vrier, dans l\u2019espoir de survivre \u00e0 l\u2019apocalypse ou, \u00e0 tout le moins, d\u2019\u00e9viter de compter parmi ses premi\u00e8res victimes, je me suis connect\u00e9 \u00e0 un cours en ligne intitul\u00e9 Ruggedize Your Life\u00a0: The Basics [Comment renforcer votre vie\u00a0: les bases].<\/p>\n<p>Nous \u00e9tions des dizaines \u00e0 assister \u00e0 ce cours \u00e0 distance\u00a0: un g\u00e9ophysicien, un com\u00e9dien, un conseiller financier \u00e0 la retraite et un ing\u00e9nieur en g\u00e9nie civil, entre autres. Nous avions tous l\u2019air inquiet. Le probl\u00e8me que l\u2019on connaissait auparavant sous l\u2019appellation de changement climatique \u00e9tait d\u00e9sormais une polycrise r\u00e9pondant au nom d\u2019effondrement climatique. Et alors que <a href=\"https:\/\/www.courrierinternational.com\/sujet\/donald-trump\" target=\"_blank\" rel=\"noopener\">Donald Trump<\/a> s\u2019employait joyeusement \u00e0 d\u00e9manteler les capacit\u00e9s de l\u2019\u00c9tat f\u00e9d\u00e9ral am\u00e9ricain, la perspective de pouvoir compter sur une r\u00e9action comp\u00e9tente des autorit\u00e9s au prochain ouragan, incendie, inondation, pand\u00e9mie, canicule, effondrement financier ou autre calamit\u00e9 ne cessait de reculer.<\/p>\n<p>Notre session vid\u00e9o de deux heures \u00e9tait pilot\u00e9e par Alex\u00a0Steffen, 56\u00a0ans, un auteur, podcasteur et \u201cconsultant en pr\u00e9vision\u201d qui s\u2019adressait \u00e0 nous depuis son domicile de la r\u00e9gion de la baie de San Francisco.<\/p>\n<p>Alex Steffen a travaill\u00e9 pendant de nombreuses ann\u00e9es comme journaliste environnemental et a \u00e9crit plusieurs livres explorant les solutions \u00e0 la cri<\/p>\n<p> <strong>La\u00a0suite est r\u00e9serv\u00e9e aux abonn\u00e9s\u2026<\/strong>  <\/p>\n<p class=\"article-authors\">                         <a href=\"https:\/\/www.courrierinternational.com\/auteur\/aaron-gell\" target=\"_blank\" rel=\"noopener\">Aaron Gell<\/a>    <\/p>\n<p class=\"article-vo\"><a href=\"https:\/\/www.theguardian.com\/us-news\/ng-interactive\/2025\/apr\/17\/preppers-liberals-climate-collapse\" rel=\"noopener\" target=\"_blank\">Lire l\u2019article original<\/a><\/p>\n<p>Nos lecteurs ont lu\u00a0aussi<\/p>\n<p>Source de l\u2019article<\/p>\n<p>   <img decoding=\"async\" class=\"source-logo\" src=\"https:\/\/www.europesays.com\/fr\/wp-content\/uploads\/2025\/08\/b083f27_1692975311840-o.jpg\"  alt=\"Logo\" loading=\"lazy\" width=\"32\" height=\"32\"\/>  The Observer  (Londres)       <\/p>\n<p>Humaniste et proeurop\u00e9en, l\u2019hebdomadaire trouve gr\u00e2ce aux yeux des \u00e9lecteurs travaillistes, en particulier parmi la classe moyenne sup\u00e9rieure.<\/p>\n<p>Fond\u00e9 en 1791, avec la promesse de n\u2019\u00eatre influenc\u00e9 \u201cni par les pr\u00e9jug\u00e9s, ni par aucun parti\u201d, The Observer est le plus ancien journal dominical encore en circulation au Royaume-Uni. Parmi ses objectifs, d\u00e9finis en 1959\u00a0<a href=\"https:\/\/observer.co.uk\/opinion-and-ideas\/letters\/article\/a-note-from-james-harding-observer\" class=\"link\" affiliate=\"false\" target=\"_blank\" rel=\"noopener\">par son propri\u00e9taire et directeur de la r\u00e9daction David Astor<\/a>\u00a0: \u201cTraiter ses adversaires avec respect, s\u2019opposer \u00e0 ceux qui promeuvent la haine, mais de mani\u00e8re non-violente. Essayer de comprendre les gens et d\u2019expliquer qui ils sont les uns aux autres. Pratiquer l\u2019autocritique &#8211; en tant que progressistes, qu\u2019internationalistes et que journalistes &#8211; sans se retenir de critiquer les autres.\u201d De mani\u00e8re g\u00e9n\u00e9rale, poursuivait-il avec une note d\u2019humour\u00a0: \u201cFaire l\u2019inverse que ce que Hitler aurait voulu.\u201d<\/p>\n<p>Int\u00e9gr\u00e9 au m\u00eame groupe que le quotidien de gauche The Guardian en 1993, l\u2019hebdomadaire a \u00e9t\u00e9 repris fin 2024, en d\u00e9pit d\u2019une vive contestation en interne, par le m\u00e9dia en ligne Tortoise Media. Des craintes se sont alors fait jour quant \u00e0 la p\u00e9rennit\u00e9 de l\u2019\u00e9dition papier.<\/p>\n<p>Rel\u00e9gu\u00e9 au rang de simple onglet du site internet de The Guardian, The Observer obtient sa propre plateforme num\u00e9rique dans le sillage du rachat en avril 2025..<\/p>\n<p>      <a href=\"https:\/\/www.courrierinternational.com\/notule-source\/the-observer\" class=\"source-link\" target=\"_blank\" rel=\"noopener\">Lire la suite<\/a>                 <\/p>\n<p>Nos services<\/p>\n","protected":false},"excerpt":{"rendered":"Un apr\u00e8s-midi de f\u00e9vrier, dans l\u2019espoir de survivre \u00e0 l\u2019apocalypse ou, \u00e0 tout le moins, d\u2019\u00e9viter de compter&hellip;\n","protected":false},"author":2,"featured_media":292779,"comment_status":"","ping_status":"","sticky":false,"template":"","format":"standard","meta":{"footnotes":""},"categories":[1589],"tags":[11,3822,4734,1129,73,1866,12,316,1857,174,770,1864,1865,1863,308],"class_list":{"0":"post-292778","1":"post","2":"type-post","3":"status-publish","4":"format-standard","5":"has-post-thumbnail","7":"category-etats-unis","8":"tag-actualites","9":"tag-amu00e9riques","10":"tag-changement-climatique","11":"tag-climat","12":"tag-etats-unis","13":"tag-etats-unis-damerique","14":"tag-news","15":"tag-politique","16":"tag-sociu00e9tu00e9","17":"tag-u00e9cologie","18":"tag-u00e9tats-unis","19":"tag-united-states","20":"tag-united-states-of-america","21":"tag-us","22":"tag-usa"},"share_on_mastodon":{"url":"https:\/\/pubeurope.com\/@fr\/114962887070364779","error":""},"_links":{"self":[{"href":"https:\/\/www.europesays.com\/fr\/wp-json\/wp\/v2\/posts\/292778","targetHints":{"allow":["GET"]}}],"collection":[{"href":"https:\/\/www.europesays.com\/fr\/wp-json\/wp\/v2\/posts"}],"about":[{"href":"https:\/\/www.europesays.com\/fr\/wp-json\/wp\/v2\/types\/post"}],"author":[{"embeddable":true,"href":"https:\/\/www.europesays.com\/fr\/wp-json\/wp\/v2\/users\/2"}],"replies":[{"embeddable":true,"href":"https:\/\/www.europesays.com\/fr\/wp-json\/wp\/v2\/comments?post=292778"}],"version-history":[{"count":0,"href":"https:\/\/www.europesays.com\/fr\/wp-json\/wp\/v2\/posts\/292778\/revisions"}],"wp:featuredmedia":[{"embeddable":true,"href":"https:\/\/www.europesays.com\/fr\/wp-json\/wp\/v2\/media\/292779"}],"wp:attachment":[{"href":"https:\/\/www.europesays.com\/fr\/wp-json\/wp\/v2\/media?parent=292778"}],"wp:term":[{"taxonomy":"category","embeddable":true,"href":"https:\/\/www.europesays.com\/fr\/wp-json\/wp\/v2\/categories?post=292778"},{"taxonomy":"post_tag","embeddable":true,"href":"https:\/\/www.europesays.com\/fr\/wp-json\/wp\/v2\/tags?post=292778"}],"curies":[{"name":"wp","href":"https:\/\/api.w.org\/{rel}","templated":true}]}}