{"id":292782,"date":"2025-08-03T04:14:19","date_gmt":"2025-08-03T04:14:19","guid":{"rendered":"https:\/\/www.europesays.com\/fr\/292782\/"},"modified":"2025-08-03T04:14:19","modified_gmt":"2025-08-03T04:14:19","slug":"sabotage-ferroviaire-troisieme-incendie-criminel-en-allemagne","status":"publish","type":"post","link":"https:\/\/www.europesays.com\/fr\/292782\/","title":{"rendered":"Sabotage ferroviaire: troisi\u00e8me incendie criminel en Allemagne"},"content":{"rendered":"<p>Publi\u00e92. ao\u00fbt 2025, 18:41<\/p>\n<p>Allemagne: Le rail allemand vis\u00e9 par des incendies: qui est responsable?<\/p>\n<p>Un troisi\u00e8me incendie criminel pr\u00e9sum\u00e9 a \u00e9t\u00e9 d\u00e9clench\u00e9 sur une ligne ferroviaire allemande, \u00e0 Hohenm\u00f6lsen, dans la r\u00e9gion de Saxe-Anhalt.<\/p>\n<p><img loading=\"lazy\" decoding=\"async\" src=\"https:\/\/www.europesays.com\/fr\/wp-content\/uploads\/2025\/08\/0625c084-31f0-4cea-af5e-d288a6f5fafe.jpg\" alt=\"\" title=\"\"  width=\"1200\" height=\"758\"\/>Boris Roessler\/dpa<\/p>\n<p>Un troisi\u00e8me incendie criminel pr\u00e9sum\u00e9 cette semaine a touch\u00e9 une ligne ferroviaire allemande, cette fois dans l&rsquo;est du pays, a indiqu\u00e9 samedi l&rsquo;exploitant du r\u00e9seau Deutsche Bahn, apr\u00e8s deux cas dans l&rsquo;ouest qui ont entra\u00een\u00e9 des perturbations.<\/p>\n<p>\u00abVendredi soir, un nouvel incendie de c\u00e2bles s&rsquo;est d\u00e9clar\u00e9 sur une voie ferr\u00e9e\u00bb destin\u00e9e au transport de marchandises, notamment de charbon, \u00e0 Hohenm\u00f6lsen, dans la r\u00e9gion de Saxe-Anhalt, a indiqu\u00e9 l&rsquo;op\u00e9rateur dans un communiqu\u00e9.<\/p>\n<p>\u00abSelon les premiers \u00e9l\u00e9ments des enqu\u00eateurs, cet incendie de c\u00e2bles est \u00e9galement un incendie criminel\u00bb, a affirm\u00e9 Deutsche Bahn.<\/p>\n<p>Dans le m\u00eame temps, l&rsquo;entreprise a indiqu\u00e9 avoir r\u00e9par\u00e9 les c\u00e2bles endommag\u00e9s par deux autres incendies criminels pr\u00e9sum\u00e9s sur la ligne entre D\u00fcsseldorf et Duisbourg, permettant un r\u00e9tablissement du trafic perturb\u00e9 depuis deux jours. \u00abCinq c\u00e2bles d&rsquo;environ 20 m\u00e8tres chacun\u00bb ont d\u00fb \u00eatre remplac\u00e9s, a-t-elle pr\u00e9cis\u00e9.<\/p>\n<p>Revendication de l&rsquo;extr\u00eame gauche<\/p>\n<p>Le premier des deux incendies, survenu jeudi sur un poste d&rsquo;aiguillage pr\u00e8s de D\u00fcsseldorf, a engendr\u00e9 d&rsquo;importantes perturbations du trafic ferroviaire sur des lignes tr\u00e8s fr\u00e9quent\u00e9es du bassin industriel de la Ruhr, reliant par exemple le nord de l&rsquo;Europe \u00e0 la Suisse. Le second incendie criminel pr\u00e9sum\u00e9 a eu lieu vendredi \u00e0 environ un kilom\u00e8tre du premier.<\/p>\n<p>\u00abPlusieurs centaines de trains par jour (&#8230;) ont \u00e9t\u00e9 affect\u00e9s\u00bb, d\u00e9vi\u00e9s ou supprim\u00e9s, et \u00abdes dizaines de milliers de voyageurs\u00bb ont subi les cons\u00e9quences de ces incendies, a soulign\u00e9 Deutsche Bahn.<\/p>\n<p>Le premier incendie \u00abressemble \u00e0 du sabotage\u00bb, a d\u00e9clar\u00e9 un porte-parole de la police \u00e0 l&rsquo;AFP. Il a \u00e9t\u00e9 revendiqu\u00e9 par un groupe baptis\u00e9 \u00abKommando Angry Birds\u00bb dans une lettre publi\u00e9e sur la plateforme en ligne d&rsquo;extr\u00eame gauche Indymedia, dont la police a dit v\u00e9rifier l&rsquo;authenticit\u00e9.<\/p>\n<p>Ces derni\u00e8res ann\u00e9es, le r\u00e9seau ferroviaire allemand a connu d&rsquo;autres sabotages pr\u00e9sum\u00e9s, comme en octobre 2022 ou septembre 2023.<\/p>\n<p>Curieux de d\u00e9couvrir qui fait l&rsquo;actu \u00e0 L&rsquo;essentiel? Rejoins-nous sur le r\u00e9seau business n\u00b0 1 au Luxembourg!<\/p>\n<p>(afp\/th)<\/p>\n","protected":false},"excerpt":{"rendered":"Publi\u00e92. ao\u00fbt 2025, 18:41 Allemagne: Le rail allemand vis\u00e9 par des incendies: qui est responsable? Un troisi\u00e8me incendie&hellip;\n","protected":false},"author":2,"featured_media":292783,"comment_status":"","ping_status":"","sticky":false,"template":"","format":"standard","meta":{"footnotes":""},"categories":[1587],"tags":[11,672,1804,1805,1803,1777,674,1801,12,1802],"class_list":{"0":"post-292782","1":"post","2":"type-post","3":"status-publish","4":"format-standard","5":"has-post-thumbnail","7":"category-allemagne","8":"tag-actualites","9":"tag-allemagne","10":"tag-bundesrepublik-deutschland","11":"tag-de","12":"tag-deutschland","13":"tag-eu","14":"tag-europe","15":"tag-germany","16":"tag-news","17":"tag-republique-federale-dallemagne"},"share_on_mastodon":{"url":"https:\/\/pubeurope.com\/@fr\/114962895023752178","error":""},"_links":{"self":[{"href":"https:\/\/www.europesays.com\/fr\/wp-json\/wp\/v2\/posts\/292782","targetHints":{"allow":["GET"]}}],"collection":[{"href":"https:\/\/www.europesays.com\/fr\/wp-json\/wp\/v2\/posts"}],"about":[{"href":"https:\/\/www.europesays.com\/fr\/wp-json\/wp\/v2\/types\/post"}],"author":[{"embeddable":true,"href":"https:\/\/www.europesays.com\/fr\/wp-json\/wp\/v2\/users\/2"}],"replies":[{"embeddable":true,"href":"https:\/\/www.europesays.com\/fr\/wp-json\/wp\/v2\/comments?post=292782"}],"version-history":[{"count":0,"href":"https:\/\/www.europesays.com\/fr\/wp-json\/wp\/v2\/posts\/292782\/revisions"}],"wp:featuredmedia":[{"embeddable":true,"href":"https:\/\/www.europesays.com\/fr\/wp-json\/wp\/v2\/media\/292783"}],"wp:attachment":[{"href":"https:\/\/www.europesays.com\/fr\/wp-json\/wp\/v2\/media?parent=292782"}],"wp:term":[{"taxonomy":"category","embeddable":true,"href":"https:\/\/www.europesays.com\/fr\/wp-json\/wp\/v2\/categories?post=292782"},{"taxonomy":"post_tag","embeddable":true,"href":"https:\/\/www.europesays.com\/fr\/wp-json\/wp\/v2\/tags?post=292782"}],"curies":[{"name":"wp","href":"https:\/\/api.w.org\/{rel}","templated":true}]}}