{"id":292786,"date":"2025-08-03T04:16:21","date_gmt":"2025-08-03T04:16:21","guid":{"rendered":"https:\/\/www.europesays.com\/fr\/292786\/"},"modified":"2025-08-03T04:16:21","modified_gmt":"2025-08-03T04:16:21","slug":"en-europe-les-lapins-ne-serviront-plus-a-tester-si-certains-produits-donnent-de-la-fievre","status":"publish","type":"post","link":"https:\/\/www.europesays.com\/fr\/292786\/","title":{"rendered":"En Europe, les lapins ne serviront plus \u00e0 tester si certains produits donnent de la fi\u00e8vre"},"content":{"rendered":"<p>Une loi vot\u00e9e en 2024 et entr\u00e9e en vigueur le 1er juillet 2025 supprime le recours dans l&rsquo;Union europ\u00e9enne \u00e0 des lapins pour tester l&rsquo;effet pyrog\u00e8ne des m\u00e9dicaments injectables.<\/p>\n<p>Depuis le 1er juillet 2025 dans l&rsquo;Union europ\u00e9enne, les lapins ne peuvent plus \u00eatre utilis\u00e9s en laboratoire pour tester l&rsquo;effet pyrog\u00e8ne (donnant de la fi\u00e8vre) de certaines substances. La loi vot\u00e9e les 18 et 19 juin 2024 par la Commission Europ\u00e9enne de Pharmacop\u00e9e est d\u00e9sormais entr\u00e9e en vigueur. \u00ab\u00a0Il s\u2019agit d\u2019un grand pas en avant pour le bien-\u00eatre animal et pour le d\u00e9veloppement d\u2019approches modernes de contr\u00f4le de la pyrog\u00e9nicit\u00e9 in vitro\u00a0\u00bb, se f\u00e9licitait dans un communiqu\u00e9 le Conseil de l&rsquo;Europe en juillet 2024, apr\u00e8s le vote.<\/p>\n<p>Afin de s&rsquo;assurer de l\u2019innocuit\u00e9 des m\u00e9dicaments injectables (vaccins, antibiotiques, solutions pour perfusion de grand volume&#8230;), les autorit\u00e9s comp\u00e9tentes sont dans l&rsquo;obligation de r\u00e9aliser une d\u00e9tection des pyrog\u00e8nes, des contaminants entra\u00eenant de la fi\u00e8vre et qui se retrouvent accidentellement dans ces produits. \u00ab\u00a0Or, depuis des d\u00e9cennies, la m\u00e9thode conventionnelle a \u00e9t\u00e9 l\u2019essai des pyrog\u00e8nes sur lapin, qui consiste \u00e0 mesurer l\u2019\u00e9l\u00e9vation de temp\u00e9rature provoqu\u00e9e chez le lapin par une injection intraveineuse de substance \u00e0 examiner\u00a0\u00bb, remarque dans son <a href=\"https:\/\/www.edqm.eu\/fr\/-\/ph.-eur.-bids-adieu-to-rabbit-pyrogen-test-in-its-monographs?p_l_back_url=%2Ffr%2Fsearch%3Fq%3Dpyrog%25C3%25A8ne\" rel=\"nofollow noopener\" target=\"_blank\" data-ylk=\"slk:communiqu\u00e9;elm:context_link;itc:0;sec:content-canvas\" class=\"link \">communiqu\u00e9<\/a> le Conseil de l&rsquo;Europe.<\/p>\n<p>Lire aussi<a href=\"https:\/\/www.sciencesetavenir.fr\/animaux\/primates\/air-france-ne-transportera-plus-de-primates-vers-des-laboratoires_164771\" rel=\"nofollow noopener\" target=\"_blank\" data-ylk=\"slk:Air France ne transportera plus de primates vers des laboratoires;elm:context_link;itc:0;sec:content-canvas\" class=\"link \">Air France ne transportera plus de primates vers des laboratoires<\/a><\/p>\n<p>Des essais in vitro comme alternative \u00e0 l&rsquo;utilisation des lapins<\/p>\n<p>L&rsquo;<a href=\"https:\/\/www.graal-defenseanimale.org\/2025\/07\/30\/fin-des-tests-pyrogenes-sur-les-lapins-en-europe\/\" rel=\"nofollow noopener\" target=\"_blank\" data-ylk=\"slk:association le GRAAL;elm:context_link;itc:0;sec:content-canvas\" class=\"link \">association le GRAAL<\/a>, qui \u0153uvre \u00e0 la r\u00e9habilitation d&rsquo;animaux de laboratoire, estime \u00e0 30.000 le nombre de lapins utilis\u00e9s \u00e0 cette fin chaque ann\u00e9e en Europe. Cette pratique est aussi largement utilis\u00e9e \u00e0 l&rsquo;internationale avec environ 400.000 lapins concern\u00e9s. Mais l&rsquo;Union europ\u00e9enne a d\u00e9cid\u00e9 de s&rsquo;en affranchir et de supprimer cet essai de la Pharmacop\u00e9e Europ\u00e9enne. En 2021, la Commission europ\u00e9enne se donnait cinq ans pour r\u00e9fl\u00e9chir \u00e0 des techniques alternatives in vitro.<\/p>\n<p>Lors de sa 179e session, \u00ab\u00a0la Commission europ\u00e9enne de Pharmacop\u00e9e a adopt\u00e9 57 textes r\u00e9vis\u00e9s \u00e0 cette fin et un nouveau chapitre g\u00e9n\u00e9ral intitul\u00e9 Pyrog\u00e9nicit\u00e9, marquant ainsi la fin du recours \u00e0 l\u2019essai des pyrog\u00e8nes sur lapin\u00a0\u00bb, relate le communiqu[&#8230;]<\/p>\n<p><a href=\"https:\/\/www.sciencesetavenir.fr\/animaux\/nouveaux-animaux-de-compagnie\/en-europe-les-lapins-ne-serviront-plus-a-tester-si-certains-produits-donnent-de-la-fievre_187417#xtor=CS2-37-[En%20Europe%2C%20les%20lapins%20ne%20serviront%20plus%20%C3%A0%20tester%20si%20certains%20produits%20donnent%20de%20la%20fi%C3%A8vre]\" rel=\"nofollow noopener\" target=\"_blank\" data-ylk=\"slk:Lire la suite sur sciencesetavenir.fr;elm:context_link;itc:0;sec:content-canvas\" class=\"link \">Lire la suite sur sciencesetavenir.fr<\/a><\/p>\n","protected":false},"excerpt":{"rendered":"Une loi vot\u00e9e en 2024 et entr\u00e9e en vigueur le 1er juillet 2025 supprime le recours dans l&rsquo;Union&hellip;\n","protected":false},"author":2,"featured_media":292787,"comment_status":"","ping_status":"","sticky":false,"template":"","format":"standard","meta":{"footnotes":""},"categories":[1586],"tags":[11,2196,7577,1777,674,1779,1011,27,7738,43273,12,43272,25,1778,364],"class_list":{"0":"post-292786","1":"post","2":"type-post","3":"status-publish","4":"format-standard","5":"has-post-thumbnail","7":"category-europe","8":"tag-actualites","9":"tag-commission-europeenne","10":"tag-conseil-de-leurope","11":"tag-eu","12":"tag-europe","13":"tag-european-union","14":"tag-fr","15":"tag-france","16":"tag-lunion-europeenne","17":"tag-lapins","18":"tag-news","19":"tag-pharmacopee-europeenne","20":"tag-republique-francaise","21":"tag-ue","22":"tag-union-europeenne"},"share_on_mastodon":{"url":"https:\/\/pubeurope.com\/@fr\/114962902794908087","error":""},"_links":{"self":[{"href":"https:\/\/www.europesays.com\/fr\/wp-json\/wp\/v2\/posts\/292786","targetHints":{"allow":["GET"]}}],"collection":[{"href":"https:\/\/www.europesays.com\/fr\/wp-json\/wp\/v2\/posts"}],"about":[{"href":"https:\/\/www.europesays.com\/fr\/wp-json\/wp\/v2\/types\/post"}],"author":[{"embeddable":true,"href":"https:\/\/www.europesays.com\/fr\/wp-json\/wp\/v2\/users\/2"}],"replies":[{"embeddable":true,"href":"https:\/\/www.europesays.com\/fr\/wp-json\/wp\/v2\/comments?post=292786"}],"version-history":[{"count":0,"href":"https:\/\/www.europesays.com\/fr\/wp-json\/wp\/v2\/posts\/292786\/revisions"}],"wp:featuredmedia":[{"embeddable":true,"href":"https:\/\/www.europesays.com\/fr\/wp-json\/wp\/v2\/media\/292787"}],"wp:attachment":[{"href":"https:\/\/www.europesays.com\/fr\/wp-json\/wp\/v2\/media?parent=292786"}],"wp:term":[{"taxonomy":"category","embeddable":true,"href":"https:\/\/www.europesays.com\/fr\/wp-json\/wp\/v2\/categories?post=292786"},{"taxonomy":"post_tag","embeddable":true,"href":"https:\/\/www.europesays.com\/fr\/wp-json\/wp\/v2\/tags?post=292786"}],"curies":[{"name":"wp","href":"https:\/\/api.w.org\/{rel}","templated":true}]}}