{"id":292798,"date":"2025-08-03T04:25:24","date_gmt":"2025-08-03T04:25:24","guid":{"rendered":"https:\/\/www.europesays.com\/fr\/292798\/"},"modified":"2025-08-03T04:25:24","modified_gmt":"2025-08-03T04:25:24","slug":"fabio-quartararo-decroche-la-pole-position-du-gp-des-pays-bas","status":"publish","type":"post","link":"https:\/\/www.europesays.com\/fr\/292798\/","title":{"rendered":"Fabio Quartararo d\u00e9croche la pole position du GP des Pays-Bas"},"content":{"rendered":"<p>Le pilote fran\u00e7ais Fabio Quartararo a d\u00e9croch\u00e9 samedi la pole position du Grand Prix des Pays-Bas, 10e manche du championnat du monde de MotoGP, sur le circuit d&rsquo;Assen.<\/p>\n<p>Fabio Quartararo en grande forme. Le pilote Yamaha s&rsquo;est adgug\u00e9 la pole position du Grand Prix des Pays-Bas, 10e manche du championnat du monde de MotoGP, samedi sur le circuit d&rsquo;Assen (d\u00e9part dimanche \u00e0 14h).<\/p>\n<p>La premi\u00e8re ligne est compl\u00e9t\u00e9e par l&rsquo;Italien Francesco Bagnaia (Ducati) et l&rsquo;Espagnol Alex Marquez (Ducati-Gresini). Le leader du championnat, Marc Marquez, 4e, s&rsquo;\u00e9lancera de la deuxi\u00e8me ligne. <a href=\"https:\/\/rmcsport.bfmtv.com\/auto-moto\/moto\/johann-zarco_DN-202108310531.html\" title=\"Johann Zarco\" class=\"internal_link\" rel=\"nofollow noopener\" target=\"_blank\">Johann Zarco<\/a> partira quant \u00e0 lui de la 12e position.<\/p>\n<p>Plaisir retrouv\u00e9<\/p>\n<p><a href=\"https:\/\/rmcsport.bfmtv.com\/auto-moto\/moto\/fabio-quartararo_DN-202108310551.html\" title=\"Fabio Quartararo\" class=\"internal_link\" rel=\"nofollow noopener\" target=\"_blank\">Fabio Quartararo<\/a> avait d\u00e9j\u00e0 sign\u00e9 le meilleur temps des essais qualificatifs vendredi alors que Marc Marquez a go\u00fbt\u00e9 \u00e0 l&rsquo;asphalte \u00e0 deux reprises. Arriv\u00e9 bougon \u00e0 Assen apr\u00e8s deux Grands Prix conclus par un z\u00e9ro point\u00e9, le champion du monde 2021 s&rsquo;est quelque peu r\u00e9concili\u00e9 avec sa Yamaha, au guidon de laquelle il pilotait avec \u00ab\u00a0z\u00e9ro plaisir\u00a0\u00bb ces derni\u00e8res semaines.<\/p>\n<p>\u00ab\u00a0Je ne dirais pas que je suis favori mais je fais probablement partie des candidats \u00e0 un top 3. Je me sens bien, la moto fonctionne bien\u00a0\u00bb, a d\u00e9clar\u00e9 le champion du monde 2021 qui s&rsquo;\u00e9tait plaint ces derni\u00e8res semaines du comportement de sa Yamaha. Sur un circuit n\u00e9cessitant un pilotage \u00ab\u00a0fluide et pr\u00e9cis\u00a0\u00bb, le Ni\u00e7ois a visiblement trouv\u00e9 les bons r\u00e9glages pour signer la vingti\u00e8me pole de sa carri\u00e8re, la quatri\u00e8me cette saison. \u00ab\u00a0El Diablo\u00a0\u00bb est 10e d&rsquo;un championnat du monde domin\u00e9 par Marc Marquez devant son fr\u00e8re Alex.<\/p>\n","protected":false},"excerpt":{"rendered":"Le pilote fran\u00e7ais Fabio Quartararo a d\u00e9croch\u00e9 samedi la pole position du Grand Prix des Pays-Bas, 10e manche&hellip;\n","protected":false},"author":2,"featured_media":292799,"comment_status":"","ping_status":"","sticky":false,"template":"","format":"standard","meta":{"footnotes":""},"categories":[1413],"tags":[1011,27,1457,1456,60],"class_list":{"0":"post-292798","1":"post","2":"type-post","3":"status-publish","4":"format-standard","5":"has-post-thumbnail","7":"category-moto","8":"tag-fr","9":"tag-france","10":"tag-moto","11":"tag-motocycle","12":"tag-sports"},"share_on_mastodon":{"url":"https:\/\/pubeurope.com\/@fr\/114962938195119798","error":""},"_links":{"self":[{"href":"https:\/\/www.europesays.com\/fr\/wp-json\/wp\/v2\/posts\/292798","targetHints":{"allow":["GET"]}}],"collection":[{"href":"https:\/\/www.europesays.com\/fr\/wp-json\/wp\/v2\/posts"}],"about":[{"href":"https:\/\/www.europesays.com\/fr\/wp-json\/wp\/v2\/types\/post"}],"author":[{"embeddable":true,"href":"https:\/\/www.europesays.com\/fr\/wp-json\/wp\/v2\/users\/2"}],"replies":[{"embeddable":true,"href":"https:\/\/www.europesays.com\/fr\/wp-json\/wp\/v2\/comments?post=292798"}],"version-history":[{"count":0,"href":"https:\/\/www.europesays.com\/fr\/wp-json\/wp\/v2\/posts\/292798\/revisions"}],"wp:featuredmedia":[{"embeddable":true,"href":"https:\/\/www.europesays.com\/fr\/wp-json\/wp\/v2\/media\/292799"}],"wp:attachment":[{"href":"https:\/\/www.europesays.com\/fr\/wp-json\/wp\/v2\/media?parent=292798"}],"wp:term":[{"taxonomy":"category","embeddable":true,"href":"https:\/\/www.europesays.com\/fr\/wp-json\/wp\/v2\/categories?post=292798"},{"taxonomy":"post_tag","embeddable":true,"href":"https:\/\/www.europesays.com\/fr\/wp-json\/wp\/v2\/tags?post=292798"}],"curies":[{"name":"wp","href":"https:\/\/api.w.org\/{rel}","templated":true}]}}