{"id":292800,"date":"2025-08-03T04:26:24","date_gmt":"2025-08-03T04:26:24","guid":{"rendered":"https:\/\/www.europesays.com\/fr\/292800\/"},"modified":"2025-08-03T04:26:24","modified_gmt":"2025-08-03T04:26:24","slug":"la-france-medaillee-de-bronze-au-relais-4-x-100-m-mixte-des-mondiaux-de-singapour-lequipe","status":"publish","type":"post","link":"https:\/\/www.europesays.com\/fr\/292800\/","title":{"rendered":"La France m\u00e9daill\u00e9e de bronze au relais 4 x 100 m mixte des Mondiaux de Singapour &#8211; L&#039;\u00c9quipe"},"content":{"rendered":"<ol>\n<li><a href=\"https:\/\/news.google.com\/rss\/articles\/CBMizAFBVV95cUxPVGNaYkRoc3NCZEJnUFFHc045cVBhRHY0SnFKbi12V2lBbDZfMzI2VnJQQU5VT3pUbzVxVUdMbDcwTEw0c2RqYURfRHdTUVJVcUJMSnczWXdIR0w5YnBQeGRVTFVkQlNBVFBGSXUyYUR2clFENXF3eDZwZ1BnUThqbEhPLUFsaEpoZkc5OGJ0N212UXVMclNwSldRZkdnNkVzYmMyeFZDZ09XQlpDTkhTY0hPU1RWLUNUcWNheWxBRjFVQzM5RWhhbW5FS0w?oc=5\" target=\"_blank\" rel=\"nofollow noopener\">La France m\u00e9daill\u00e9e de bronze au relais 4 x 100 m mixte des Mondiaux de Singapour<\/a>&nbsp;&nbsp;L&rsquo;\u00c9quipe<\/li>\n<li><a href=\"https:\/\/news.google.com\/rss\/articles\/CBMiiAJBVV95cUxOemZSSklwV19EUHhuZU9kSnhhODc3S0FLTVVwMV9GYURRWEVOVEVWSC16TVpycHFuYVFmeDZPaV9GZWxyeEpHUjN5czZMeGJfZjdqeHdwV3FiaXBKaHlwWXVCZlRwQWl0LXJGemhHUmhKRVdaOF90dnRBSHYxTHJaZS03QVk1TVdPNk9vWXhldDJ6T2RhU29YdGdzSTRfcXE3eHZVRFY4cXZaVXYxRi1lOUhQTXh4Ui16RDZ3MDB4R3I0VjVpMHRYc280TG9hUFJlMzc2b1pmVk1leGhRQUJMMVRDQnFqdjRVckFpYlNSZGNBUExUbnQ4Nlc4YTJnZUNjVHRFdjhidk4?oc=5\" target=\"_blank\" rel=\"nofollow noopener\">Maxime Grousset, roi du papillon : un troisi\u00e8me sacre mondial pour le Fran\u00e7ais sur une nage red\u00e9couverte par hasard<\/a>&nbsp;&nbsp;Le Monde.fr<\/li>\n<li><a href=\"https:\/\/news.google.com\/rss\/articles\/CBMi0gFBVV95cUxOTXhzYXQwQlpZRGdLamhKNXlPWkxrUGQwc2tGWVlTcnd2OHl4Y0tmT3kzNmx5dGItbHFOTFpMY0VjUklhQldvRWZJQ3JTeHo5RzNSTENXcHlaR2xPMlByVGhOVTFsbGRzQlBGVkQ0ckhGTXZFVWVYbEVUdjJEVHJIQ3ZKZUZHR3Qxdnc1RTBkdVV2U0JhR2R0QkM1NnR4ejFWUldSZWZyYkVyclQ3alc3SUhmYVZaMVFObzhMWGszYUc3eXBCRnFDbEVUQnJyMC1XZ2c?oc=5\" target=\"_blank\" rel=\"nofollow noopener\">Mondiaux de natation : les Bleus en finale du 4x100m 4 nages, mais avec qui d\u00e9sormais ?<\/a>&nbsp;&nbsp;Le Figaro<\/li>\n<li><a href=\"https:\/\/news.google.com\/rss\/articles\/CBMixgFBVV95cUxNaXhQbWV1ZGVhdmZTbWFWUUlSZVlSbmJlbmJOUnpjT1VXNUlzdmstRloxWDI4QUZmRmtfVUMxUkxoekN0ck9Zb25KNkw3cVJya0VSX1JreW9QRkRpOExTVVB6MDZ0cVc3dDQyWFdlUGU1dTJtdHFkZDZVRl9sR21rQXgyakZWMkVuclhvLTVRR0IwOG15eVlYbnBTajFJYloxbUp3LXZYd2tGS1lReUduQ3BLQS1fRnJPemU3cXRUblEwbmp2bUE?oc=5\" target=\"_blank\" rel=\"nofollow noopener\">Piscine, promenade avec le chien, dodo : les journ\u00e9es millim\u00e9tr\u00e9es de Maxime Grousset<\/a>&nbsp;&nbsp;L&rsquo;\u00c9quipe<\/li>\n<li><a href=\"https:\/\/news.google.com\/rss\/articles\/CBMiowJBVV95cUxNX21OaXJPcE9FWldEaXdVSkJuTXRCX0J3WVFUd3hYbzhTLTNhXzM0NzZabF9YSFVCdFVVMHV0VE5iLWhqLW1FRFYxV3dFTFVVYm9HRHNpMEVKR2JmRUJOekpRcnJkUHA2X2p2NXcyTG9NcGJVc0ZpQms2T056MTBLSmdxNXlCMlRXcWtpNnhNaXBJRU53b29JWmpzX0NDTUY4UUhjNV9GV3Zoa1EwVTBWUVFMQ0RGckNjUk9XSTc1dmg0Z2NjQnI4RTVXbHRGQ0J5RzBjUWU1dDBIR2ZSVktCVTZzemNHeWxzN05kLTdhanpWM3k0OGZqQ2NOTW8tUjkycjl4UkY4MUxhTmRweXNac1VKTnF2NEtsMWJyN1dVcW51THc?oc=5\" target=\"_blank\" rel=\"nofollow noopener\">Et de six : Les Bleus en bronze sur le relais mixte 4X100 m nage libre<\/a>&nbsp;&nbsp;Eurosport<\/li>\n<\/ol>\n","protected":false},"excerpt":{"rendered":"La France m\u00e9daill\u00e9e de bronze au relais 4 x 100 m mixte des Mondiaux de Singapour&nbsp;&nbsp;L&rsquo;\u00c9quipe Maxime Grousset,&hellip;\n","protected":false},"author":2,"featured_media":292801,"comment_status":"","ping_status":"","sticky":false,"template":"","format":"standard","meta":{"footnotes":""},"categories":[1412],"tags":[1451,1452,1453,1454,1455,1011,27,60],"class_list":{"0":"post-292800","1":"post","2":"type-post","3":"status-publish","4":"format-standard","5":"has-post-thumbnail","7":"category-f1","8":"tag-f1","9":"tag-formula-1","10":"tag-formula1","11":"tag-formule-1","12":"tag-formule1","13":"tag-fr","14":"tag-france","15":"tag-sports"},"share_on_mastodon":{"url":"https:\/\/pubeurope.com\/@fr\/114962942120492692","error":""},"_links":{"self":[{"href":"https:\/\/www.europesays.com\/fr\/wp-json\/wp\/v2\/posts\/292800","targetHints":{"allow":["GET"]}}],"collection":[{"href":"https:\/\/www.europesays.com\/fr\/wp-json\/wp\/v2\/posts"}],"about":[{"href":"https:\/\/www.europesays.com\/fr\/wp-json\/wp\/v2\/types\/post"}],"author":[{"embeddable":true,"href":"https:\/\/www.europesays.com\/fr\/wp-json\/wp\/v2\/users\/2"}],"replies":[{"embeddable":true,"href":"https:\/\/www.europesays.com\/fr\/wp-json\/wp\/v2\/comments?post=292800"}],"version-history":[{"count":0,"href":"https:\/\/www.europesays.com\/fr\/wp-json\/wp\/v2\/posts\/292800\/revisions"}],"wp:featuredmedia":[{"embeddable":true,"href":"https:\/\/www.europesays.com\/fr\/wp-json\/wp\/v2\/media\/292801"}],"wp:attachment":[{"href":"https:\/\/www.europesays.com\/fr\/wp-json\/wp\/v2\/media?parent=292800"}],"wp:term":[{"taxonomy":"category","embeddable":true,"href":"https:\/\/www.europesays.com\/fr\/wp-json\/wp\/v2\/categories?post=292800"},{"taxonomy":"post_tag","embeddable":true,"href":"https:\/\/www.europesays.com\/fr\/wp-json\/wp\/v2\/tags?post=292800"}],"curies":[{"name":"wp","href":"https:\/\/api.w.org\/{rel}","templated":true}]}}