{"id":292806,"date":"2025-08-03T04:29:11","date_gmt":"2025-08-03T04:29:11","guid":{"rendered":"https:\/\/www.europesays.com\/fr\/292806\/"},"modified":"2025-08-03T04:29:11","modified_gmt":"2025-08-03T04:29:11","slug":"meghan-markle-bientot-ruinee-voila-ce-qui-pourrait-la-sauver-et-elle-va-le-detester","status":"publish","type":"post","link":"https:\/\/www.europesays.com\/fr\/292806\/","title":{"rendered":"Meghan Markle bient\u00f4t ruin\u00e9e ? Voil\u00e0 ce qui pourrait la sauver (et elle va le d\u00e9tester)"},"content":{"rendered":"<p>Une v\u00e9ritable bombe a \u00e9clat\u00e9 au Royaume-Uni en 2020. Cette<br \/>\nann\u00e9e-l\u00e0, <a href=\"https:\/\/www.closermag.fr\/royautes\/prince-harry-il-cherche-absolument-a-se-reconcilier-avec-la-famille-royale-nouvelles-revelations-sur-ses-engagements-3567257\" rel=\"nofollow noopener\" target=\"_blank\"><br \/>\nle prince Harry<\/a> et <a href=\"https:\/\/www.closermag.fr\/royautes\/meghan-markle-ce-divorce-qui-va-lui-en-mettre-un-coup-3568334\" rel=\"nofollow noopener\" target=\"_blank\"><br \/>\nMeghan Markle<\/a>, qui s&rsquo;\u00e9taient mari\u00e9s deux ans plus t\u00f4t, avaient<br \/>\nd\u00e9cid\u00e9 de <strong>renoncer \u00e0 leurs titres royaux<\/strong>. Le<br \/>\ncouple avait alors choisi de quitter la famille royale en<br \/>\nd\u00e9m\u00e9nageant tr\u00e8s loin de l&rsquo;Angleterre. Ils se sont ainsi install\u00e9s<br \/>\nen Californie avec leur fils Archie, n\u00e9 en 2019. Avant de donner<br \/>\nnaissance \u00e0 Lilibet en 2021.<\/p>\n<p>Ne pouvant d\u00e9sormais plus compter sur les privil\u00e8ges que leur<br \/>\nconf\u00e9raient leurs titres royaux. Meghan Markle et le prince Harry<br \/>\nont d\u00fb <strong>trouver un moyen de gagner de l&rsquo;argent<\/strong> pour<br \/>\nfinancer leur important train de vie. Ils ont alors d\u00e9cid\u00e9 de<br \/>\nfonder une soci\u00e9t\u00e9 de production avec laquelle ils ont conclu des<br \/>\naccords avec des plateforme de streaming comme <a href=\"https:\/\/www.closermag.fr\/royautes\/harry-et-meghan-ils-brisent-le-silence-apres-la-fin-de-leur-contrat-avec-netflix-mais-on-nest-pas-plus-avances-3567704\" rel=\"nofollow noopener\" target=\"_blank\"><br \/>\nNetflix<\/a> et <a href=\"https:\/\/www.closermag.fr\/royautes\/meghan-markle-accepte-enfin-d-honorer-son-contrat-pharaonique-avec-spotify-1532209\" rel=\"nofollow noopener\" target=\"_blank\"><br \/>\nSpotify<\/a>.<\/p>\n<p>Meghan Markle : ses contrats avec Netflix et Spotify ont \u00e9t\u00e9<br \/>\nrompus<\/p>\n<p>Cependant, le travail fourni par Meghan Markle et le prince<br \/>\nHarry \u00e9tait loin d&rsquo;\u00eatre satisfaisant pour leurs partenaires en<br \/>\naffaire. Alors qu&rsquo;elle pr\u00e9sentait un podcast sur la plateforme<br \/>\nSpotify. La duchesse de Sussex a vu <strong>son \u00e9mission \u00eatre<br \/>\nbrutalement supprim\u00e9e<\/strong> il y a quelques ann\u00e9es. Lorsque la<br \/>\nplateforme de streaming audio su\u00e9doise a d\u00e9cid\u00e9 de rompre son<br \/>\ncontrat.<\/p>\n<p>Par la suite, Meghan Markle et le prince Harry ont produit<br \/>\nplusieurs contenus dans le cadre de leur accord avec Netflix.<br \/>\nCependant, aucun des programmes imagin\u00e9s par le duc et la duchesse<br \/>\nde Sussex n&rsquo;a rencontr\u00e9 de grand succ\u00e8s. Par cons\u00e9quent, Netflix a<br \/>\n\u00e9galement d\u00e9cid\u00e9 d&rsquo;arr\u00eater les frais. <strong>En mettant un terme \u00e0<br \/>\nleur contrat \u00e0 100 millions d&rsquo;euros<\/strong> avec les parents<br \/>\nd&rsquo;Archie et Lilibet.<\/p>\n<p>L&rsquo;actrice va devoir apprendre \u00e0 se<br \/>\nmoquer d&rsquo;elle-m\u00eame pour esp\u00e9rer rebondir<\/p>\n<p>Meghan Markle et le prince Harry sont d\u00e9sormais \u00e0 la crois\u00e9e des<br \/>\nchemins. <strong>Leurs prochaines d\u00e9cisions seront cruciales pour<br \/>\nleur avenir financier<\/strong>. Contact\u00e9s par le <a href=\"https:\/\/www.dailymail.co.uk\/femail\/article-14960821\/Brand-experts-Meghan-Markle-future-Netflix.html\" rel=\"nofollow noopener\" target=\"_blank\"><br \/>\nDaily Mail,<\/a> plusieurs experts en marques affirment<br \/>\nqu&rsquo;il est temps de proc\u00e9der \u00e0 une importante refonte de l&rsquo;image du<br \/>\ncouple. Et plus particuli\u00e8rement celle de l&rsquo;ancienne star de la<br \/>\ns\u00e9rie culte <a href=\"https:\/\/www.telestar.fr\/programme-tv\/fiche-serie\/81867983\/suits-avocats-sur-mesure\" rel=\"nofollow noopener\" target=\"_blank\"><br \/>\nSuits<\/a>.<\/p>\n<p>En effet, selon ces fameux experts, Meghan Markle est avant tout<br \/>\nidentifi\u00e9e comme une c\u00e9l\u00e9brit\u00e9 d&rsquo;Hollywood. Tandis que le prince<br \/>\nHarry n&rsquo;a jamais r\u00e9ussi \u00e0 se d\u00e9tacher de l&rsquo;image de la famille<br \/>\nroyale britannique. Pour d\u00e9crocher de nouveaux contrats, il<br \/>\nfaudrait que la com\u00e9dienne accepte de se moquer d&rsquo;elle-m\u00eame. En<br \/>\nfaisant preuve d&rsquo;un peu d&rsquo;auto-d\u00e9rision comme plein d&rsquo;autres<br \/>\nvedettes hollywoodiennes. <strong>Une solution qu&rsquo;elle risque de ne<br \/>\npas forc\u00e9ment appr\u00e9cier<\/strong>.<\/p>\n","protected":false},"excerpt":{"rendered":"Une v\u00e9ritable bombe a \u00e9clat\u00e9 au Royaume-Uni en 2020. Cette ann\u00e9e-l\u00e0, le prince Harry et Meghan Markle, qui&hellip;\n","protected":false},"author":2,"featured_media":292807,"comment_status":"","ping_status":"","sticky":false,"template":"","format":"standard","meta":{"footnotes":""},"categories":[1359],"tags":[548,58,59,1011,27,908,973],"class_list":{"0":"post-292806","1":"post","2":"type-post","3":"status-publish","4":"format-standard","5":"has-post-thumbnail","7":"category-people","8":"tag-article-simple","9":"tag-divertissement","10":"tag-entertainment","11":"tag-fr","12":"tag-france","13":"tag-meghan-markle","14":"tag-people"},"share_on_mastodon":{"url":"https:\/\/pubeurope.com\/@fr\/114962953830005358","error":""},"_links":{"self":[{"href":"https:\/\/www.europesays.com\/fr\/wp-json\/wp\/v2\/posts\/292806","targetHints":{"allow":["GET"]}}],"collection":[{"href":"https:\/\/www.europesays.com\/fr\/wp-json\/wp\/v2\/posts"}],"about":[{"href":"https:\/\/www.europesays.com\/fr\/wp-json\/wp\/v2\/types\/post"}],"author":[{"embeddable":true,"href":"https:\/\/www.europesays.com\/fr\/wp-json\/wp\/v2\/users\/2"}],"replies":[{"embeddable":true,"href":"https:\/\/www.europesays.com\/fr\/wp-json\/wp\/v2\/comments?post=292806"}],"version-history":[{"count":0,"href":"https:\/\/www.europesays.com\/fr\/wp-json\/wp\/v2\/posts\/292806\/revisions"}],"wp:featuredmedia":[{"embeddable":true,"href":"https:\/\/www.europesays.com\/fr\/wp-json\/wp\/v2\/media\/292807"}],"wp:attachment":[{"href":"https:\/\/www.europesays.com\/fr\/wp-json\/wp\/v2\/media?parent=292806"}],"wp:term":[{"taxonomy":"category","embeddable":true,"href":"https:\/\/www.europesays.com\/fr\/wp-json\/wp\/v2\/categories?post=292806"},{"taxonomy":"post_tag","embeddable":true,"href":"https:\/\/www.europesays.com\/fr\/wp-json\/wp\/v2\/tags?post=292806"}],"curies":[{"name":"wp","href":"https:\/\/api.w.org\/{rel}","templated":true}]}}