{"id":292812,"date":"2025-08-03T04:33:10","date_gmt":"2025-08-03T04:33:10","guid":{"rendered":"https:\/\/www.europesays.com\/fr\/292812\/"},"modified":"2025-08-03T04:33:10","modified_gmt":"2025-08-03T04:33:10","slug":"la-premiere-tournee-de-president-est-deja-complete","status":"publish","type":"post","link":"https:\/\/www.europesays.com\/fr\/292812\/","title":{"rendered":"la premi\u00e8re tourn\u00e9e de President est d\u00e9j\u00e0 compl\u00e8te !"},"content":{"rendered":"<p><strong>Quelques jours apr\u00e8s son tout premier concert en t\u00eate d\u2019affiche, <a href=\"https:\/\/www.metalzone.fr\/president\/\" rel=\"nofollow noopener\" target=\"_blank\">President<\/a> annonce que l\u2019int\u00e9gralit\u00e9 de sa premi\u00e8re tourn\u00e9e europ\u00e9enne est d\u00e9j\u00e0 compl\u00e8te, y compris la date parisienne pr\u00e9vue d\u00e9but janvier.<\/strong><\/p>\n<p>Une tourn\u00e9e compl\u00e8te avant m\u00eame la sortie du premier EP<\/p>\n<p>Dans un message publi\u00e9 sur ses r\u00e9seaux sociaux, President a confirm\u00e9 que toutes les dates de sa tourn\u00e9e The Campaign Trail sont d\u00e9sormais compl\u00e8tes : \u201cNous avons demand\u00e9 un recomptage. Il s\u2019av\u00e8re que toutes les dates de la tourn\u00e9e sont compl\u00e8tes. Le peuple s\u2019est exprim\u00e9. Haut et fort.\u201d Ce succ\u00e8s fulgurant intervient alors que le groupe n\u2019a pas encore publi\u00e9 son premier EP, King Of Terrors, dont la sortie est pr\u00e9vue pour le 26 septembre.<\/p>\n<p>Les concerts annonc\u00e9s \u00e0 Paris (Les \u00c9toiles) le 9 janvier et \u00e0 Zurich (Exil) le 30 janvier (<a href=\"https:\/\/www.metalzone.fr\/news\/218240-president-concerts-paris-fr-zurich-ch-2026\/\" target=\"_blank\" rel=\"noopener nofollow\">ici<\/a>) affichent eux aussi complet. Les fans fran\u00e7ais qui souhaitent assister \u00e0 la mont\u00e9e en puissance du projet masqu\u00e9 devront donc se tourner vers la revente, ou attendre de futures annonces.<\/p>\n<p>President continue de susciter la curiosit\u00e9<\/p>\n<p>Ce succ\u00e8s foudroyant s\u2019inscrit dans une strat\u00e9gie bien ma\u00eetris\u00e9e, entre visuels \u00e9nigmatiques et prestations soigneusement mises en sc\u00e8ne. Le 30 juillet, le groupe a donn\u00e9 son premier concert en t\u00eate d\u2019affiche \u00e0 Londres, o\u00f9 il a surpris le public avec une reprise de <a href=\"https:\/\/www.metalzone.fr\/deftones\/\" rel=\"nofollow noopener\" target=\"_blank\">Deftones<\/a>. Une performance marquante que nous avions relay\u00e9e <a href=\"https:\/\/www.metalzone.fr\/news\/218440-president-londres-reprise-deftones\/\" target=\"_blank\" rel=\"noopener nofollow\">dans cet article<\/a>.<\/p>\n<p>Pr\u00e9sent\u00e9 comme une r\u00e9ponse artistique \u00e0 une crise existentielle, le projet est port\u00e9 par un leader surnomm\u00e9 \u201cl\u2019Artiste\u201d, dont les influences ont \u00e9t\u00e9 d\u00e9taill\u00e9es <a href=\"https:\/\/www.metalzone.fr\/news\/217873-frontman-president-confie-genese-projet\/\" target=\"_blank\" rel=\"noopener nofollow\">dans cette interview<\/a>. Entre masques, discours symboliques et musique cin\u00e9matographique, President semble avoir trouv\u00e9 un public en qu\u00eate d\u2019exp\u00e9rience immersive et d\u2019une forte th\u00e9\u00e2tralit\u00e9.<\/p>\n<blockquote class=\"twitter-tweet\">\n<p dir=\"ltr\" lang=\"en\">Further to our earlier communication\u2014<\/p>\n<p>We demanded a recount.<br \/>It now transpires that every single date on the Campaign Trail has sold out.<\/p>\n<p>The people have spoken. Loudly.<\/p>\n<p>\u2014 The President <a href=\"https:\/\/t.co\/ulkZRs2Aoa\" rel=\"nofollow\">pic.twitter.com\/ulkZRs2Aoa<\/a><\/p>\n<p>\u2014 PRESIDENT (@president_band) <a href=\"https:\/\/twitter.com\/president_band\/status\/1951317811025822185?ref_src=twsrc%5Etfw\" rel=\"nofollow noopener\" target=\"_blank\">August 1, 2025<\/a><\/p>\n<\/blockquote>\n<p><script async src=\"https:\/\/platform.twitter.com\/widgets.js\" charset=\"utf-8\"><\/script><\/p>\n","protected":false},"excerpt":{"rendered":"Quelques jours apr\u00e8s son tout premier concert en t\u00eate d\u2019affiche, President annonce que l\u2019int\u00e9gralit\u00e9 de sa premi\u00e8re tourn\u00e9e&hellip;\n","protected":false},"author":2,"featured_media":292813,"comment_status":"","ping_status":"","sticky":false,"template":"","format":"standard","meta":{"footnotes":""},"categories":[1355],"tags":[58,59,1011,27,1361,873],"class_list":{"0":"post-292812","1":"post","2":"type-post","3":"status-publish","4":"format-standard","5":"has-post-thumbnail","7":"category-musique","8":"tag-divertissement","9":"tag-entertainment","10":"tag-fr","11":"tag-france","12":"tag-music","13":"tag-musique"},"share_on_mastodon":{"url":"https:\/\/pubeurope.com\/@fr\/114962969727811668","error":""},"_links":{"self":[{"href":"https:\/\/www.europesays.com\/fr\/wp-json\/wp\/v2\/posts\/292812","targetHints":{"allow":["GET"]}}],"collection":[{"href":"https:\/\/www.europesays.com\/fr\/wp-json\/wp\/v2\/posts"}],"about":[{"href":"https:\/\/www.europesays.com\/fr\/wp-json\/wp\/v2\/types\/post"}],"author":[{"embeddable":true,"href":"https:\/\/www.europesays.com\/fr\/wp-json\/wp\/v2\/users\/2"}],"replies":[{"embeddable":true,"href":"https:\/\/www.europesays.com\/fr\/wp-json\/wp\/v2\/comments?post=292812"}],"version-history":[{"count":0,"href":"https:\/\/www.europesays.com\/fr\/wp-json\/wp\/v2\/posts\/292812\/revisions"}],"wp:featuredmedia":[{"embeddable":true,"href":"https:\/\/www.europesays.com\/fr\/wp-json\/wp\/v2\/media\/292813"}],"wp:attachment":[{"href":"https:\/\/www.europesays.com\/fr\/wp-json\/wp\/v2\/media?parent=292812"}],"wp:term":[{"taxonomy":"category","embeddable":true,"href":"https:\/\/www.europesays.com\/fr\/wp-json\/wp\/v2\/categories?post=292812"},{"taxonomy":"post_tag","embeddable":true,"href":"https:\/\/www.europesays.com\/fr\/wp-json\/wp\/v2\/tags?post=292812"}],"curies":[{"name":"wp","href":"https:\/\/api.w.org\/{rel}","templated":true}]}}