{"id":292824,"date":"2025-08-03T04:39:13","date_gmt":"2025-08-03T04:39:13","guid":{"rendered":"https:\/\/www.europesays.com\/fr\/292824\/"},"modified":"2025-08-03T04:39:13","modified_gmt":"2025-08-03T04:39:13","slug":"vous-avez-remarque-une-encoche-sur-les-cartes-bancaires-voici-ce-quelle-change-vraiment-au-quotidien","status":"publish","type":"post","link":"https:\/\/www.europesays.com\/fr\/292824\/","title":{"rendered":"Vous avez remarqu\u00e9 une encoche sur les cartes bancaires ? Voici ce qu\u2019elle change vraiment au quotidien"},"content":{"rendered":"<p>Des millions d\u2019utilisateurs l\u2019ont d\u00e9j\u00e0 adopt\u00e9e sans toujours conna\u00eetre son utilit\u00e9. Zoom sur cette myst\u00e9rieuse encoche pr\u00e9sente sur certaines cartes bancaires.<\/p>\n<p>Vous avez peut-\u00eatre remarqu\u00e9 une encoche arrondie sur le c\u00f4t\u00e9 de votre nouvelle <a href=\"https:\/\/www.pleinevie.fr\/conso-argent\/budget\/retirer-de-largent-liquide-sans-utiliser-de-carte-bancaire-cest-possible-voici-comment-faire-124736.html\" rel=\"nofollow noopener\" target=\"_blank\">carte bancaire<\/a>, comme si un morceau en avait \u00e9t\u00e9 coup\u00e9. Ce d\u00e9tail intriguant n\u2019est ni esth\u00e9tique, ni le fruit d\u2019un d\u00e9faut industriel. Il s\u2019agit d\u2019une innovation pens\u00e9e pour am\u00e9liorer l\u2019accessibilit\u00e9 des services bancaires. D\u00e9ploy\u00e9e d\u2019abord en Belgique, cette petite particularit\u00e9 vise \u00e0 faciliter le quotidien des personnes malvoyantes et a d\u00e9barqu\u00e9 en France.<\/p>\n<p>En Belgique, plus de trois millions de cartes \u00e0 encoche circulent d\u00e9j\u00e0. \u00c0 l\u2019origine de cette initiative, la banque ING, qui a lanc\u00e9 ce mod\u00e8le d\u00e8s 2021. L\u2019id\u00e9e a rapidement s\u00e9duit d\u2019autres \u00e9tablissements. Et si la g\u00e9n\u00e9ralisation en France reste encore incertaine, certains acteurs comme Mastercard ont d\u00e9j\u00e0 pris les devants d\u00e8s 2022.<\/p>\n<p>    Une encoche sur les cartes bancaires pens\u00e9e pour les malvoyants, mais utile \u00e0 tous  <\/p>\n<p>Concr\u00e8tement, cette encoche discr\u00e8te, plac\u00e9e sur le bord oppos\u00e9 \u00e0 la puce de la carte, permet \u00e0 son d\u00e9tenteur de la reconna\u00eetre facilement parmi les autres cartes dans un portefeuille. Elle indique aussi imm\u00e9diatement dans quel sens ins\u00e9rer la carte dans un distributeur ou un terminal bancaire. \u00ab\u00a0C&rsquo;est pour aider nos clients malvoyants dans leur quotidien, notamment pour retirer de l&rsquo;argent ou pour effectuer les paiements. En fait, cette encoche permet de rendre la carte de banque plus reconnaissable dans son portefeuille. \u00c7a permet \u00e9galement de distinguer dans quel sens ins\u00e9rer la carte dans un terminal de paiement\u00a0\u00bb, explique Sylvain Jonckheere, porte-parole d\u2019ING Belgique, tel que report\u00e9 par nos confr\u00e8res de <a href=\"https:\/\/www.cnews.fr\/france\/2025-01-16\/voici-quoi-sert-la-petite-encoche-sur-votre-carte-bancaire-1548228\" rel=\"nofollow noopener\" target=\"_blank\">Cnews<\/a>.<\/p>\n<p><img loading=\"lazy\" decoding=\"async\" itemprop=\"thumbnailUrl\" class=\"alignnone size-large wp-image-16833 img-responsive \" src=\"data:image\/svg+xml,%3Csvg%20xmlns=\" http:=\"\" alt=\"&lt;p&gt;Carte bancaire&lt;\/p&gt;\" width=\"1024\" height=\"683\" data-lazy-src=\"https:\/\/www.europesays.com\/fr\/wp-content\/uploads\/2025\/08\/La-carte-bancaire-fete-ses-50-ans-1024x683.jpg\"\/> \u00a9  Fotolia<\/p>\n<p>La F\u00e9d\u00e9ration des aveugles et amblyopes de France rappelle qu\u2019\u00a0\u00bben France, une personne aveugle ou malvoyante na\u00eet toutes les 15 heures\u00a0\u00bb. Or, avec la disparition progressive des claviers physiques sur les terminaux de paiement, cette population rencontre encore de nombreux obstacles pour r\u00e9gler ses achats au quotidien.<\/p>\n<p>     En route pour une vulgarisation de l\u2019encoche dans toute l\u2019Europe ?  <\/p>\n<p>En Belgique, l\u2019id\u00e9e fait son chemin, \u00e0 tel point que l\u2019ensemble du secteur bancaire semble engag\u00e9 dans cette voie. \u00ab\u00a0On sait qu&rsquo;un portefeuille dans une banque est enti\u00e8rement renouvel\u00e9 tous les cinq ans, de sorte que de plus en plus de clients vont recevoir une carte avec une encoche dans le futur\u00a0\u00bb, indique Charline Gorez, porte-parole de la f\u00e9d\u00e9ration bancaire belge Febelfin. Selon elle, cette sp\u00e9cificit\u00e9 est d\u00e9sormais vue comme une \u00ab\u00a0valeur ajout\u00e9e\u00a0\u00bb.<\/p>\n<p>Certaines banques r\u00e9sistent encore. R\u00e9cemment, <a href=\"https:\/\/www.capital.fr\/votre-argent\/carte-bancaire-a-quoi-sert-la-petite-encoche-sur-le-cote-1501417\" rel=\"nofollow noopener\" target=\"_blank\">Capital<\/a> informait ses lecteurs que, BNP Paribas Fortis n\u2019a pas encore adopt\u00e9 le format, pr\u00e9f\u00e9rant conserver une carte traditionnelle. \u00ab\u00a0Les malvoyants reconnaissent g\u00e9n\u00e9ralement leur carte bancaire avec la puce et savent donc dans quel sens l\u2019ins\u00e9rer dans un terminal\u00a0\u00bb, affirme son porte-parole. Il estime qu\u2019il serait \u00ab\u00a0plus pertinent d\u2019embosser le nom ou le logo de la banque sur les cartes\u00a0\u00bb, comme le fait d\u00e9j\u00e0 la Bpost.<\/p>\n<p>En France, aucune date n\u2019a encore \u00e9t\u00e9 annonc\u00e9e pour un \u00e9ventuel d\u00e9ploiement massif. Mais avec une telle adoption chez nos voisins belges et un retour utilisateur unanimement positif, la question n\u2019est peut-\u00eatre plus de savoir \u00ab\u00a0si\u00a0\u00bb, mais \u00ab\u00a0quand\u00a0\u00bb cette encoche deviendra la norme.<\/p>\n","protected":false},"excerpt":{"rendered":"Des millions d\u2019utilisateurs l\u2019ont d\u00e9j\u00e0 adopt\u00e9e sans toujours conna\u00eetre son utilit\u00e9. Zoom sur cette myst\u00e9rieuse encoche pr\u00e9sente sur&hellip;\n","protected":false},"author":2,"featured_media":292825,"comment_status":"","ping_status":"","sticky":false,"template":"","format":"standard","meta":{"footnotes":""},"categories":[6],"tags":[35,10281,33,34,1011,27,43274],"class_list":{"0":"post-292824","1":"post","2":"type-post","3":"status-publish","4":"format-standard","5":"has-post-thumbnail","7":"category-economie","8":"tag-business","9":"tag-buzz-nonli","10":"tag-economie","11":"tag-economy","12":"tag-fr","13":"tag-france","14":"tag-ga1"},"share_on_mastodon":{"url":"https:\/\/pubeurope.com\/@fr\/114962993308072736","error":""},"_links":{"self":[{"href":"https:\/\/www.europesays.com\/fr\/wp-json\/wp\/v2\/posts\/292824","targetHints":{"allow":["GET"]}}],"collection":[{"href":"https:\/\/www.europesays.com\/fr\/wp-json\/wp\/v2\/posts"}],"about":[{"href":"https:\/\/www.europesays.com\/fr\/wp-json\/wp\/v2\/types\/post"}],"author":[{"embeddable":true,"href":"https:\/\/www.europesays.com\/fr\/wp-json\/wp\/v2\/users\/2"}],"replies":[{"embeddable":true,"href":"https:\/\/www.europesays.com\/fr\/wp-json\/wp\/v2\/comments?post=292824"}],"version-history":[{"count":0,"href":"https:\/\/www.europesays.com\/fr\/wp-json\/wp\/v2\/posts\/292824\/revisions"}],"wp:featuredmedia":[{"embeddable":true,"href":"https:\/\/www.europesays.com\/fr\/wp-json\/wp\/v2\/media\/292825"}],"wp:attachment":[{"href":"https:\/\/www.europesays.com\/fr\/wp-json\/wp\/v2\/media?parent=292824"}],"wp:term":[{"taxonomy":"category","embeddable":true,"href":"https:\/\/www.europesays.com\/fr\/wp-json\/wp\/v2\/categories?post=292824"},{"taxonomy":"post_tag","embeddable":true,"href":"https:\/\/www.europesays.com\/fr\/wp-json\/wp\/v2\/tags?post=292824"}],"curies":[{"name":"wp","href":"https:\/\/api.w.org\/{rel}","templated":true}]}}