{"id":292832,"date":"2025-08-03T04:43:12","date_gmt":"2025-08-03T04:43:12","guid":{"rendered":"https:\/\/www.europesays.com\/fr\/292832\/"},"modified":"2025-08-03T04:43:12","modified_gmt":"2025-08-03T04:43:12","slug":"atteint-de-sclerose-en-plaques-il-marche-1500-km","status":"publish","type":"post","link":"https:\/\/www.europesays.com\/fr\/292832\/","title":{"rendered":"atteint de scl\u00e9rose en plaques, il marche 1500 km"},"content":{"rendered":"<p>Au milieu de son p\u00e9riple de 1\u00a0500\u00a0km \u00e0 pied au d\u00e9part de Delle, une commune du Territoire de Belfort, et \u00e0 destination d\u2019Andorre, Armand Thoinet a fait escale \u00e0 Saint-Chamond.<\/p>\n<p>Diagnostiqu\u00e9 de la scl\u00e9rose en plaques \u00e0 19 ans, <a href=\"https:\/\/www.leprogres.fr\/insolite\/2025\/02\/16\/armand-thoinet-entame-sa-10e-annee-d-aventurier\" target=\"_blank\" rel=\"nofollow noopener\">Armand Thoinet a vu sa vie basculer<\/a>. S\u2019ensuivent trois ann\u00e9es de solitude, de col\u00e8re, de deuil int\u00e9rieur. Et puis le d\u00e9clic. Sa petite s\u0153ur \u00e2g\u00e9e, alors de 16 ans, lui dit\u00a0: \u00ab\u00a0Armand, je ne sais pas comment tu vis, je ne sais pas ce que tu vis, mais maintenant agis.\u00a0\u00bb Alors, il accepte enfin sa maladie, qui est aujourd\u2019hui devenue une force.<\/p>\n<p>De Saint-Chamond au sommet du Cr\u00eat de la Perdrix<\/p>\n<p>Depuis, il n\u2019a cess\u00e9 d\u2019agir. Inspir\u00e9 par&#8230;<\/p>\n","protected":false},"excerpt":{"rendered":"Au milieu de son p\u00e9riple de 1\u00a0500\u00a0km \u00e0 pied au d\u00e9part de Delle, une commune du Territoire de&hellip;\n","protected":false},"author":2,"featured_media":292833,"comment_status":"","ping_status":"","sticky":false,"template":"","format":"standard","meta":{"footnotes":""},"categories":[9653],"tags":[1111,11,2430,7539,1777,674,1011,27,12,25,9669,9670,4001,71,104],"class_list":{"0":"post-292832","1":"post","2":"type-post","3":"status-publish","4":"format-standard","5":"has-post-thumbnail","7":"category-saint-etienne","8":"tag-actu","9":"tag-actualites","10":"tag-auvergne-rhone-alpes","11":"tag-edition-loire-sud","12":"tag-eu","13":"tag-europe","14":"tag-fr","15":"tag-france","16":"tag-news","17":"tag-republique-francaise","18":"tag-saint-chamond","19":"tag-saint-chamond-ville","20":"tag-saint-etienne","21":"tag-sante","22":"tag-societe"},"share_on_mastodon":{"url":"https:\/\/pubeurope.com\/@fr\/114963008987192440","error":""},"_links":{"self":[{"href":"https:\/\/www.europesays.com\/fr\/wp-json\/wp\/v2\/posts\/292832","targetHints":{"allow":["GET"]}}],"collection":[{"href":"https:\/\/www.europesays.com\/fr\/wp-json\/wp\/v2\/posts"}],"about":[{"href":"https:\/\/www.europesays.com\/fr\/wp-json\/wp\/v2\/types\/post"}],"author":[{"embeddable":true,"href":"https:\/\/www.europesays.com\/fr\/wp-json\/wp\/v2\/users\/2"}],"replies":[{"embeddable":true,"href":"https:\/\/www.europesays.com\/fr\/wp-json\/wp\/v2\/comments?post=292832"}],"version-history":[{"count":0,"href":"https:\/\/www.europesays.com\/fr\/wp-json\/wp\/v2\/posts\/292832\/revisions"}],"wp:featuredmedia":[{"embeddable":true,"href":"https:\/\/www.europesays.com\/fr\/wp-json\/wp\/v2\/media\/292833"}],"wp:attachment":[{"href":"https:\/\/www.europesays.com\/fr\/wp-json\/wp\/v2\/media?parent=292832"}],"wp:term":[{"taxonomy":"category","embeddable":true,"href":"https:\/\/www.europesays.com\/fr\/wp-json\/wp\/v2\/categories?post=292832"},{"taxonomy":"post_tag","embeddable":true,"href":"https:\/\/www.europesays.com\/fr\/wp-json\/wp\/v2\/tags?post=292832"}],"curies":[{"name":"wp","href":"https:\/\/api.w.org\/{rel}","templated":true}]}}