{"id":292834,"date":"2025-08-03T04:44:13","date_gmt":"2025-08-03T04:44:13","guid":{"rendered":"https:\/\/www.europesays.com\/fr\/292834\/"},"modified":"2025-08-03T04:44:13","modified_gmt":"2025-08-03T04:44:13","slug":"saint-etienne-meilleure-ville-pour-les-commerces-independants","status":"publish","type":"post","link":"https:\/\/www.europesays.com\/fr\/292834\/","title":{"rendered":"SAINT-\u00c9TIENNE : MEILLEURE VILLE POUR LES COMMERCES IND\u00c9PENDANTS"},"content":{"rendered":"<p>                <a href=\"https:\/\/cadenceradio.fr\" target=\"_blank\" aria-label=\"Banni\u00e8re Cadence 2025\" rel=\"nofollow noopener\"><img loading=\"lazy\" decoding=\"async\" src=\"https:\/\/www.europesays.com\/fr\/wp-content\/uploads\/2025\/07\/Banniere-Cadence-2025-scaled.jpg\" alt=\"\"   width=\"2560\" height=\"738\"\/><\/a><\/p>\n<p>Loin d\u2019\u00eatre anecdotique, cette performance place la capitale de la Loire dans le peloton de t\u00eate des villes moyennes les plus favorables \u00e0 l\u2019entrepreneuriat local. Ce qui distingue v\u00e9ritablement Saint-\u00c9tienne dans ce classement, c\u2019est son secteur de la beaut\u00e9 et du bien-\u00eatre. Avec 36 salons de manucure, soit 9 de plus qu\u2019\u00e0 Lille (qui occupe pourtant la 10\u00e8me place), la ville d\u00e9montre une demande soutenue pour ces services. Cette densit\u00e9 remarquable sugg\u00e8re non seulement un march\u00e9 porteur, mais aussi un pouvoir d\u2019achat local capable de soutenir ce type d\u2019activit\u00e9s.<\/p>\n<p>Saint-\u00c9tienne face \u00e0 la concurrence nationale<\/p>\n<p>Pour mieux comprendre la position de Saint-\u00c9tienne, voici le classement \u00e9tabli par SumUp :<\/p>\n<p><strong>Le trio de t\u00eate :<\/strong><\/p>\n<ol class=\"wp-block-list\">\n<li><strong>Paris<\/strong>\u00a0(10,67) \u2013 203 boulangeries ind\u00e9pendantes<\/li>\n<li><strong>Nice<\/strong>\u00a0(8,98) \u2013 35 supermarch\u00e9s ind\u00e9pendants et 131 salons de coiffure<\/li>\n<li><strong>Nantes<\/strong>\u00a0(8,81) \u2013 Les arcades du XIXe si\u00e8cle et le quartier Bouffay<\/li>\n<\/ol>\n<p><strong>Les villes m\u00e9tropolitaines :<\/strong>\u00a04.\u00a0<strong>Lyon<\/strong>\u00a0(8,77) \u2013 Boutiques de luxe et 126 salons de coiffure 5.\u00a0<strong>Marseille<\/strong>\u00a0(8,61) \u2013 126 boulangeries ind\u00e9pendantes 6.\u00a0<strong>Toulouse<\/strong>\u00a0(8,13) \u2013 Quartier Saint-Georges et march\u00e9 Victor Hugo 7.\u00a0<strong>Montpellier<\/strong>\u00a0(8,10) \u2013 March\u00e9s couverts traditionnels 8.\u00a0<strong>Bordeaux<\/strong>\u00a0(7,89) \u2013 Rue du Pas-Saint-Georges<\/p>\n<p><strong>Les villes de taille similaire \u00e0 Saint-\u00c9tienne :<\/strong>\u00a09.\u00a0<strong>Dijon<\/strong>\u00a0(7,55) \u2013 Librairies et magasins d\u2019antiquit\u00e9s 10.\u00a0<strong>Lille<\/strong>\u00a0(7,36) \u2013 100 salons de coiffure 11.\u00a0<strong>Saint-\u00c9tienne<\/strong>\u00a0(7,35) \u2013\u00a0<strong>36 salons de manucure<\/strong>\u00a012.\u00a0<strong>Grenoble<\/strong>\u00a0(7,16) \u2013 121 barbiers 13.\u00a0<strong>Rennes<\/strong>(7,11) \u2013 March\u00e9s dynamiques 14.\u00a0<strong>Clermont-Ferrand<\/strong>\u00a0(7,04) \u2013 66 caf\u00e9s ind\u00e9pendants 15.\u00a0<strong>Strasbourg<\/strong>\u00a0(7,01) \u2013 120 boulangeries ind\u00e9pendantes<\/p>\n<p>Pourquoi choisir Saint-\u00c9tienne pour son business ?<\/p>\n<p>Des co\u00fbts d\u2019implantation attractifs<\/p>\n<p>Contrairement aux m\u00e9tropoles du top 5, Saint-\u00c9tienne offre l\u2019avantage de co\u00fbts d\u2019implantation g\u00e9n\u00e9ralement plus accessibles, tout en conservant un bassin de consommateurs suffisant pour faire prosp\u00e9rer un commerce ind\u00e9pendant. Cette \u00e9quation favorable explique en partie pourquoi la ville attire de plus en plus d\u2019entrepreneurs.<\/p>\n<p>Un \u00e9cosyst\u00e8me commercial \u00e9quilibr\u00e9<\/p>\n<p>La pr\u00e9sence de 36 salons de manucure t\u00e9moigne d\u2019un march\u00e9 local mature et diversifi\u00e9. Cette densit\u00e9, sup\u00e9rieure \u00e0 celle de villes pourtant mieux class\u00e9es comme Lille, r\u00e9v\u00e8le une client\u00e8le fid\u00e8le et r\u00e9guli\u00e8re, gage de stabilit\u00e9 pour les commerces de services.<\/p>\n<p>Les secteurs porteurs \u00e0 Saint-\u00c9tienne<\/p>\n<p>Selon l\u2019analyse des donn\u00e9es du classement, plusieurs secteurs semblent particuli\u00e8rement prometteurs :<\/p>\n<ul class=\"wp-block-list\">\n<li><strong>Beaut\u00e9 et bien-\u00eatre<\/strong>\u00a0: Le nombre \u00e9lev\u00e9 de salons de manucure indique un march\u00e9 dynamique<\/li>\n<li><strong>Commerce de proximit\u00e9<\/strong>\u00a0: Les petites rues favorisent les boutiques sp\u00e9cialis\u00e9es<\/li>\n<li><strong>Artisanat local<\/strong>\u00a0: L\u2019identit\u00e9 st\u00e9phanoise valorise les savoir-faire traditionnels<\/li>\n<\/ul>\n<p>Une m\u00e9thodologie rigoureuse<\/p>\n<p>Les donn\u00e9es ont \u00e9t\u00e9 collect\u00e9es via Google Maps en janvier 2024, en se basant sur 14 crit\u00e8res comme le nombre de boulangeries et l\u2019avis moyen des clients pour chaque ville. Cette approche scientifique garantit la fiabilit\u00e9 du classement et confirme la position favorable de Saint-\u00c9tienne.<\/p>\n<p>Conclusion : Saint-\u00c9tienne, un choix judicieux pour entreprendre<\/p>\n<p>Avec son score de 7,35, Saint-\u00c9tienne prouve qu\u2019elle m\u00e9rite sa place parmi les villes fran\u00e7aises les plus accueillantes pour les commerces ind\u00e9pendants. Entre tradition et modernit\u00e9, co\u00fbts ma\u00eetris\u00e9s et march\u00e9 dynamique, la ville offre un terrain fertile pour les entrepreneurs qui souhaitent allier qualit\u00e9 de vie et opportunit\u00e9s business.<\/p>\n<p>Pour les porteurs de projets dans les secteurs de la beaut\u00e9, de l\u2019artisanat ou du commerce de proximit\u00e9, Saint-\u00c9tienne repr\u00e9sente une alternative s\u00e9duisante aux grandes m\u00e9tropoles, avec l\u2019avantage d\u2019un environnement \u00e0 taille humaine o\u00f9 les relations de proximit\u00e9 avec la client\u00e8le restent possibles.<\/p>\n<p>\u00c9tude r\u00e9alis\u00e9e par <a href=\"https:\/\/www.sumup.com\/fr-fr\/business-guide\/les-meilleures-villes-francaises-pour-lancer-son-business\/\" rel=\"sponsored nofollow noopener\" target=\"_blank\">SumUp<\/a> en janvier 2024 sur la base de 14 crit\u00e8res d\u2019\u00e9valuation des villes fran\u00e7aises pour les commerces ind\u00e9pendants.<\/p>\n","protected":false},"excerpt":{"rendered":"Loin d\u2019\u00eatre anecdotique, cette performance place la capitale de la Loire dans le peloton de t\u00eate des villes&hellip;\n","protected":false},"author":2,"featured_media":292835,"comment_status":"","ping_status":"","sticky":false,"template":"","format":"standard","meta":{"footnotes":""},"categories":[9653],"tags":[1111,11,2430,7227,33,1777,674,1011,27,3367,12,25,4001],"class_list":{"0":"post-292834","1":"post","2":"type-post","3":"status-publish","4":"format-standard","5":"has-post-thumbnail","7":"category-saint-etienne","8":"tag-actu","9":"tag-actualites","10":"tag-auvergne-rhone-alpes","11":"tag-commerces","12":"tag-economie","13":"tag-eu","14":"tag-europe","15":"tag-fr","16":"tag-france","17":"tag-loire","18":"tag-news","19":"tag-republique-francaise","20":"tag-saint-etienne"},"share_on_mastodon":{"url":"https:\/\/pubeurope.com\/@fr\/114963013045576862","error":""},"_links":{"self":[{"href":"https:\/\/www.europesays.com\/fr\/wp-json\/wp\/v2\/posts\/292834","targetHints":{"allow":["GET"]}}],"collection":[{"href":"https:\/\/www.europesays.com\/fr\/wp-json\/wp\/v2\/posts"}],"about":[{"href":"https:\/\/www.europesays.com\/fr\/wp-json\/wp\/v2\/types\/post"}],"author":[{"embeddable":true,"href":"https:\/\/www.europesays.com\/fr\/wp-json\/wp\/v2\/users\/2"}],"replies":[{"embeddable":true,"href":"https:\/\/www.europesays.com\/fr\/wp-json\/wp\/v2\/comments?post=292834"}],"version-history":[{"count":0,"href":"https:\/\/www.europesays.com\/fr\/wp-json\/wp\/v2\/posts\/292834\/revisions"}],"wp:featuredmedia":[{"embeddable":true,"href":"https:\/\/www.europesays.com\/fr\/wp-json\/wp\/v2\/media\/292835"}],"wp:attachment":[{"href":"https:\/\/www.europesays.com\/fr\/wp-json\/wp\/v2\/media?parent=292834"}],"wp:term":[{"taxonomy":"category","embeddable":true,"href":"https:\/\/www.europesays.com\/fr\/wp-json\/wp\/v2\/categories?post=292834"},{"taxonomy":"post_tag","embeddable":true,"href":"https:\/\/www.europesays.com\/fr\/wp-json\/wp\/v2\/tags?post=292834"}],"curies":[{"name":"wp","href":"https:\/\/api.w.org\/{rel}","templated":true}]}}