{"id":292836,"date":"2025-08-03T04:45:37","date_gmt":"2025-08-03T04:45:37","guid":{"rendered":"https:\/\/www.europesays.com\/fr\/292836\/"},"modified":"2025-08-03T04:45:37","modified_gmt":"2025-08-03T04:45:37","slug":"le-handicap-ne-doit-pas-etre-un-frein-a-la-decouverte","status":"publish","type":"post","link":"https:\/\/www.europesays.com\/fr\/292836\/","title":{"rendered":"le handicap ne doit pas \u00eatre un frein \u00e0 la d\u00e9couverte"},"content":{"rendered":"<p>C\u2019est l\u2019\u00e9t\u00e9, saison des vacances et du bon temps, des visites et des d\u00e9couvertes. Une \u00e9vidence pour beaucoup mais pour certains, les choses ne sont pas si simples. Les personnes handicap\u00e9es, selon leur profil, ont en effet besoin de certains am\u00e9nagements pour profiter d\u2019une ville et de ses attraits touristiques. Un point que les professionnels du secteur, charg\u00e9s de mieux faire conna\u00eetre le Grand Nancy, prennent en consid\u00e9ration.<\/p>\n<p>Labellis\u00e9 \u00ab\u00a0Tourisme et handicap\u00a0\u00bb sur les quatre handicaps (moteur, visuel, auditif et intellectuel) par l\u2019organisme d\u2019\u00c9tat certificateur Atout France (1) , <a href=\"https:\/\/www.estrepublicain.fr\/economie\/2025\/05\/01\/tourisme-le-tres-bon-bilan-2024-de-destination-nancy-qui-a-organise-178-evenements-durant-l-annee\" target=\"_blank\" rel=\"noopener\">l\u2019office de tourisme m\u00e9tropolitain,<\/a> <a href=\"https:\/\/www.estrepublicain.fr\/p\/place-stanislas\" target=\"_blank\" rel=\"noopener\">place&#8230;<\/a><\/p>\n","protected":false},"excerpt":{"rendered":"C\u2019est l\u2019\u00e9t\u00e9, saison des vacances et du bon temps, des visites et des d\u00e9couvertes. Une \u00e9vidence pour beaucoup&hellip;\n","protected":false},"author":2,"featured_media":292837,"comment_status":"","ping_status":"","sticky":false,"template":"","format":"standard","meta":{"footnotes":""},"categories":[9635],"tags":[1111,11,33,1707,1704,1706,1705,1777,674,1011,27,775,1943,3457,1702,1703,12,25,104,602],"class_list":{"0":"post-292836","1":"post","2":"type-post","3":"status-publish","4":"format-standard","5":"has-post-thumbnail","7":"category-nancy","8":"tag-actu","9":"tag-actualites","10":"tag-economie","11":"tag-edition-luneville","12":"tag-edition-nancy-et-agglomeration","13":"tag-edition-pont-a-mousson","14":"tag-edition-toul","15":"tag-eu","16":"tag-europe","17":"tag-fr","18":"tag-france","19":"tag-grand-est","20":"tag-handicap","21":"tag-meurthe-et-moselle","22":"tag-nancy","23":"tag-nancy-ville-54b","24":"tag-news","25":"tag-republique-francaise","26":"tag-societe","27":"tag-tourisme"},"share_on_mastodon":{"url":"https:\/\/pubeurope.com\/@fr\/114963016771936942","error":""},"_links":{"self":[{"href":"https:\/\/www.europesays.com\/fr\/wp-json\/wp\/v2\/posts\/292836","targetHints":{"allow":["GET"]}}],"collection":[{"href":"https:\/\/www.europesays.com\/fr\/wp-json\/wp\/v2\/posts"}],"about":[{"href":"https:\/\/www.europesays.com\/fr\/wp-json\/wp\/v2\/types\/post"}],"author":[{"embeddable":true,"href":"https:\/\/www.europesays.com\/fr\/wp-json\/wp\/v2\/users\/2"}],"replies":[{"embeddable":true,"href":"https:\/\/www.europesays.com\/fr\/wp-json\/wp\/v2\/comments?post=292836"}],"version-history":[{"count":0,"href":"https:\/\/www.europesays.com\/fr\/wp-json\/wp\/v2\/posts\/292836\/revisions"}],"wp:featuredmedia":[{"embeddable":true,"href":"https:\/\/www.europesays.com\/fr\/wp-json\/wp\/v2\/media\/292837"}],"wp:attachment":[{"href":"https:\/\/www.europesays.com\/fr\/wp-json\/wp\/v2\/media?parent=292836"}],"wp:term":[{"taxonomy":"category","embeddable":true,"href":"https:\/\/www.europesays.com\/fr\/wp-json\/wp\/v2\/categories?post=292836"},{"taxonomy":"post_tag","embeddable":true,"href":"https:\/\/www.europesays.com\/fr\/wp-json\/wp\/v2\/tags?post=292836"}],"curies":[{"name":"wp","href":"https:\/\/api.w.org\/{rel}","templated":true}]}}