{"id":292847,"date":"2025-08-03T05:02:25","date_gmt":"2025-08-03T05:02:25","guid":{"rendered":"https:\/\/www.europesays.com\/fr\/292847\/"},"modified":"2025-08-03T05:02:25","modified_gmt":"2025-08-03T05:02:25","slug":"la-chaussette-iconique-de-michael-jackson-portee-lors-dun-concert-a-nice-adjugee-6-200-euros","status":"publish","type":"post","link":"https:\/\/www.europesays.com\/fr\/292847\/","title":{"rendered":"La chaussette \u00ab\u00a0iconique\u00a0\u00bb de Michael Jackson port\u00e9e lors d&rsquo;un concert \u00e0 Nice adjug\u00e9e 6.200 euros"},"content":{"rendered":"<p>Une <a href=\"https:\/\/www.nicematin.com\/culture\/michael-jackson-la-portait-lors-de-son-concert-a-nice-en-1997-l-incroyable-histoire-de-la-chaussette-orpheline-preservee-et-vendue-aux-encheres-991244\" target=\"_blank\" rel=\"noopener\">chaussette port\u00e9e le 27 juillet 1997 par Michael Jackson<\/a> lors d&rsquo;un concert \u00e0 Nice a \u00e9t\u00e9 adjug\u00e9e 6.200 euros lors d&rsquo;une vente aux ench\u00e8res organis\u00e9e mercredi par l&rsquo;H\u00f4tel des ventes de N\u00eemes.<\/p>\n<p>L&rsquo;objet \u00ab\u00a0iconique\u00a0\u00bb, passablement d\u00e9fra\u00eechi, avait \u00e9t\u00e9 trouv\u00e9 \u00e0 la fin du concert \u00ab\u00a0\u00e0 c\u00f4t\u00e9 des loges de l&rsquo;artiste, par un technicien qui intervenait sur le site\u00a0\u00bb, a pr\u00e9cis\u00e9 \u00e0 l&rsquo;AFP Aurore Illy, commissaire-priseur pour la maison de ventes.<\/p>\n<p>\u00ab\u00a0On est vraiment sur un objet exceptionnel, voire un objet de culte pour les fans de Michael Jackson et nous avons re\u00e7u de nombreuses marques d&rsquo;int\u00e9r\u00eat\u00a0\u00bb, a-t-elle soulign\u00e9.<\/p>\n<p>Brod\u00e9e de cristaux carr\u00e9s scintillants, la chaussette avait \u00e9t\u00e9 plac\u00e9e dans un cadre, accompagn\u00e9e du \u00ab\u00a0laissez-passer backstage d&rsquo;\u00e9poque\u00a0\u00bb du technicien, a de son c\u00f4t\u00e9 pr\u00e9cis\u00e9 le site internet de ventes aux ench\u00e8res Interencheres.<\/p>\n<p>Assorti \u00e0 l&#8217;embl\u00e9matique gant port\u00e9 par l&rsquo;ic\u00f4ne de la pop lors de sa tourn\u00e9e \u00ab\u00a0HIStory World Tour\u00a0\u00bb, l&rsquo;accessoire aurait \u00e9t\u00e9 port\u00e9 \u00ab\u00a0sur les morceaux &lsquo;Beat it Live&rsquo; et &lsquo;Billie Jean&rsquo; o\u00f9 Michael excelle sur le moonwalk\u00a0\u00bb, selon le m\u00eame site.<\/p>\n<p>Mis en vente une premi\u00e8re fois en juin, l&rsquo;objet n&rsquo;avait alors pas trouv\u00e9 preneur. Avec un prix de d\u00e9part de 2.500 euros, il \u00e9tait estim\u00e9 entre 3.000 et 4.000 euros.<\/p>\n","protected":false},"excerpt":{"rendered":"Une chaussette port\u00e9e le 27 juillet 1997 par Michael Jackson lors d&rsquo;un concert \u00e0 Nice a \u00e9t\u00e9 adjug\u00e9e&hellip;\n","protected":false},"author":2,"featured_media":292848,"comment_status":"","ping_status":"","sticky":false,"template":"","format":"standard","meta":{"footnotes":""},"categories":[2819],"tags":[1111,11,4156,251,1777,674,1011,27,937,873,12,2401,882,25],"class_list":{"0":"post-292847","1":"post","2":"type-post","3":"status-publish","4":"format-standard","5":"has-post-thumbnail","7":"category-nice","8":"tag-actu","9":"tag-actualites","10":"tag-concerts","11":"tag-culture","12":"tag-eu","13":"tag-europe","14":"tag-fr","15":"tag-france","16":"tag-histoire","17":"tag-musique","18":"tag-news","19":"tag-nice","20":"tag-provence-alpes-cote-dazur","21":"tag-republique-francaise"},"share_on_mastodon":{"url":"https:\/\/pubeurope.com\/@fr\/114963083649103639","error":""},"_links":{"self":[{"href":"https:\/\/www.europesays.com\/fr\/wp-json\/wp\/v2\/posts\/292847","targetHints":{"allow":["GET"]}}],"collection":[{"href":"https:\/\/www.europesays.com\/fr\/wp-json\/wp\/v2\/posts"}],"about":[{"href":"https:\/\/www.europesays.com\/fr\/wp-json\/wp\/v2\/types\/post"}],"author":[{"embeddable":true,"href":"https:\/\/www.europesays.com\/fr\/wp-json\/wp\/v2\/users\/2"}],"replies":[{"embeddable":true,"href":"https:\/\/www.europesays.com\/fr\/wp-json\/wp\/v2\/comments?post=292847"}],"version-history":[{"count":0,"href":"https:\/\/www.europesays.com\/fr\/wp-json\/wp\/v2\/posts\/292847\/revisions"}],"wp:featuredmedia":[{"embeddable":true,"href":"https:\/\/www.europesays.com\/fr\/wp-json\/wp\/v2\/media\/292848"}],"wp:attachment":[{"href":"https:\/\/www.europesays.com\/fr\/wp-json\/wp\/v2\/media?parent=292847"}],"wp:term":[{"taxonomy":"category","embeddable":true,"href":"https:\/\/www.europesays.com\/fr\/wp-json\/wp\/v2\/categories?post=292847"},{"taxonomy":"post_tag","embeddable":true,"href":"https:\/\/www.europesays.com\/fr\/wp-json\/wp\/v2\/tags?post=292847"}],"curies":[{"name":"wp","href":"https:\/\/api.w.org\/{rel}","templated":true}]}}