{"id":292853,"date":"2025-08-03T05:06:04","date_gmt":"2025-08-03T05:06:04","guid":{"rendered":"https:\/\/www.europesays.com\/fr\/292853\/"},"modified":"2025-08-03T05:06:04","modified_gmt":"2025-08-03T05:06:04","slug":"mercato-nantes-fait-les-yeux-doux-a-un-indesirable-de-lom-2","status":"publish","type":"post","link":"https:\/\/www.europesays.com\/fr\/292853\/","title":{"rendered":"Mercato, Nantes fait les yeux doux \u00e0 un ind\u00e9sirable de l&rsquo;OM"},"content":{"rendered":"<p class=\"mb-4 text-lg md:leading-8 break-words\">Le FC Nantes continue de s\u2019agiter en coulisses sur ce mercato estival. Tandis que plusieurs d\u00e9parts majeurs ont d\u00e9j\u00e0 \u00e9t\u00e9 act\u00e9s, d\u2019autres sont \u00e0 craindre dans les prochains jours. Pour se pr\u00e9munir d\u2019un exode en attaque, les Canaris ont d\u00e9j\u00e0 cibl\u00e9 plusieurs profils. L\u2019un d\u2019eux vient de l\u2019Olympique de Marseille et pourrait constituer une solution de repli aussi int\u00e9ressante qu\u2019inattendue.<\/p>\n<p>Nantes vise Faris Moumbagna<img alt=\"Nantes vise Faris Moumbagna \" loading=\"lazy\" width=\"960\" height=\"540\" decoding=\"async\" data-nimg=\"1\" class=\"rounded-lg\" style=\"color:transparent\" src=\"https:\/\/www.europesays.com\/fr\/wp-content\/uploads\/2025\/08\/9996cf61727c5911a59bc3d603d33331.jpeg\"\/><\/p>\n<p>Nantes vise Faris Moumbagna<\/p>\n<p class=\"mb-4 text-lg md:leading-8 break-words\">Le mercato nantais s\u2019inscrit dans une profonde refonte de l\u2019effectif. Apr\u00e8s les d\u00e9parts de joueurs cl\u00e9s comme Nathan Z\u00e9z\u00e9, Moses Simon ou encore Jean-Charles Castelletto, la cellule de recrutement du FC Nantes anticipe d\u2019\u00e9ventuels mouvements dans le secteur offensif. Mostafa Mohamed et Matthis Abline, courtis\u00e9s \u00e0 l\u2019\u00e9tranger, pourraient quitter la Beaujoire. Bien que Luis Castro souhaite les conserver, Waldemar Kita ne s\u2019opposera pas \u00e0 un transfert si les conditions financi\u00e8res sont satisfaisantes.<\/p>\n<p class=\"mb-4 text-lg md:leading-8 break-words\">En cas de d\u00e9part d\u2019un de ces deux attaquants, Nantes a d\u00e9j\u00e0 identifi\u00e9 un profil pour renforcer sa ligne offensive : Faris Moumbagna. Selon les informations du compte Actus OM 13, l\u2019attaquant camerounais de l\u2019OM figure sur les tablettes nantaises. <a href=\"https:\/\/fr.news.yahoo.com\/sport\/mercato-l-om-met-star-102639366.html\" data-ylk=\"slk:Mis \u00e0 l\u2019\u00e9cart du groupe professionnel depuis juillet, il est pouss\u00e9 vers la sortie par le staff phoc\u00e9en.;elm:context_link;itc:0;sec:content-canvas;outcm:mb_qualified_link;_E:mb_qualified_link;ct:story;\" class=\"link  yahoo-link\" target=\"_blank\" rel=\"noopener\">Mis \u00e0 l\u2019\u00e9cart du groupe professionnel depuis juillet, il est pouss\u00e9 vers la sortie par le staff phoc\u00e9en.<\/a><\/p>\n<p>L\u2019OM pr\u00eat \u00e0 faciliter le d\u00e9part de Faris Moumbagna<img alt=\"L\u2019OM pr\u00eat \u00e0 faciliter le d\u00e9part de Faris Moumbagna\" loading=\"lazy\" width=\"960\" height=\"540\" decoding=\"async\" data-nimg=\"1\" class=\"rounded-lg\" style=\"color:transparent\" src=\"https:\/\/www.europesays.com\/fr\/wp-content\/uploads\/2025\/08\/29be803a6e5af5f92f37d283ca795b6b.jpeg\"\/><\/p>\n<p>L\u2019OM pr\u00eat \u00e0 faciliter le d\u00e9part de Faris Moumbagna<\/p>\n<p class=\"mb-4 text-lg md:leading-8 break-words\"><a href=\"https:\/\/www.goal.com\/fr\/news\/om-mauvaise-nouvelle-pour-faris-moumbagna\/bltcf1697a7c9ef2fec\" rel=\"nofollow noopener\" target=\"_blank\" data-ylk=\"slk:Faris Moumbagna, 25 ans, avait pourtant s\u00e9duit lors de ses premiers mois \u00e0 l\u2019OM, avant de subir une rupture des ligaments crois\u00e9s en ao\u00fbt dernier.;elm:context_link;itc:0;sec:content-canvas\" class=\"link \">Faris Moumbagna, 25 ans, avait pourtant s\u00e9duit lors de ses premiers mois \u00e0 l\u2019OM, avant de subir une rupture des ligaments crois\u00e9s en ao\u00fbt dernier.<\/a> Sa puissance, sa vitesse et son sens du duel avaient marqu\u00e9 les esprits, aussi bien en Ligue 1 qu\u2019en Europa League. <a href=\"https:\/\/fr.news.yahoo.com\/sport\/stage-pr%C3%A9paration-l-om-renvoie-043852981.html\" data-ylk=\"slk:Mais Roberto De Zerbi, nouvel entra\u00eeneur marseillais, a choisi de ne pas le retenir pour la pr\u00e9paration estivale.;elm:context_link;itc:0;sec:content-canvas;outcm:mb_qualified_link;_E:mb_qualified_link;ct:story;\" class=\"link  yahoo-link\" target=\"_blank\" rel=\"noopener\">Mais Roberto De Zerbi, nouvel entra\u00eeneur marseillais, a choisi de ne pas le retenir pour la pr\u00e9paration estivale.<\/a><\/p>\n<p class=\"mb-4 text-lg md:leading-8 break-words\"><a href=\"https:\/\/fr.news.yahoo.com\/sport\/mercato-om-club-ligue-1-070209901.html\" data-ylk=\"slk:Un d\u00e9part semble donc in\u00e9vitable, et l\u2019OM ne serait pas ferm\u00e9 \u00e0 l\u2019id\u00e9e d\u2019un pr\u00eat en Ligue 1 pour permettre \u00e0 Moumbagna de se relancer;elm:context_link;itc:0;sec:content-canvas;outcm:mb_qualified_link;_E:mb_qualified_link;ct:story;\" class=\"link  yahoo-link\" target=\"_blank\" rel=\"noopener\">Un d\u00e9part semble donc in\u00e9vitable, et l\u2019OM ne serait pas ferm\u00e9 \u00e0 l\u2019id\u00e9e d\u2019un pr\u00eat en Ligue 1 pour permettre \u00e0 Moumbagna de se relancer<\/a>. L\u2019int\u00e9r\u00eat de Nantes tombe donc \u00e0 point nomm\u00e9, m\u00eame si les relations entre les deux clubs restent tendues apr\u00e8s les dossiers Rongier, Merlin et Abline. Le joueur suscite \u00e9galement des convoitises ailleurs, comme \u00e0 Toulouse, mais l\u2019option nantaise pourrait s\u2019av\u00e9rer strat\u00e9gique pour toutes les parties.<\/p>\n","protected":false},"excerpt":{"rendered":"Le FC Nantes continue de s\u2019agiter en coulisses sur ce mercato estival. Tandis que plusieurs d\u00e9parts majeurs ont&hellip;\n","protected":false},"author":2,"featured_media":292854,"comment_status":"","ping_status":"","sticky":false,"template":"","format":"standard","meta":{"footnotes":""},"categories":[2818],"tags":[1111,11,1777,674,43277,462,1011,27,17090,13295,22150,766,12,2636,25,968,43278],"class_list":{"0":"post-292853","1":"post","2":"type-post","3":"status-publish","4":"format-standard","5":"has-post-thumbnail","7":"category-nantes","8":"tag-actu","9":"tag-actualites","10":"tag-eu","11":"tag-europe","12":"tag-faris-moumbagna","13":"tag-fc-nantes","14":"tag-fr","15":"tag-france","16":"tag-lolympique-de-marseille","17":"tag-matthis-abline","18":"tag-mostafa-mohamed","19":"tag-nantes","20":"tag-news","21":"tag-pays-de-la-loire","22":"tag-republique-francaise","23":"tag-roberto-de-zerbi","24":"tag-solution-de-repli"},"share_on_mastodon":{"url":"https:\/\/pubeurope.com\/@fr\/114963099445414824","error":""},"_links":{"self":[{"href":"https:\/\/www.europesays.com\/fr\/wp-json\/wp\/v2\/posts\/292853","targetHints":{"allow":["GET"]}}],"collection":[{"href":"https:\/\/www.europesays.com\/fr\/wp-json\/wp\/v2\/posts"}],"about":[{"href":"https:\/\/www.europesays.com\/fr\/wp-json\/wp\/v2\/types\/post"}],"author":[{"embeddable":true,"href":"https:\/\/www.europesays.com\/fr\/wp-json\/wp\/v2\/users\/2"}],"replies":[{"embeddable":true,"href":"https:\/\/www.europesays.com\/fr\/wp-json\/wp\/v2\/comments?post=292853"}],"version-history":[{"count":0,"href":"https:\/\/www.europesays.com\/fr\/wp-json\/wp\/v2\/posts\/292853\/revisions"}],"wp:featuredmedia":[{"embeddable":true,"href":"https:\/\/www.europesays.com\/fr\/wp-json\/wp\/v2\/media\/292854"}],"wp:attachment":[{"href":"https:\/\/www.europesays.com\/fr\/wp-json\/wp\/v2\/media?parent=292853"}],"wp:term":[{"taxonomy":"category","embeddable":true,"href":"https:\/\/www.europesays.com\/fr\/wp-json\/wp\/v2\/categories?post=292853"},{"taxonomy":"post_tag","embeddable":true,"href":"https:\/\/www.europesays.com\/fr\/wp-json\/wp\/v2\/tags?post=292853"}],"curies":[{"name":"wp","href":"https:\/\/api.w.org\/{rel}","templated":true}]}}