{"id":292862,"date":"2025-08-03T05:11:10","date_gmt":"2025-08-03T05:11:10","guid":{"rendered":"https:\/\/www.europesays.com\/fr\/292862\/"},"modified":"2025-08-03T05:11:10","modified_gmt":"2025-08-03T05:11:10","slug":"on-connait-enfin-le-terminus","status":"publish","type":"post","link":"https:\/\/www.europesays.com\/fr\/292862\/","title":{"rendered":"on conna\u00eet enfin le terminus"},"content":{"rendered":"<p>            Par<br \/>\n        <strong><br \/>\n            <a href=\"https:\/\/actu.fr\/auteur\/annesophie-2\" title=\"Consulter tous les articles de Anne-Sophie Hourdeaux\" rel=\"nofollow noopener\" target=\"_blank\">Anne-Sophie Hourdeaux<\/a><br \/>\n        <\/strong><\/p>\n<p>        Publi\u00e9 le<\/p>\n<p>            3 ao\u00fbt 2025 \u00e0 6h30        <\/p>\n<p>Les concertations publiques pour les<b> futures lignes de tramway pr\u00e9vues en 2033 et 2035 dans la m\u00e9tropole lilloise<\/b> s\u2019encha\u00eenent. Derni\u00e8rement, une s\u2019est tenue<b> \u00e0 Wambrechies (Nord), qui sera le terminus d\u2019une des lignes.<\/b> Lors de la concertation, il a \u00e9t\u00e9 d\u00e9voil\u00e9 o\u00f9 se situera pr\u00e9cis\u00e9ment le dernier arr\u00eat de cette ligne. <b>Trois projets \u00e9taient sur la table, dont un en plein centre-ville. <\/b>Quel sc\u00e9nario a-t-il \u00e9t\u00e9 choisi ?<\/p>\n<p>Trois options \u00e0 l\u2019\u00e9tude<\/p>\n<p class=\" wall-content\">Plusieurs options ont \u00e9t\u00e9 \u00e9tudi\u00e9es. Trois emplacements \u00e9taient envisageables : <b>l\u2019ancienne gare TER, le secteur avenue des Peupliers\/Fribois, ou le secteur rue Foch\/Obert<\/b>.<\/p>\n<p class=\" wall-content\">L\u2019id\u00e9e d\u2019un tramway allant jusqu\u2019au c\u0153ur du centre-ville pouvait s\u00e9duire les visiteurs, mais aussi inqui\u00e9ter les riverains. \u00ab Apr\u00e8s analyse d\u00e9taill\u00e9e, c\u2019est finalement le sc\u00e9nario du <b>secteur Foch\/Obert qui a \u00e9t\u00e9 retenu<\/b> \u00bb annonce la mairie. Pourquoi ? Trois raisons ont scell\u00e9 ce choix : <b>le co\u00fbt financier, les contraintes du terrain, la proximit\u00e9 du centre<\/b>.<\/p>\n<p>    <img   decoding=\"async\" loading=\"lazy\" class=\"size-large\" src=\"https:\/\/www.europesays.com\/fr\/wp-content\/uploads\/2025\/08\/03dd94ee2a886e6dd94ee2a88badd9v-960x640.jpg\" alt=\"Le terminus du tramway \u00e0 Wambrechies a \u00e9t\u00e9 d\u00e9cid\u00e9 : ce sera \u00e0 l'angle des rues Foch et Obert.\" width=\"960\" height=\"640\"\/><br \/>\n    Le terminus du tramway \u00e0 Wambrechies a \u00e9t\u00e9 d\u00e9cid\u00e9 : ce sera \u00e0 l\u2019angle des rues Foch et Obert, et pas en centre-ville. Les autres stations ne sont pas encore connues. \u00a9Mappy<\/p>\n<p class=\" wall-content\">Cette localisation dessert directement pr\u00e8s de 5 000\u00a0habitants dans un rayon de 500\u00a0m\u00e8tres et reste proche du centre-ville. Les deux autres sc\u00e9narios auraient n\u00e9cessit\u00e9 d\u2019importants am\u00e9nagements fonciers, notamment rue d\u2019Ypres ou avenue de la Gare, et donc des surco\u00fbts.<\/p>\n<p>Les autres arr\u00eats ?<\/p>\n<p class=\" wall-content\">Et les autres arr\u00eats ? Ils ne sont pas encore connus. On sait juste que le trac\u00e9 passe par le Vieux-Lille (fa\u00e7ade de l\u2019Esplanade), pour remonter par Saint-Andr\u00e9 (rue Sadi Carnot) jusque devant Hall U Need, puis bifurquer par Marquette en passant par la rue F\u00e9lix Faure. Puis, le tramway empruntera l\u2019avenue Decauville et l\u2019avenue Industrielle en arrivant \u00e0 Wambrechies.<\/p>\n<p class=\" wall-content\">Pour aider au stationnement, point noir des inqui\u00e9tudes des riverains, un parking relais est pr\u00e9vu \u00e0 Wambrechies. Mais o\u00f9 ? Son emplacement reste inconnu.<\/p>\n<p class=\" wall-content\">Quant au calendrier des travaux, il se pr\u00e9cise. Le Conseil municipal se prononcera sur ce choix en septembre prochain, suivi d\u2019une d\u00e9lib\u00e9ration du Conseil m\u00e9tropolitain en octobre. Ensuite, les \u00e9tudes de conception d\u00e9taill\u00e9es se poursuivront jusqu\u2019en 2027, date vis\u00e9e pour l\u2019enqu\u00eate publique.<\/p>\n<p class=\" wall-content\">Le d\u00e9marrage des travaux est envisag\u00e9 en 2028, avec une mise en service pr\u00e9vue en 2035 pour l\u2019ensemble du programme.<\/p>\n<p class=\" wall-content\">Suivez toute l\u2019actualit\u00e9 de vos villes et m\u00e9dias favoris en vous inscrivant \u00e0 <a href=\"https:\/\/moncompte.actu.fr\" title=\"D\u00e9couvez Mon Actu\" rel=\"nofollow noopener\" data-trk=\"{&quot;cta&quot;:{&quot;action&quot;:&quot;https:\\\/\\\/moncompte.actu.fr&quot;,&quot;category&quot;:&quot;mon compte&quot;,&quot;from&quot;:&quot;article footer&quot;,&quot;name&quot;:&quot;Mon actu&quot;,&quot;type&quot;:&quot;cta&quot;}}\" target=\"_blank\">Mon Actu<\/a>.<\/p>\n","protected":false},"excerpt":{"rendered":"Par Anne-Sophie Hourdeaux Publi\u00e9 le 3 ao\u00fbt 2025 \u00e0 6h30 Les concertations publiques pour les futures lignes de&hellip;\n","protected":false},"author":2,"featured_media":292863,"comment_status":"","ping_status":"","sticky":false,"template":"","format":"standard","meta":{"footnotes":""},"categories":[2815],"tags":[1111,11,1777,674,1011,27,811,4288,1307,12,25,104,2803],"class_list":{"0":"post-292862","1":"post","2":"type-post","3":"status-publish","4":"format-standard","5":"has-post-thumbnail","7":"category-lille","8":"tag-actu","9":"tag-actualites","10":"tag-eu","11":"tag-europe","12":"tag-fr","13":"tag-france","14":"tag-hauts-de-france","15":"tag-ilevia","16":"tag-lille","17":"tag-news","18":"tag-republique-francaise","19":"tag-societe","20":"tag-transport"},"share_on_mastodon":{"url":"https:\/\/pubeurope.com\/@fr\/114963119109856551","error":""},"_links":{"self":[{"href":"https:\/\/www.europesays.com\/fr\/wp-json\/wp\/v2\/posts\/292862","targetHints":{"allow":["GET"]}}],"collection":[{"href":"https:\/\/www.europesays.com\/fr\/wp-json\/wp\/v2\/posts"}],"about":[{"href":"https:\/\/www.europesays.com\/fr\/wp-json\/wp\/v2\/types\/post"}],"author":[{"embeddable":true,"href":"https:\/\/www.europesays.com\/fr\/wp-json\/wp\/v2\/users\/2"}],"replies":[{"embeddable":true,"href":"https:\/\/www.europesays.com\/fr\/wp-json\/wp\/v2\/comments?post=292862"}],"version-history":[{"count":0,"href":"https:\/\/www.europesays.com\/fr\/wp-json\/wp\/v2\/posts\/292862\/revisions"}],"wp:featuredmedia":[{"embeddable":true,"href":"https:\/\/www.europesays.com\/fr\/wp-json\/wp\/v2\/media\/292863"}],"wp:attachment":[{"href":"https:\/\/www.europesays.com\/fr\/wp-json\/wp\/v2\/media?parent=292862"}],"wp:term":[{"taxonomy":"category","embeddable":true,"href":"https:\/\/www.europesays.com\/fr\/wp-json\/wp\/v2\/categories?post=292862"},{"taxonomy":"post_tag","embeddable":true,"href":"https:\/\/www.europesays.com\/fr\/wp-json\/wp\/v2\/tags?post=292862"}],"curies":[{"name":"wp","href":"https:\/\/api.w.org\/{rel}","templated":true}]}}