{"id":292875,"date":"2025-08-03T05:19:11","date_gmt":"2025-08-03T05:19:11","guid":{"rendered":"https:\/\/www.europesays.com\/fr\/292875\/"},"modified":"2025-08-03T05:19:11","modified_gmt":"2025-08-03T05:19:11","slug":"les-premiers-jours-en-france-de-younoussa-venu-de-guinee","status":"publish","type":"post","link":"https:\/\/www.europesays.com\/fr\/292875\/","title":{"rendered":"les premiers jours en France de Younoussa, venu de Guin\u00e9e"},"content":{"rendered":"<p>                         <img loading=\"lazy\" decoding=\"async\" src=\"https:\/\/www.europesays.com\/fr\/wp-content\/uploads\/2025\/08\/7b8dd81_upload-1-pfxpayodx3je-younoussa-by-hugues-lawson-body-036.jpg\" alt=\"Younoussa, devant l\u2019H\u00f4tel de ville de Paris, le 27 avril 2025. C\u2019est ici qu\u2019il a\u00a0rencontr\u00e9 des \u00ab\u00a0compagnons de gal\u00e8re\u00a0\u00bb qui l\u2019ont aid\u00e9 \u00e0 garder le moral.\"   width=\"664\" height=\"443\"\/>    Younoussa, devant l\u2019H\u00f4tel de ville de Paris, le 27 avril 2025. C\u2019est ici qu\u2019il a\u00a0rencontr\u00e9 des \u00ab\u00a0compagnons de gal\u00e8re\u00a0\u00bb qui l\u2019ont aid\u00e9 \u00e0 garder le moral.  HUGUES LAWSON-BODY POUR \u00ab\u00a0LE MONDE\u00a0\u00bb                 <\/p>\n<p class=\"article__paragraph  \">\u00ab\u00a0Le 20\u00a0juillet\u00a02023, j\u2019atterris<strong> <\/strong>dans un foyer d\u2019accueil \u00e0 Brian\u00e7on [Hautes-Alpes], apr\u00e8s avoir travers\u00e9 la fronti\u00e8re italienne\u00a0: on nous distribue des v\u00eatements trop grands, de la nourriture et, surtout, un billet de train pour Paris. \u201cL\u00e0-bas, la vie est rude\u2026 Tu ne veux pas \u00eatre transf\u00e9r\u00e9 \u00e0\u00a0Marseille\u00a0?\u201d, me demande une b\u00e9n\u00e9vole. \u201cPas question\u00a0!\u201d A l\u2019\u00e9poque, la France se r\u00e9sume pour moi \u00e0 deux choses\u00a0: le Paris Saint-Germain et la tour Eiffel\u00a0! Alors, direction la capitale.<\/p>\n<p class=\"article__paragraph  \">Ma premi\u00e8re nuit dehors se passe au milieu des courants d\u2019air, \u00e0 la gare d\u2019Austerlitz. Je suis tout seul, pourtant je n\u2019ai pas peur. Allong\u00e9 sur le sol, je serre mon sac \u00e0 dos contre moi, j\u2019\u00e9coute le grondement des trains. J\u2019imagine mon futur\u00a0: je vais apprendre la plomberie \u00e0 Paris, m\u00e9tier que mon cousin m\u2019a enseign\u00e9 en Guin\u00e9e, et, un jour, j\u2019aiderai ma m\u00e8re rest\u00e9e au pays avec mes trois fr\u00e8res et s\u0153urs.<\/p>\n<p class=\"article__paragraph  \">Le lendemain, je rassemble mes affaires et me dirige vers l\u2019accueil des mineurs non accompagn\u00e9s, \u00e0 Tolbiac. C\u2019est ici qu\u2019est \u00e9valu\u00e9e la minorit\u00e9 des jeunes exil\u00e9s qui se pr\u00e9sentent au guichet. Pas le choix\u00a0: sans reconnaissance officielle de ma minorit\u00e9, pas d\u2019h\u00e9bergement, pas de protection. Dans le m\u00e9tro, je d\u00e9couvre un tourbillon de mouvements et de bruits\u00a0: les claquements des talons dans les couloirs, les annonces incompr\u00e9hensibles, les sonneries bruyantes. Tout cela m\u2019inqui\u00e8te.<\/p>\n<p class=\"reading-mode-only \"><strong>Il vous reste 78.08% de cet article \u00e0 lire. La suite est r\u00e9serv\u00e9e aux abonn\u00e9s.<\/strong><\/p>\n","protected":false},"excerpt":{"rendered":"Younoussa, devant l\u2019H\u00f4tel de ville de Paris, le 27 avril 2025. C\u2019est ici qu\u2019il a\u00a0rencontr\u00e9 des \u00ab\u00a0compagnons de&hellip;\n","protected":false},"author":2,"featured_media":292876,"comment_status":"","ping_status":"","sticky":false,"template":"","format":"standard","meta":{"footnotes":""},"categories":[1888],"tags":[1111,1928,11,1927,1777,674,1011,27,12,1926,626,1925,25],"class_list":{"0":"post-292875","1":"post","2":"type-post","3":"status-publish","4":"format-standard","5":"has-post-thumbnail","7":"category-paris","8":"tag-actu","9":"tag-actu-paris","10":"tag-actualites","11":"tag-actualites-paris","12":"tag-eu","13":"tag-europe","14":"tag-fr","15":"tag-france","16":"tag-news","17":"tag-news-paris","18":"tag-paris","19":"tag-paris-news","20":"tag-republique-francaise"},"share_on_mastodon":{"url":"https:\/\/pubeurope.com\/@fr\/114963150555239330","error":""},"_links":{"self":[{"href":"https:\/\/www.europesays.com\/fr\/wp-json\/wp\/v2\/posts\/292875","targetHints":{"allow":["GET"]}}],"collection":[{"href":"https:\/\/www.europesays.com\/fr\/wp-json\/wp\/v2\/posts"}],"about":[{"href":"https:\/\/www.europesays.com\/fr\/wp-json\/wp\/v2\/types\/post"}],"author":[{"embeddable":true,"href":"https:\/\/www.europesays.com\/fr\/wp-json\/wp\/v2\/users\/2"}],"replies":[{"embeddable":true,"href":"https:\/\/www.europesays.com\/fr\/wp-json\/wp\/v2\/comments?post=292875"}],"version-history":[{"count":0,"href":"https:\/\/www.europesays.com\/fr\/wp-json\/wp\/v2\/posts\/292875\/revisions"}],"wp:featuredmedia":[{"embeddable":true,"href":"https:\/\/www.europesays.com\/fr\/wp-json\/wp\/v2\/media\/292876"}],"wp:attachment":[{"href":"https:\/\/www.europesays.com\/fr\/wp-json\/wp\/v2\/media?parent=292875"}],"wp:term":[{"taxonomy":"category","embeddable":true,"href":"https:\/\/www.europesays.com\/fr\/wp-json\/wp\/v2\/categories?post=292875"},{"taxonomy":"post_tag","embeddable":true,"href":"https:\/\/www.europesays.com\/fr\/wp-json\/wp\/v2\/tags?post=292875"}],"curies":[{"name":"wp","href":"https:\/\/api.w.org\/{rel}","templated":true}]}}