{"id":292877,"date":"2025-08-03T05:20:27","date_gmt":"2025-08-03T05:20:27","guid":{"rendered":"https:\/\/www.europesays.com\/fr\/292877\/"},"modified":"2025-08-03T05:20:27","modified_gmt":"2025-08-03T05:20:27","slug":"le-premier-centre-de-loisirs-pour-chien-est-ouvert-a-paris","status":"publish","type":"post","link":"https:\/\/www.europesays.com\/fr\/292877\/","title":{"rendered":"le premier centre de loisirs pour chien est ouvert \u00e0 Paris"},"content":{"rendered":"<p class=\"article__intro\">Un Fran\u00e7ais sur 3 poss\u00e8de d\u00e9sormais un chien selon le dernier barom\u00e8tre de la Centrale Canine. Pour accompagner cet engouement, le premier centre de loisirs d\u00e9di\u00e9s \u00e0 ces compagnons a ouvert \u00e0 Paris.<\/p>\n<p>\n      L\u2019actu des r\u00e9gions\n    <\/p>\n<p>\n      Chaque jour, un tour d\u2019horizon des principales infos de toutes les r\u00e9gions.\n    <\/p>\n<p>    France T\u00e9l\u00e9visions utilise votre adresse e-mail afin de vous envoyer la newsletter \u00ab\u00a0L\u2019actu des r\u00e9gions\u00a0\u00bb. Vous pouvez vous d\u00e9sinscrire \u00e0 tout moment via le lien en bas de cette newsletter. <a target=\"_blank\" href=\"https:\/\/www.francetelevisions.fr\/groupe\/confidentialite\/politique-de-confidentialite\/politique-de-confidentialite-de-france-televisions-6503\" rel=\"nofollow noopener\">Notre politique de confidentialit\u00e9<\/a><\/p>\n<p>\u00ab\u00a0\u00c0 Paris, on a z\u00e9ro installation. M\u00eame les parcs canins, on n&rsquo;en a pas beaucoup. C&rsquo;est compliqu\u00e9 ici\u00a0\u00bb, se d\u00e9sole une des propri\u00e9taires de chiens pr\u00e9sente dans cet espace de 400m2, en plein c\u0153ur du 17e arrondissement. Les humains y sont aujourd&rsquo;hui accept\u00e9s mais les vraies stars sont les animaux. <\/p>\n<p>Entre la piscine \u00e0 balles et les jouets \u00e0 disposition, Sa\u00efna, Riku, Amy ou Teddy ont de quoi se r\u00e9jouir chez The Dogry. Toujours sous l&rsquo;\u0153il d&rsquo;un \u00e9ducateur, jusqu&rsquo;\u00e0 9 chiens peuvent \u00eatre accueillis en m\u00eame temps dans ce lieu qui a ouvert ses portes au d\u00e9but du mois de juillet.\u00a0\u00ab\u00a0Il faut qu&rsquo;il soit au contact des siens. C&rsquo;est important quand m\u00eame\u00a0\u00bb, se r\u00e9jouit un autre ma\u00eetre.<\/p>\n<p>Test de sociabilit\u00e9 et carnet de vaccination : les pensionnaires doivent montrer patte blanche. Moyennant 40 euros par mois, ils ont acc\u00e8s \u00e0 ce \u00ab\u00a0social club canin\u00a0\u00bb qui regroupe divers services (parc canin, caf\u00e9, garderie, toilettage, boutique, sports et \u00e9v\u00e9nements).\u00a0<\/p>\n<p>\u00ab\u00a0On s&rsquo;est rendu compte qu&rsquo;\u00e0 Paris et m\u00eame en France, il fallait des endroits o\u00f9 les chiens puissent \u00eatre en totale libert\u00e9 o\u00f9 tout \u00e9tait pens\u00e9 pour les chiens\u00a0\u00bb,\u00a0relate Lenny Pomeratz. Pour le cofondateur de The Dogry, c&rsquo;est synonyme d&rsquo;un \u00ab\u00a0lieu de vie avec des jeux pour am\u00e9liorer leur agilit\u00e9, faire travailler leurs muscles, leur sociabilit\u00e9 en rencontrant d&rsquo;autres chiens avec qui ils peuvent \u00e9changer\u00a0\u00bb.<\/p>\n<p>Ce concept arrive tout droit d&rsquo;Am\u00e9rique du Nord. Les chiens peuvent y \u00eatre gard\u00e9s et chouchout\u00e9s. \u00ab\u00a0\u00c7a s&rsquo;inscrit un peu dans une tendance qu&rsquo;on pourrait qualifier de \u00ab\u00a0babymorph\u00a0\u00bb dans le sens o\u00f9 maintenant on cherche \u00e0 faire de plus en plus pour nos animaux\u00a0\u00bb, explique Manon Ardillon, \u00e9ducatrice et comportementaliste canine au centre.<\/p>\n<p>Pour Sarah Jeannin, docteure en \u00e9thologie et sp\u00e9cialiste du comportement animal, \u00ab\u00a0ce\u00a0nouveau statut d&rsquo;animal de compagnie a largement \u00e9volu\u00e9. Ce que nous souhaitons actuellement, dans nos soci\u00e9t\u00e9s modernes occidentales, c&rsquo;est d&rsquo;avoir dans notre foyer des compagnons, canins ou f\u00e9lins, avec lesquels on va partager des activit\u00e9s\u00a0\u00bb. <\/p>\n<p>Alors qu&rsquo;un \u00ab\u00a0grand nombre d&rsquo;animaux sont finalement enferm\u00e9s toute la journ\u00e9e et attendent notre retour du travail\u00a0\u00bb,\u00a0ces espaces leur \u00ab\u00a0offrent la possibilit\u00e9 de s&rsquo;occuper\u00a0\u00bb, \u00e9taye celle qui est aussi la directrice d&rsquo;Animal University. Centre de loisirs ou caniparc, le marketing a trouv\u00e9 une nouvelle niche pour le plus grand bonheur de nos fid\u00e8les compagnons.<\/p>\n","protected":false},"excerpt":{"rendered":"Un Fran\u00e7ais sur 3 poss\u00e8de d\u00e9sormais un chien selon le dernier barom\u00e8tre de la Centrale Canine. Pour accompagner&hellip;\n","protected":false},"author":2,"featured_media":292878,"comment_status":"","ping_status":"","sticky":false,"template":"","format":"standard","meta":{"footnotes":""},"categories":[1888],"tags":[1111,1928,11,1927,1777,674,1011,27,12,1926,626,1925,25],"class_list":{"0":"post-292877","1":"post","2":"type-post","3":"status-publish","4":"format-standard","5":"has-post-thumbnail","7":"category-paris","8":"tag-actu","9":"tag-actu-paris","10":"tag-actualites","11":"tag-actualites-paris","12":"tag-eu","13":"tag-europe","14":"tag-fr","15":"tag-france","16":"tag-news","17":"tag-news-paris","18":"tag-paris","19":"tag-paris-news","20":"tag-republique-francaise"},"share_on_mastodon":{"url":"https:\/\/pubeurope.com\/@fr\/114963154490239809","error":""},"_links":{"self":[{"href":"https:\/\/www.europesays.com\/fr\/wp-json\/wp\/v2\/posts\/292877","targetHints":{"allow":["GET"]}}],"collection":[{"href":"https:\/\/www.europesays.com\/fr\/wp-json\/wp\/v2\/posts"}],"about":[{"href":"https:\/\/www.europesays.com\/fr\/wp-json\/wp\/v2\/types\/post"}],"author":[{"embeddable":true,"href":"https:\/\/www.europesays.com\/fr\/wp-json\/wp\/v2\/users\/2"}],"replies":[{"embeddable":true,"href":"https:\/\/www.europesays.com\/fr\/wp-json\/wp\/v2\/comments?post=292877"}],"version-history":[{"count":0,"href":"https:\/\/www.europesays.com\/fr\/wp-json\/wp\/v2\/posts\/292877\/revisions"}],"wp:featuredmedia":[{"embeddable":true,"href":"https:\/\/www.europesays.com\/fr\/wp-json\/wp\/v2\/media\/292878"}],"wp:attachment":[{"href":"https:\/\/www.europesays.com\/fr\/wp-json\/wp\/v2\/media?parent=292877"}],"wp:term":[{"taxonomy":"category","embeddable":true,"href":"https:\/\/www.europesays.com\/fr\/wp-json\/wp\/v2\/categories?post=292877"},{"taxonomy":"post_tag","embeddable":true,"href":"https:\/\/www.europesays.com\/fr\/wp-json\/wp\/v2\/tags?post=292877"}],"curies":[{"name":"wp","href":"https:\/\/api.w.org\/{rel}","templated":true}]}}