{"id":292905,"date":"2025-08-03T05:38:13","date_gmt":"2025-08-03T05:38:13","guid":{"rendered":"https:\/\/www.europesays.com\/fr\/292905\/"},"modified":"2025-08-03T05:38:13","modified_gmt":"2025-08-03T05:38:13","slug":"motogp-uccio-salucci-valentino-rossi-un-frere-un-modele-une-inspiration","status":"publish","type":"post","link":"https:\/\/www.europesays.com\/fr\/292905\/","title":{"rendered":"MotoGP, Uccio Salucci : \u00ab\u00a0Valentino Rossi ? Un fr\u00e8re, un mod\u00e8le, une inspiration\u00a0\u00bb"},"content":{"rendered":"<p><strong>Alessio<br \/>\n\u00ab<\/strong><strong>\u202fUccio<\/strong><strong>\u202f<\/strong><strong>\u00bb<br \/>\nSalucci conna<\/strong><strong>\u00eet Valentino Rossi comme personne.<br \/>\nDepuis l<\/strong><strong>\u2019adolescence, les deux hommes sont<br \/>\nins<\/strong><strong>\u00e9parables<\/strong> <strong>\u2014 complices dans la<br \/>\nvie, partenaires dans les paddocks, et d<\/strong><strong>\u00e9sormais<br \/>\npiliers de l<\/strong><strong>\u2019\u00e9quipe VR46. Un quart de<br \/>\nsi<\/strong><strong>\u00e8cle d<\/strong><strong>\u2019amiti<\/strong><strong>\u00e9,<br \/>\nde victoires, de d<\/strong><strong>\u00e9faites et<br \/>\nd<\/strong><strong>\u2019histoires racont<\/strong><strong>\u00e9es sur deux<br \/>\nroues. Invit<\/strong><strong>\u00e9 du podcast Appuntamento al Parc<br \/>\nFerm<\/strong><strong>\u00e9, Uccio s<\/strong><strong>\u2019est<br \/>\nlivr<\/strong><strong>\u00e9 avec une<br \/>\nsinc<\/strong><strong>\u00e9rit<\/strong><strong>\u00e9 touchante sur<br \/>\nl<\/strong><strong>\u2019homme derri<\/strong><strong>\u00e8re le<br \/>\nmythe.<\/strong><\/p>\n<p>\u00ab Valentino est un homme fantastique, unique, m\u00eame<br \/>\nhumainement \u00bb, confie-t-il. \u00ab Des comme lui, j\u2019en ai<br \/>\ncrois\u00e9 tr\u00e8s peu. <strong>Pour moi, il est un mod\u00e8le, un pilier, un<br \/>\nfr\u00e8re<\/strong>. J\u2019esp\u00e8re qu\u2019il pourra inspirer toute une<br \/>\ng\u00e9n\u00e9ration. \u00bb<\/p>\n<p>Au fil de la conversation, on comprend vite que pour<br \/>\n<strong>Salucci<\/strong>, la grandeur de <strong>Rossi<\/strong> ne<br \/>\nse r\u00e9sume pas \u00e0 ses neuf titres mondiaux ou \u00e0 ses d\u00e9passements<br \/>\nvenus d\u2019ailleurs. Non, le vrai g\u00e9nie de Vale, selon lui, r\u00e9side<br \/>\ndans la mani\u00e8re dont il a g\u00e9r\u00e9 la gloire avec simplicit\u00e9,<br \/>\ng\u00e9n\u00e9rosit\u00e9 et intelligence.<\/p>\n<p>\u00ab <strong>J\u2019esp\u00e8re que les enfants verront en lui un<br \/>\nmod\u00e8le<\/strong>. Quand quelqu\u2019un atteint de tels sommets, ce n\u2019est<br \/>\npas un hasard. Il faut \u00eatre une grande personne pour durer \u00e0 ce<br \/>\nniveau. \u00bb<\/p>\n<p>Gr\u00e2ce \u00e0 <strong>Rossi<\/strong>, Uccio a c\u00f4toy\u00e9 d\u2019autres l\u00e9gendes<br \/>\ndu sport. Des noms comme Michael Jordan, Ronaldo, ou Roger Federer.<br \/>\nDes ic\u00f4nes plan\u00e9taires. Et pourtant, un point commun les relie tous<br \/>\n:<\/p>\n<p>\u00ab <strong>Je n\u2019ai jamais rencontr\u00e9 un champion de ce niveau<br \/>\nqui soit un idiot<\/strong>. Tous savent ce qu\u2019ils font,<br \/>\nmais surtout, ils savent \u00eatre humains. Ils ont toujours un mot pour<br \/>\nchacun. Ce sont des gens brillants, comme Vale. <strong>Le monde a<br \/>\nbesoin de plus de personnes comme eux<\/strong>. \u00bb<\/p>\n<p><img loading=\"lazy\" decoding=\"async\" class=\"aligncenter\" src=\"https:\/\/www.europesays.com\/fr\/wp-content\/uploads\/2025\/08\/GettyImages-2221516307-1024x683.jpg\" alt=\"Valentino Rossi de VR46 au Grand Prix d'Italie 2025\" width=\"865\" height=\"577\"\/><\/p>\n<p><strong>Uccio Salucci d\u00e9finit<br \/>\nValentino Rossi\u00a0: :\u00ab cynique, responsable, gentil<br \/>\n\u00bb<\/strong><\/p>\n<p>Quand on lui demande de d\u00e9finir <strong>Rossi<\/strong> en trois<br \/>\nadjectifs, <a href=\"https:\/\/www.paddock-gp.com\/motogp-uccio-salucci-si-tu-signes-pour-deux-ans-tu-mets-la-tete-dans-le-guidon-tu-te-tais-et-tu-bosses\/\" rel=\"nofollow noopener\" target=\"_blank\"><br \/>\n<strong>Uccio<\/strong><\/a> n\u2019h\u00e9site pas :\u00ab cynique,<br \/>\nresponsable, gentil. \u00bb<\/p>\n<p>Un trio atypique, qui refl\u00e8te selon lui le vrai Valentino, loin<br \/>\ndes projecteurs, loin des cam\u00e9ras.<\/p>\n<p>Mais l\u2019h\u00e9ritage de <strong>Rossi<\/strong> d\u00e9passe la piste. En<br \/>\ncr\u00e9ant la <strong>VR46 Riders Acad\u00e9mie<\/strong>, il a lanc\u00e9 un<br \/>\nprojet unique : former des pilotes, mais aussi des hommes.<\/p>\n<p>\u00ab Avec Vale, nous avons cr\u00e9\u00e9 quelque chose qui va bien<br \/>\nau-del\u00e0 du sport. L\u2019Acad\u00e9mie, ce n\u2019est pas juste du pilotage.<br \/>\n<strong>C\u2019est transmettre des valeurs, d\u00e9velopper des \u00eatres<br \/>\nhumains<\/strong>. \u00bb<\/p>\n<p>Et aujourd\u2019hui, en tant que directeur sportif de l\u2019\u00e9quipe<br \/>\n<a href=\"https:\/\/www.paddock-gp.com\/motogp-pedro-acosta-et-vr46-un-cafe-des-questions-et-peut-etre-un-avenir\/\" rel=\"nofollow noopener\" target=\"_blank\"><br \/>\n<strong>VR46<\/strong><\/a>, Uccio perp\u00e9tue cet esprit. Il a<br \/>\naccompagn\u00e9 l\u2019\u00e9closion de talents en <a href=\"https:\/\/www.motogp.com\/en\" rel=\"nofollow noopener\" target=\"_blank\">Grand Prix<\/a> comme Marco Bezzecchi,<br \/>\nLuca Marini ou Celestino Vietti, toujours en gardant \u00e0 l\u2019esprit la<br \/>\nphilosophie <strong>Rossi<\/strong>. \u00ab Tout \u00e7a vient de sa<br \/>\nmani\u00e8re de penser la moto. <strong>Il a tout chang\u00e9<\/strong>.<br \/>\n\u00bb<\/p>\n<p>Derri\u00e8re chaque grand champion, il y a souvent une \u00e9quipe. Mais<br \/>\ndans le cas de <strong>Valentino Rossi<\/strong>, il y a Uccio \u2014<br \/>\nl\u2019ami, le t\u00e9moin, le confident. Ensemble, ils ont \u00e9crit une<br \/>\nhistoire unique. Et elle continue, loin des podiums, mais toujours<br \/>\navec la m\u00eame passion.<\/p>\n<p><img loading=\"lazy\" decoding=\"async\" class=\"aligncenter\" src=\"https:\/\/www.europesays.com\/fr\/wp-content\/uploads\/2025\/08\/uccio-vale.jpg\" width=\"873\" height=\"457\"\/><\/p>\n","protected":false},"excerpt":{"rendered":"Alessio \u00ab\u202fUccio\u202f\u00bb Salucci conna\u00eet Valentino Rossi comme personne. Depuis l\u2019adolescence, les deux hommes sont ins\u00e9parables \u2014 complices dans&hellip;\n","protected":false},"author":2,"featured_media":292906,"comment_status":"","ping_status":"","sticky":false,"template":"","format":"standard","meta":{"footnotes":""},"categories":[1413],"tags":[1011,27,1457,1456,60],"class_list":{"0":"post-292905","1":"post","2":"type-post","3":"status-publish","4":"format-standard","5":"has-post-thumbnail","7":"category-moto","8":"tag-fr","9":"tag-france","10":"tag-moto","11":"tag-motocycle","12":"tag-sports"},"share_on_mastodon":{"url":"https:\/\/pubeurope.com\/@fr\/114963225257356977","error":""},"_links":{"self":[{"href":"https:\/\/www.europesays.com\/fr\/wp-json\/wp\/v2\/posts\/292905","targetHints":{"allow":["GET"]}}],"collection":[{"href":"https:\/\/www.europesays.com\/fr\/wp-json\/wp\/v2\/posts"}],"about":[{"href":"https:\/\/www.europesays.com\/fr\/wp-json\/wp\/v2\/types\/post"}],"author":[{"embeddable":true,"href":"https:\/\/www.europesays.com\/fr\/wp-json\/wp\/v2\/users\/2"}],"replies":[{"embeddable":true,"href":"https:\/\/www.europesays.com\/fr\/wp-json\/wp\/v2\/comments?post=292905"}],"version-history":[{"count":0,"href":"https:\/\/www.europesays.com\/fr\/wp-json\/wp\/v2\/posts\/292905\/revisions"}],"wp:featuredmedia":[{"embeddable":true,"href":"https:\/\/www.europesays.com\/fr\/wp-json\/wp\/v2\/media\/292906"}],"wp:attachment":[{"href":"https:\/\/www.europesays.com\/fr\/wp-json\/wp\/v2\/media?parent=292905"}],"wp:term":[{"taxonomy":"category","embeddable":true,"href":"https:\/\/www.europesays.com\/fr\/wp-json\/wp\/v2\/categories?post=292905"},{"taxonomy":"post_tag","embeddable":true,"href":"https:\/\/www.europesays.com\/fr\/wp-json\/wp\/v2\/tags?post=292905"}],"curies":[{"name":"wp","href":"https:\/\/api.w.org\/{rel}","templated":true}]}}