{"id":292919,"date":"2025-08-03T05:46:13","date_gmt":"2025-08-03T05:46:13","guid":{"rendered":"https:\/\/www.europesays.com\/fr\/292919\/"},"modified":"2025-08-03T05:46:13","modified_gmt":"2025-08-03T05:46:13","slug":"son-nouveau-tube-en-duo-avec-le-phenomene-musical-du-moment","status":"publish","type":"post","link":"https:\/\/www.europesays.com\/fr\/292919\/","title":{"rendered":"son nouveau tube en duo avec le ph\u00e9nom\u00e8ne musical du moment !"},"content":{"rendered":"<p><img decoding=\"async\" src=\"https:\/\/www.europesays.com\/fr\/wp-content\/uploads\/2025\/08\/photo_1753970584.jpg\" class=\"textcenter img-content\" loading=\"lazy\"\/>Abaca<br \/>\n<br \/>\nUne semaine, un single, un tube. Tel est le rythme de croisi\u00e8re de Gims, qui ne compte pas laisser son tr\u00f4ne \u00e0 la concurrence. Artiste francophone le plus \u00e9cout\u00e9 dans le monde en 2025, le rappeur encha\u00eene les tubes avec une facilit\u00e9 insolente. De <a href=\"https:\/\/www.chartsinfrance.net\/GIMS\/news-128820.html\" target=\"_blank\" class=\"spip_out\" rel=\"nofollow noopener\">\u00ab\u00a0Spider\u00a0\u00bb<\/a> \u00e0 <a href=\"https:\/\/www.chartsinfrance.net\/GIMS\/news-131807.html\" target=\"_blank\" class=\"spip_out\" rel=\"nofollow noopener\">\u00ab\u00a0Ninao\u00a0\u00bb<\/a> en passant par <a href=\"https:\/\/www.chartsinfrance.net\/GIMS\/news-131308.html\" target=\"_blank\" class=\"spip_out\" rel=\"nofollow noopener\">\u00ab\u00a0Ciel\u00a0\u00bb<\/a>, cinq d&rsquo;entre eux ont \u00e9t\u00e9 num\u00e9ros un des charts (<a href=\"https:\/\/www.chartsinfrance.net\/actualite\/news-133042.html\" target=\"_blank\" class=\"spip_out\" rel=\"nofollow noopener\">un record absolu<\/a> partag\u00e9 avec SCH et Booba) tandis que les titres \u00ab\u00a0Diana\u00a0\u00bb, \u00ab\u00a0Baby\u00a0\u00bb ou <a href=\"https:\/\/www.chartsinfrance.net\/actualite\/news-132676.html\" target=\"_blank\" class=\"spip_out\" rel=\"nofollow noopener\">\u00ab\u00a0Appelle ta copine\u00a0\u00bb<\/a> ont multipli\u00e9 les millions d&rsquo;\u00e9coutes. R\u00e9sultat ? Le projet \u00ab\u00a0Le Nord se souvient\u00a0\u00bb, sur lequel il ajoute certains de ses singles \u00e0 succ\u00e8s, est la meilleure vente de l&rsquo;ann\u00e9e avec un total de <a href=\"https:\/\/www.chartsinfrance.net\/actualite\/news-133341.html\" target=\"_blank\" class=\"spip_out\" rel=\"nofollow noopener\">400.000 exemplaires \u00e9coul\u00e9s<\/a>. \u00ab Je suis encore num\u00e9ro un cette semaine, qu&rsquo;est-ce que vous voulez que je fasse de plus !!!? Je suis le meilleur !! M*rde !!!! C&rsquo;est m\u00eame plus dr\u00f4le&#8230; \u00bb a r\u00e9agi modestement Gims, au sommet depuis dix semaines non cons\u00e9cutives.<\/p>\n<p>Le player Dailymotion est en train de se charger&#8230;<\/p>\n<p>\u00ab\u00a0J&rsquo;veux une parisienne qui traverse au feu vert\u00a0\u00bb<br \/>\nEt m\u00eame l&rsquo;\u00e9t\u00e9, il ne se repose pas sur ses lauriers ! Apr\u00e8s deux duos avec Jul (<a href=\"https:\/\/www.chartsinfrance.net\/actualite\/news-132952.html\" target=\"_blank\" class=\"spip_out\" rel=\"nofollow noopener\">\u00ab\u00a0Air Force Blanche\u00a0\u00bb<\/a> puis <a href=\"https:\/\/www.chartsinfrance.net\/actualite\/news-133226.html\" target=\"_blank\" class=\"spip_out\" rel=\"nofollow noopener\">\u00ab\u00a0Corazon\u00a0\u00bb<\/a>), Gims encha\u00eene avec un nouveau titre par\u00e9 pour le succ\u00e8s. Son nom ? \u00ab\u00a0Parisienne\u00a0\u00bb. Et pour s&rsquo;assurer un sixi\u00e8me num\u00e9ro un d&rsquo;affil\u00e9e (\u00ab Numero uno, encore cette semaine \u00bb chante-t-il d&rsquo;ailleurs), l&rsquo;artiste s&rsquo;entoure de La Mano 1.9, le rappeur ph\u00e9nom\u00e8ne du moment dont le premier album \u00ab\u00a0R.A.T.\u00a0\u00bb a connu un joli d\u00e9marrage il y a quelques semaines. Avec une prod toujours sign\u00e9e Maximum Beats, et reprenant un beat similaire \u00e0 ses pr\u00e9c\u00e9dents succ\u00e8s, Gims va mettre un nouveau couplet dans toutes les t\u00eates : \u00ab Ah, ah, t&rsquo;inqui\u00e8tes, ouais t&rsquo;inqui\u00e8tes \/ T&rsquo;es la plus belle, ouais, la plus belle de mon t\u00e9l&rsquo; \/ Artificielle, mais qui tire les ficelles ? \/ J&rsquo;suis comme en laisse, je sens que \/ Parfois, comme l&rsquo;oseille, tu t&rsquo;en vas \/ Ce soir l\u00e0, tu m&rsquo;as laiss\u00e9 sans voix \u00bb. <\/p>\n<p>Pr\u00e9parez-vous \u00e0 chanter en boucle : \u00ab Moi, j&rsquo;veux une parisienne, parisienne \/ Qui traverse au feu vert, qui s&rsquo;en fout d&rsquo;la Tour Eiffel \u00bb. Un refrain par\u00e9 pour cartonner sur TikTok ! On attend d\u00e9sormais de savoir si \u00ab\u00a0Makassi\u00a0\u00bb, <a href=\"https:\/\/www.chartsinfrance.net\/actualite\/news-133243.html\" target=\"_blank\" class=\"spip_out\" rel=\"nofollow noopener\">son duo avec Lara Trump<\/a>, la belle-fille de Donald Trump, sortira v\u00e9ritablement. Apr\u00e8s une annonce dans la presse fran\u00e7aise, le rappeur a <a href=\"https:\/\/www.chartsinfrance.net\/actualite\/news-133290.html\" target=\"_blank\" class=\"spip_out\" rel=\"nofollow noopener\">d\u00e9menti la publication du morceau<\/a>. L&rsquo;\u00e9quipe de la chanteuse am\u00e9ricaine se dit \u00ab stup\u00e9faite \u00bb de <a href=\"https:\/\/www.chartsinfrance.net\/actualite\/news-133300.html\" target=\"_blank\" class=\"spip_out\" rel=\"nofollow noopener\">ne pas avoir \u00e9t\u00e9 pr\u00e9venue<\/a>. Pour la pr\u00e9sentatrice de Fox News et d\u00e9sormais chanteuse de country, la collaboration est toujours d&rsquo;actualit\u00e9.<\/p>\n","protected":false},"excerpt":{"rendered":"Abaca Une semaine, un single, un tube. Tel est le rythme de croisi\u00e8re de Gims, qui ne compte&hellip;\n","protected":false},"author":2,"featured_media":292920,"comment_status":"","ping_status":"","sticky":false,"template":"","format":"standard","meta":{"footnotes":""},"categories":[1355],"tags":[58,59,1011,27,1361,873],"class_list":{"0":"post-292919","1":"post","2":"type-post","3":"status-publish","4":"format-standard","5":"has-post-thumbnail","7":"category-musique","8":"tag-divertissement","9":"tag-entertainment","10":"tag-fr","11":"tag-france","12":"tag-music","13":"tag-musique"},"share_on_mastodon":{"url":"https:\/\/pubeurope.com\/@fr\/114963257003703374","error":""},"_links":{"self":[{"href":"https:\/\/www.europesays.com\/fr\/wp-json\/wp\/v2\/posts\/292919","targetHints":{"allow":["GET"]}}],"collection":[{"href":"https:\/\/www.europesays.com\/fr\/wp-json\/wp\/v2\/posts"}],"about":[{"href":"https:\/\/www.europesays.com\/fr\/wp-json\/wp\/v2\/types\/post"}],"author":[{"embeddable":true,"href":"https:\/\/www.europesays.com\/fr\/wp-json\/wp\/v2\/users\/2"}],"replies":[{"embeddable":true,"href":"https:\/\/www.europesays.com\/fr\/wp-json\/wp\/v2\/comments?post=292919"}],"version-history":[{"count":0,"href":"https:\/\/www.europesays.com\/fr\/wp-json\/wp\/v2\/posts\/292919\/revisions"}],"wp:featuredmedia":[{"embeddable":true,"href":"https:\/\/www.europesays.com\/fr\/wp-json\/wp\/v2\/media\/292920"}],"wp:attachment":[{"href":"https:\/\/www.europesays.com\/fr\/wp-json\/wp\/v2\/media?parent=292919"}],"wp:term":[{"taxonomy":"category","embeddable":true,"href":"https:\/\/www.europesays.com\/fr\/wp-json\/wp\/v2\/categories?post=292919"},{"taxonomy":"post_tag","embeddable":true,"href":"https:\/\/www.europesays.com\/fr\/wp-json\/wp\/v2\/tags?post=292919"}],"curies":[{"name":"wp","href":"https:\/\/api.w.org\/{rel}","templated":true}]}}