{"id":292923,"date":"2025-08-03T05:48:21","date_gmt":"2025-08-03T05:48:21","guid":{"rendered":"https:\/\/www.europesays.com\/fr\/292923\/"},"modified":"2025-08-03T05:48:21","modified_gmt":"2025-08-03T05:48:21","slug":"25-ans-de-vie-passes-sur-un-smartphone-cette-etude-tire-la-sonnette-dalarme-sur-laddiction-aux-ecrans","status":"publish","type":"post","link":"https:\/\/www.europesays.com\/fr\/292923\/","title":{"rendered":"25 ans de vie pass\u00e9s sur un smartphone ? Cette \u00e9tude tire la sonnette d\u2019alarme sur l\u2019addiction aux \u00e9crans"},"content":{"rendered":"<p>S\u2019ils continuent sur leur lanc\u00e9e, les \u00e9tudiants britanniques passeront en moyenne 25 ans les yeux riv\u00e9s sur leurs smartphones. C\u2019est le constat choc d\u2019une nouvelle \u00e9tude r\u00e9alis\u00e9e au Royaume-Uni par Fluid Focus, une application de r\u00e9compenses et de productivit\u00e9 pour le temps d\u2019\u00e9cran, sur les cinq premiers mois de l\u2019ann\u00e9e.<\/p>\n<p> Des solutions contre l\u2019addiction aux \u00e9crans <\/p>\n<p>Pour y voir plus clair, les chercheurs ont suivi le temps d\u2019\u00e9cran de 1\u00a0346 \u00e9l\u00e8ves du secondaire, 198 \u00e9tudiants de l\u2019universit\u00e9 et 1\u00a0296 \u00e9tudiants de l\u2019enseignement sup\u00e9rieur. Ils ont notamment rep\u00e9r\u00e9 que le temps d\u2019\u00e9cran moyen augmentait avec l\u2019\u00e2ge, passant de cinq heures et 12 minutes pour les coll\u00e9giens \u00e0 six heures et 12 minutes pour les \u00e9tudiants.<\/p>\n<p>Parmi les autres grands enseignements de cette recherche, on note que 68\u00a0% des \u00e9l\u00e8ves jugent que leur utilisation du t\u00e9l\u00e9phone a un impact sur leurs r\u00e9sultats scolaires. Cit\u00e9 par le Daily Mail, le docteur Paul Redmond, ancien de l\u2019Universit\u00e9 de Liverpool, commente ainsi\u00a0: \u00ab\u00a0Je pense que ce qui est marquant, c\u2019est la fa\u00e7on dont les \u00e9tudiants per\u00e7oivent que cela nuit \u00e0 leurs r\u00e9sultats scolaires. Cette prise de conscience que \u00ab\u00a0je pourrais faire tellement mieux si je r\u00e9ussissais \u00e0 g\u00e9rer \u00e7a\u00a0\u00bb.<\/p>\n<p>Dans le m\u00eame ordre d\u2019id\u00e9e, 47\u00a0% des jeunes sond\u00e9s ont affirm\u00e9 que leur sommeil a \u00e9t\u00e9 perturb\u00e9 par l\u2019utilisation nocturne de leurs smartphones. Pour y rem\u00e9dier, l\u2019expert cite une nouvelle technique peu orthodoxe qui consiste \u00e0 attacher des \u00e9lastiques autour des t\u00e9l\u00e9phones. L\u2019id\u00e9e \u00e9tant de s\u2019interroger sur l\u2019utilisation et de r\u00e9fl\u00e9chir lors de chaque pulsion d\u2019activation.<\/p>\n<p>De leur c\u00f4t\u00e9, les auteurs de l\u2019\u00e9tude encouragent les \u00e9tablissements scolaires et les universit\u00e9s \u00e0 int\u00e9grer le bien-\u00eatre num\u00e9rique \u00e0 leurs programmes et plans strat\u00e9giques et \u00e0 r\u00e9compenser les \u00e9tudiants qui affichent des comportements num\u00e9riques sains.<\/p>\n<p> Le d\u00e9bat s\u2019anime aussi en France <\/p>\n<p>Pour rappel, cette probl\u00e9matique commence aussi <a href=\"https:\/\/www.presse-citron.net\/comment-emmanuel-macron-veut-reguler-lutilisation-des-ecrans-pour-les-jeunes\/\" target=\"_blank\" rel=\"false noopener nofollow\">\u00e0 beaucoup faire parler en France<\/a>. R\u00e9cemment, Gabriel Attal, ancien Premier ministre et qui affiche des ambitions pour la prochaine \u00e9lection pr\u00e9sidentielle, a publi\u00e9 une tribune dans Le Figaro. Il propose de d\u00e9clarer un \u00ab\u00a0\u00e9tat d\u2019urgence contre les \u00e9crans\u00a0\u00bb avec des mesures tr\u00e8s strictes.<\/p>\n<p>Il en va ainsi de l\u2019\u00e9valuation de l\u2019addiction aux \u00e9crans d\u00e8s l\u2019entr\u00e9e en sixi\u00e8me et en seconde, de l\u2019interdiction de l\u2019acc\u00e8s aux r\u00e9seaux sociaux aux moins de 15 ans avec v\u00e9rification de l\u2019\u00e2ge, et de l\u2019imposition d\u2019un couvre-feu num\u00e9rique pour les 15-18 ans entre 22h et 8h. Plus d\u2019informations \u00e0 ce sujet <a href=\"https:\/\/www.presse-citron.net\/blocage-programme-gabriel-attal-reseaux-sociaux\/\" target=\"_blank\" rel=\"false noopener nofollow\">dans notre pr\u00e9c\u00e9dent article ici<\/a>.<\/p>\n<p>Ce qu\u2019il faut retenir\u00a0:<\/p>\n<ul class=\"tldr\">\n<li>Une nouvelle \u00e9tude confirme d\u2019importants probl\u00e8mes d\u2019addictions aux smartphones chez les jeunes<\/li>\n<li>Cela peut notamment affecter leurs r\u00e9sultats scolaires et nuire \u00e0 leur sommeil<\/li>\n<li>Ce sujet agite de plus en plus le d\u00e9bat public<\/li>\n<\/ul>\n<blockquote>\n<p class=\"text-base text-neutral-700 dark:text-neutral-300\">\ud83d\udccd Pour ne manquer aucune actualit\u00e9 de Presse-citron, suivez-nous sur <a href=\"https:\/\/news.google.com\/publications\/CAAqBggKMIPiNTC70wU?hl=fr&amp;gl=FR&amp;ceid=FR%3Afr\" target=\"_blank\" rel=\"nofollow noopener\">Google Actualit\u00e9s<\/a> et <a href=\"https:\/\/whatsapp.com\/channel\/0029VaCkGuz4NViitBXbEr0b\" target=\"_blank\" rel=\"nofollow noopener\">WhatsApp<\/a>.<\/p>\n<\/blockquote>\n<p>            <img decoding=\"async\" src=\"https:\/\/www.europesays.com\/fr\/wp-content\/uploads\/2025\/03\/tous-anti-covid.png\" alt=\"TousAntiCovid\" loading=\"lazy\"\/>                            <\/p>\n","protected":false},"excerpt":{"rendered":"S\u2019ils continuent sur leur lanc\u00e9e, les \u00e9tudiants britanniques passeront en moyenne 25 ans les yeux riv\u00e9s sur leurs&hellip;\n","protected":false},"author":2,"featured_media":292924,"comment_status":"","ping_status":"","sticky":false,"template":"","format":"standard","meta":{"footnotes":""},"categories":[10],"tags":[15859,1011,27,72,71],"class_list":{"0":"post-292923","1":"post","2":"type-post","3":"status-publish","4":"format-standard","5":"has-post-thumbnail","7":"category-sante","8":"tag-ecran","9":"tag-fr","10":"tag-france","11":"tag-health","12":"tag-sante"},"share_on_mastodon":{"url":"https:\/\/pubeurope.com\/@fr\/114963264691577275","error":""},"_links":{"self":[{"href":"https:\/\/www.europesays.com\/fr\/wp-json\/wp\/v2\/posts\/292923","targetHints":{"allow":["GET"]}}],"collection":[{"href":"https:\/\/www.europesays.com\/fr\/wp-json\/wp\/v2\/posts"}],"about":[{"href":"https:\/\/www.europesays.com\/fr\/wp-json\/wp\/v2\/types\/post"}],"author":[{"embeddable":true,"href":"https:\/\/www.europesays.com\/fr\/wp-json\/wp\/v2\/users\/2"}],"replies":[{"embeddable":true,"href":"https:\/\/www.europesays.com\/fr\/wp-json\/wp\/v2\/comments?post=292923"}],"version-history":[{"count":0,"href":"https:\/\/www.europesays.com\/fr\/wp-json\/wp\/v2\/posts\/292923\/revisions"}],"wp:featuredmedia":[{"embeddable":true,"href":"https:\/\/www.europesays.com\/fr\/wp-json\/wp\/v2\/media\/292924"}],"wp:attachment":[{"href":"https:\/\/www.europesays.com\/fr\/wp-json\/wp\/v2\/media?parent=292923"}],"wp:term":[{"taxonomy":"category","embeddable":true,"href":"https:\/\/www.europesays.com\/fr\/wp-json\/wp\/v2\/categories?post=292923"},{"taxonomy":"post_tag","embeddable":true,"href":"https:\/\/www.europesays.com\/fr\/wp-json\/wp\/v2\/tags?post=292923"}],"curies":[{"name":"wp","href":"https:\/\/api.w.org\/{rel}","templated":true}]}}