{"id":292927,"date":"2025-08-03T05:50:13","date_gmt":"2025-08-03T05:50:13","guid":{"rendered":"https:\/\/www.europesays.com\/fr\/292927\/"},"modified":"2025-08-03T05:50:13","modified_gmt":"2025-08-03T05:50:13","slug":"cest-la-force-de-nos-jokers-boursier-ithurburu-crespo-mara-beaugrand-cet-ete-tf-1-creuse-lecart-cote-info","status":"publish","type":"post","link":"https:\/\/www.europesays.com\/fr\/292927\/","title":{"rendered":"\u00ab\u00a0C\u2019est la force de nos jokers\u00a0\u00bb\u00a0: Boursier, Ithurburu, Crespo-Mara, Beaugrand\u2026 Cet \u00e9t\u00e9, TF\u00a01 creuse l\u2019\u00e9cart c\u00f4t\u00e9 info"},"content":{"rendered":"<p class=\"paragraph text_align_left lp-f-body-02\">\u00ab\u00a0C\u2019est la force de nos jokers, se f\u00e9licite \u00c9ric Monier, directeur de la r\u00e9daction. Mais c\u2019est aussi celle de nos \u00e9quipes, qui ne changent pas compl\u00e8tement pendant cette p\u00e9riode. Elles ont pu mettre en confiance nos rempla\u00e7ants comme les nouveaux venus ou ceux de passage.\u00a0\u00bb Qu\u2019il s\u2019agisse de Christophe Beaugrand \u00e0 la t\u00eate de la matinale, de la nouvelle venue <a href=\"https:\/\/www.leparisien.fr\/culture-loisirs\/tv\/alors-elle-etait-comment-la-premiere-disabelle-ithurburu-au-13-heures-de-tf-1-14-07-2025-JFDK55237ZGCPMOSIAPNN472ZI.php\" target=\"_blank\" rel=\"noreferrer nofollow noopener\">Isabelle Ithurburu<\/a> au 13\u00a0Heures, de Jean-Baptiste Boursier au 20\u00a0Heures ou d\u2019<a href=\"https:\/\/www.leparisien.fr\/culture-loisirs\/tv\/merci-pour-vos-messages-si-nombreux-audrey-crespo-mara-emue-au-moment-de-reprendre-le-20-heures-de-tf-1-25-07-2025-SN4QAFFCMFHHDJMCLOKXI6TI5Y.php\" target=\"_blank\" rel=\"noreferrer nofollow noopener\">Audrey Crespo-Mara<\/a> pour les \u00e9ditions du week-end, tous affichent des r\u00e9sultats dans le vert.<\/p>\n","protected":false},"excerpt":{"rendered":"\u00ab\u00a0C\u2019est la force de nos jokers, se f\u00e9licite \u00c9ric Monier, directeur de la r\u00e9daction. Mais c\u2019est aussi celle&hellip;\n","protected":false},"author":2,"featured_media":292928,"comment_status":"","ping_status":"","sticky":false,"template":"","format":"standard","meta":{"footnotes":""},"categories":[8],"tags":[872,58,59,1011,27,2205],"class_list":{"0":"post-292927","1":"post","2":"type-post","3":"status-publish","4":"format-standard","5":"has-post-thumbnail","7":"category-divertissement","8":"tag-culture-et-loisirs","9":"tag-divertissement","10":"tag-entertainment","11":"tag-fr","12":"tag-france","13":"tag-television-medias"},"share_on_mastodon":{"url":"https:\/\/pubeurope.com\/@fr\/114963272409276118","error":""},"_links":{"self":[{"href":"https:\/\/www.europesays.com\/fr\/wp-json\/wp\/v2\/posts\/292927","targetHints":{"allow":["GET"]}}],"collection":[{"href":"https:\/\/www.europesays.com\/fr\/wp-json\/wp\/v2\/posts"}],"about":[{"href":"https:\/\/www.europesays.com\/fr\/wp-json\/wp\/v2\/types\/post"}],"author":[{"embeddable":true,"href":"https:\/\/www.europesays.com\/fr\/wp-json\/wp\/v2\/users\/2"}],"replies":[{"embeddable":true,"href":"https:\/\/www.europesays.com\/fr\/wp-json\/wp\/v2\/comments?post=292927"}],"version-history":[{"count":0,"href":"https:\/\/www.europesays.com\/fr\/wp-json\/wp\/v2\/posts\/292927\/revisions"}],"wp:featuredmedia":[{"embeddable":true,"href":"https:\/\/www.europesays.com\/fr\/wp-json\/wp\/v2\/media\/292928"}],"wp:attachment":[{"href":"https:\/\/www.europesays.com\/fr\/wp-json\/wp\/v2\/media?parent=292927"}],"wp:term":[{"taxonomy":"category","embeddable":true,"href":"https:\/\/www.europesays.com\/fr\/wp-json\/wp\/v2\/categories?post=292927"},{"taxonomy":"post_tag","embeddable":true,"href":"https:\/\/www.europesays.com\/fr\/wp-json\/wp\/v2\/tags?post=292927"}],"curies":[{"name":"wp","href":"https:\/\/api.w.org\/{rel}","templated":true}]}}