{"id":292931,"date":"2025-08-03T05:52:16","date_gmt":"2025-08-03T05:52:16","guid":{"rendered":"https:\/\/www.europesays.com\/fr\/292931\/"},"modified":"2025-08-03T05:52:16","modified_gmt":"2025-08-03T05:52:16","slug":"sainte-sigolene-line-alexis-et-evan-montana-sont-partis-pour-leuropraid-a-bord-de-leur-205","status":"publish","type":"post","link":"https:\/\/www.europesays.com\/fr\/292931\/","title":{"rendered":"Sainte-Sigol\u00e8ne : Line, Alexis et Evan Montana sont partis pour l&rsquo;EuropRaid \u00e0 bord de leur \u00ab 205 \u00bb"},"content":{"rendered":"<p>\t\t\t\t\t\t\t\t\t\t\t\t\t\t\t\t\t\t\t\t\t\t\t\t\t\t\t\t\t\t\t\t\t\t\t\t\t\t\t\t\t\t\t\t\t\t\t\t\t\t\t\t\t\t\t\t\t\t\t\t\t\t\t<a href=\"https:\/\/www.lacommere43.fr\/component\/banners\/click\/1802.html\" target=\"_blank\" title=\"Hugon Tourisme ao\u00fbt 2025\" rel=\"noopener\"><br \/>\n\t\t\t\t\t\t\t<img decoding=\"async\" loading=\"lazy\" src=\"https:\/\/www.europesays.com\/fr\/wp-content\/uploads\/2025\/08\/hugonaot.gif\" alt=\"Hugon Tourisme ao\u00fbt 2025\"\/><br \/>\n\t\t\t\t\t\t<\/a><\/p>\n<p>\t\t\t\t\t\t\t\t\t\t\t\t\t\t\t\t\t\t\t\t\t\t\t\t\t\t\t\t\t\t\t\t\t\t\t\t\t\t\t\t\t\t\t\t\t\t\t\t\t\t\t\t\t\t\t\t\t\t\t\t\t\t\t<a href=\"https:\/\/www.lacommere43.fr\/component\/banners\/click\/1803.html\" target=\"_blank\" title=\"Tence Rural Master ao\u00fbt 2025\" rel=\"noopener\"><br \/>\n\t\t\t\t\t\t\t<img decoding=\"async\" loading=\"lazy\" src=\"https:\/\/www.europesays.com\/fr\/wp-content\/uploads\/2025\/08\/rural2025-5.gif\" alt=\"Tence Rural Master ao\u00fbt 2025\"\/><br \/>\n\t\t\t\t\t\t<\/a><\/p>\n<p>Les 10 ans de l&rsquo;Europ&rsquo;raid 2025 d\u00e9marrent ce samedi. C&rsquo;est le grand jour pour le d\u00e9part de 210 \u00e9quipages, tous \u00e0 bord d&rsquo;une Peugeot \u00ab\u00a0205\u00a0\u00bb. La fraterie Montana avec Line, 20 ans, Alexis, 23 ans, et Evan, 17 ans, de Tritanaraid, sont partis ce 2 ao\u00fbt \u00e0 midi apr\u00e8s un check up de la \u00ab\u00a0205\u00a0\u00bb \u00e0 Sochaux, \u00e0 c\u00f4t\u00e9 du mus\u00e9e Peugeot.<\/p>\n<p>Une aventure humanitaire, solidaire et culturelle attend la fraterie qui va parcourir 8000 km en 22 jours et traverser 20 pays de l&rsquo;Europe de l&rsquo;Est.<\/p>\n","protected":false},"excerpt":{"rendered":"Les 10 ans de l&rsquo;Europ&rsquo;raid 2025 d\u00e9marrent ce samedi. C&rsquo;est le grand jour pour le d\u00e9part de 210&hellip;\n","protected":false},"author":2,"featured_media":292932,"comment_status":"","ping_status":"","sticky":false,"template":"","format":"standard","meta":{"footnotes":""},"categories":[6],"tags":[2281,35,33,34,2282,1011,27,2280,2284,2285,2283],"class_list":{"0":"post-292931","1":"post","2":"type-post","3":"status-publish","4":"format-standard","5":"has-post-thumbnail","7":"category-economie","8":"tag-actualite-43","9":"tag-business","10":"tag-economie","11":"tag-economy","12":"tag-faits-divers-auvergne","13":"tag-fr","14":"tag-france","15":"tag-information-haute-loire","16":"tag-infos-43","17":"tag-journal-haute-loire","18":"tag-la-commere-43"},"share_on_mastodon":{"url":"https:\/\/pubeurope.com\/@fr\/114963280551137440","error":""},"_links":{"self":[{"href":"https:\/\/www.europesays.com\/fr\/wp-json\/wp\/v2\/posts\/292931","targetHints":{"allow":["GET"]}}],"collection":[{"href":"https:\/\/www.europesays.com\/fr\/wp-json\/wp\/v2\/posts"}],"about":[{"href":"https:\/\/www.europesays.com\/fr\/wp-json\/wp\/v2\/types\/post"}],"author":[{"embeddable":true,"href":"https:\/\/www.europesays.com\/fr\/wp-json\/wp\/v2\/users\/2"}],"replies":[{"embeddable":true,"href":"https:\/\/www.europesays.com\/fr\/wp-json\/wp\/v2\/comments?post=292931"}],"version-history":[{"count":0,"href":"https:\/\/www.europesays.com\/fr\/wp-json\/wp\/v2\/posts\/292931\/revisions"}],"wp:featuredmedia":[{"embeddable":true,"href":"https:\/\/www.europesays.com\/fr\/wp-json\/wp\/v2\/media\/292932"}],"wp:attachment":[{"href":"https:\/\/www.europesays.com\/fr\/wp-json\/wp\/v2\/media?parent=292931"}],"wp:term":[{"taxonomy":"category","embeddable":true,"href":"https:\/\/www.europesays.com\/fr\/wp-json\/wp\/v2\/categories?post=292931"},{"taxonomy":"post_tag","embeddable":true,"href":"https:\/\/www.europesays.com\/fr\/wp-json\/wp\/v2\/tags?post=292931"}],"curies":[{"name":"wp","href":"https:\/\/api.w.org\/{rel}","templated":true}]}}