{"id":292937,"date":"2025-08-03T05:55:18","date_gmt":"2025-08-03T05:55:18","guid":{"rendered":"https:\/\/www.europesays.com\/fr\/292937\/"},"modified":"2025-08-03T05:55:18","modified_gmt":"2025-08-03T05:55:18","slug":"franchement-je-ne-comprends-plus-rien-a-la-f1","status":"publish","type":"post","link":"https:\/\/www.europesays.com\/fr\/292937\/","title":{"rendered":"Franchement, je ne comprends plus rien \u00e0 la F1"},"content":{"rendered":"<p>Eh non, ce n&rsquo;est pas un pilote <a href=\"https:\/\/fr.motorsport.com\/team\/mclaren\/609\/\" target=\"_blank\" rel=\"noopener\">McLaren<\/a> qui s&rsquo;\u00e9lancera en pole position, ce dimanche, en Hongrie, mais bien <a href=\"https:\/\/fr.motorsport.com\/driver\/charles-leclerc\/109632\/\" target=\"_blank\" rel=\"noopener\">Charles Leclerc<\/a>. Le Mon\u00e9gasque a surpris tout le monde, lui le premier, en signant le meilleur temps de la Q3, 26 milli\u00e8mes devant la MCL39 d&rsquo;<a href=\"https:\/\/fr.motorsport.com\/driver\/oscar-piastri\/835356\/\" target=\"_blank\" rel=\"noopener\">Oscar Piastri<\/a>.\u00a0<\/p>\n<p>\u00ab\u00a0Franchement, aujourd&rsquo;hui, je ne comprends plus rien \u00e0 la Formule 1\u00a0\u00bb, a \u00e9t\u00e9 la r\u00e9action du poleman au terme des qualifications. Il est vrai que la s\u00e9ance n&rsquo;\u00e9tait pas tr\u00e8s bien partie pour la Scuderia. Cinqui\u00e8me en Q1, puis sixi\u00e8me en Q2, Leclerc a manqu\u00e9 de peu l&rsquo;\u00e9limination. <a href=\"https:\/\/fr.motorsport.com\/driver\/lewis-hamilton\/76878\/\" target=\"_blank\" rel=\"noopener\">Lewis Hamilton<\/a> n&rsquo;a d&rsquo;ailleurs pas eu autant de r\u00e9ussite que son co\u00e9quipier puisqu&rsquo;il s&rsquo;\u00e9lancera 12e sur la grille.\u00a0<\/p>\n<p>\u00ab\u00a0Honn\u00eatement, toute la s\u00e9ance de qualifications a \u00e9t\u00e9 extr\u00eamement difficile\u00a0\u00bb, a continu\u00e9 Leclerc. \u00ab\u00a0Et quand je dis extr\u00eamement difficile, je n&rsquo;exag\u00e8re pas. C&rsquo;\u00e9tait vraiment, vraiment compliqu\u00e9. \u00c7a a \u00e9t\u00e9 difficile pour nous d&rsquo;atteindre la Q2. \u00c7a a \u00e9t\u00e9 difficile pour nous d&rsquo;atteindre la Q3. En Q3, les conditions ont un peu chang\u00e9. Tout est devenu bien plus pi\u00e9geux, et je savais que je devais juste faire un tour propre. Viser la troisi\u00e8me place, \u00e0 la fin, c&rsquo;\u00e9tait viser la pole. Je ne m&rsquo;y attendais vraiment pas. Je suis presque sans voix.\u00a0\u00bb<\/p>\n<blockquote>\n<p>C&rsquo;est probablement l&rsquo;une des plus belles poles que j&rsquo;aie jamais sign\u00e9es, parce que c&rsquo;est de loin la plus inattendue.<\/p>\n<\/blockquote>\n<p>   <img decoding=\"async\" draggable=\"false\" src=\"https:\/\/www.europesays.com\/fr\/wp-content\/uploads\/2025\/08\/charles-leclerc-ferrari.jpg\" alt=\"Charles Leclerc, Ferrari\" width=\"1200\" height=\"800\" loading=\"lazy\"\/> <\/p>\n<p class=\"title\">Charles Leclerc, Ferrari<\/p>\n<p class=\"photographer\">Photo de: Sam Bloxham \/ LAT Images via Getty Images<\/p>\n<p>Pendant la derni\u00e8re phase des qualifications, les conditions ont radicalement chang\u00e9. Le ciel s&rsquo;est couvert, quelques gouttes de pluie sont apparues, la temp\u00e9rature de la piste a chut\u00e9 de pr\u00e8s de 15 degr\u00e9s d&rsquo;un coup et le vent a tourn\u00e9 \u00e0 180\u00b0. Les temps se sont d\u00e9grad\u00e9s d&rsquo;une traite et seul Leclerc a \u00e9t\u00e9 capable d&rsquo;am\u00e9liorer sa marque de Q2, gr\u00e2ce \u00e0 il ne sait quelle force.<\/p>\n<p>\u00ab\u00a0J&rsquo;ai clairement ressenti [la perte d&rsquo;adh\u00e9rence de la piste apr\u00e8s le changement de condition], beaucoup m\u00eame\u00a0\u00bb, a expliqu\u00e9 le Mon\u00e9gasque. \u00ab\u00a0Et j&rsquo;\u00e9tais aussi avec un appui assez faible, donc quand la pluie a commenc\u00e9 en Q2, j&rsquo;esp\u00e9rais juste qu&rsquo;elle ne reste pas. Ca n&rsquo;a pas \u00e9t\u00e9 le cas. Les conditions ont chang\u00e9, ce qui a rendu tout \u00e7a tr\u00e8s difficile, et au final, on est en pole position. Franchement, je n&rsquo;ai pas de mots. C&rsquo;est probablement l&rsquo;une des plus belles poles que j&rsquo;aie jamais sign\u00e9es, parce que c&rsquo;est de loin la plus inattendue.\u00a0\u00bb<\/p>\n<p>Contrairement au circuit de Spa-Francorchamps, o\u00f9 la pole position n&rsquo;est pas forc\u00e9ment un avantage puisque vous la perdez presque \u00e0 tous les coups d\u00e8s les premiers virages, \u00e0 Budapest, elle est bien plus utile. Il est assez difficile de doubler sur le trac\u00e9 hongrois et, depuis la position de Leclerc, avec deux MCL39 gonfl\u00e9es \u00e0 bloc derri\u00e8re lui, le Mon\u00e9gasque devra tout tenter pour conserver la t\u00eate de la course.\u00a0\u00a0<\/p>\n<p>\u00ab\u00a0Le d\u00e9part et le virage 1 seront cl\u00e9s\u00a0\u00bb, a-t-il confi\u00e9. \u00ab\u00a0Je n&rsquo;ai aucune id\u00e9e de comment \u00e7a va se passer, mais une chose est s\u00fbre : je vais tout donner pour garder cette premi\u00e8re place. Si on y arrive, \u00e7a devrait nous faciliter la vie pour le reste de la course.\u00a0\u00bb<\/p>\n<p>Lire aussi :<\/p>\n<p>Dans cet article<\/p>\n<p>Soyez le premier inform\u00e9 et souscrivez aux alertes mails pour recevoir les infos en temps r\u00e9el<\/p>\n<p>    S&rsquo;abonner aux alertes de news<\/p>\n","protected":false},"excerpt":{"rendered":"Eh non, ce n&rsquo;est pas un pilote McLaren qui s&rsquo;\u00e9lancera en pole position, ce dimanche, en Hongrie, mais&hellip;\n","protected":false},"author":2,"featured_media":292938,"comment_status":"","ping_status":"","sticky":false,"template":"","format":"standard","meta":{"footnotes":""},"categories":[2],"tags":[11,2240,2251,1454,1011,27,21746,42060,12],"class_list":{"0":"post-292937","1":"post","2":"type-post","3":"status-publish","4":"format-standard","5":"has-post-thumbnail","7":"category-actualites","8":"tag-actualites","9":"tag-charles-leclerc","10":"tag-ferrari","11":"tag-formule-1","12":"tag-fr","13":"tag-france","14":"tag-gp-de-hongrie","15":"tag-hungaroring","16":"tag-news"},"share_on_mastodon":{"url":"https:\/\/pubeurope.com\/@fr\/114963292078116782","error":""},"_links":{"self":[{"href":"https:\/\/www.europesays.com\/fr\/wp-json\/wp\/v2\/posts\/292937","targetHints":{"allow":["GET"]}}],"collection":[{"href":"https:\/\/www.europesays.com\/fr\/wp-json\/wp\/v2\/posts"}],"about":[{"href":"https:\/\/www.europesays.com\/fr\/wp-json\/wp\/v2\/types\/post"}],"author":[{"embeddable":true,"href":"https:\/\/www.europesays.com\/fr\/wp-json\/wp\/v2\/users\/2"}],"replies":[{"embeddable":true,"href":"https:\/\/www.europesays.com\/fr\/wp-json\/wp\/v2\/comments?post=292937"}],"version-history":[{"count":0,"href":"https:\/\/www.europesays.com\/fr\/wp-json\/wp\/v2\/posts\/292937\/revisions"}],"wp:featuredmedia":[{"embeddable":true,"href":"https:\/\/www.europesays.com\/fr\/wp-json\/wp\/v2\/media\/292938"}],"wp:attachment":[{"href":"https:\/\/www.europesays.com\/fr\/wp-json\/wp\/v2\/media?parent=292937"}],"wp:term":[{"taxonomy":"category","embeddable":true,"href":"https:\/\/www.europesays.com\/fr\/wp-json\/wp\/v2\/categories?post=292937"},{"taxonomy":"post_tag","embeddable":true,"href":"https:\/\/www.europesays.com\/fr\/wp-json\/wp\/v2\/tags?post=292937"}],"curies":[{"name":"wp","href":"https:\/\/api.w.org\/{rel}","templated":true}]}}