{"id":292946,"date":"2025-08-03T06:08:17","date_gmt":"2025-08-03T06:08:17","guid":{"rendered":"https:\/\/www.europesays.com\/fr\/292946\/"},"modified":"2025-08-03T06:08:17","modified_gmt":"2025-08-03T06:08:17","slug":"francois-wibaut-a-quitte-rouen-pour-pau-un-choix-pour-le-developpement-de-ma-carriere","status":"publish","type":"post","link":"https:\/\/www.europesays.com\/fr\/292946\/","title":{"rendered":"Fran\u00e7ois Wibaut a quitt\u00e9 Rouen pour Pau : \u00ab\u00a0Un choix pour le d\u00e9veloppement de ma carri\u00e8re\u00a0\u00bb"},"content":{"rendered":"<p style=\"font-weight:400\"><strong>Fran\u00e7ois, que tu retiens de cette premi\u00e8re exp\u00e9rience \u00e0 l\u2019Euro et en \u00e9quipe de France jeunes ?<\/strong><\/p>\n<p style=\"font-weight:400\">J\u2019ai bien aim\u00e9 l\u2019exp\u00e9rience, franchement c\u2019est tr\u00e8s intense. Nous n\u2019avons eu que deux jours de repos pour sept matchs. Apr\u00e8s les phases de poules, on encha\u00eene avec les huiti\u00e8mes, les quarts et les demi-finales. Il faut vraiment passer vite \u00e0 autre chose. On perd deux matchs, dont un contre la Serbie en poule. Cela n\u2019a pas eu d\u2019impact directement mais nous avons quand m\u00eame d\u00fb vite nous remobiliser. Il faut \u00e9galement faire preuve de r\u00e9silience. Que l\u2019on perde ou que l\u2019on gagne, il faut aller de l\u2019avant. J\u2019en retiens que du positif, j\u2019ai appris beaucoup de choses. C\u2019est une fiert\u00e9 pour moi d\u2019avoir pu repr\u00e9senter l\u2019\u00e9quipe de France. M\u00eame si on n\u2019est pas repartis avec la m\u00e9daille que l\u2019on souhaitait, on a quand m\u00eame pu \u00e9crire notre histoire et aller chercher la m\u00e9daille de bronze. Je suis fier de notre \u00e9quipe.<\/p>\n<p style=\"font-weight:400\"><strong>Comme tu l\u2019as dit, vous \u00eates effectivement repartis avec la m\u00e9daille de bronze, apr\u00e8s une d\u00e9faite en demi-finale face \u00e0 la Lituanie (71-81) et une victoire face \u00e0 la Serbie en petite finale (72-63). Selon toi, qu\u2019est-ce qui vous a manqu\u00e9 pour r\u00e9aliser le tripl\u00e9 ?<\/strong><\/p>\n<p style=\"font-weight:400\">Sur nos entames de match, on n\u2019a pas eu beaucoup d\u2019impact. On n\u2019a pas jou\u00e9 \u00e0 notre meilleur niveau. Par exemple, en demi-finale, on a eu pas mal d\u2019appr\u00e9hension et on s\u2019est peut-\u00eatre mis un peu trop la pression. On les a regard\u00e9s jouer et quand on s\u2019est remobilis\u00e9, c\u2019\u00e9tait trop tard.<\/p>\n<p><strong>\u00ab\u00a0En pr\u00e9paration, je n\u2019\u00e9tais pas une pi\u00e8ce ma\u00eetresse\u00a0\u00bb<\/strong><\/p>\n<p style=\"font-weight:400\"><strong>Tu as fait partie des joueurs de l\u2019effectif les plus efficaces lors de la comp\u00e9tition, avec une moyenne de 9,1 points, ce qui fait de toi le deuxi\u00e8me meilleur marqueur de l\u2019\u00e9quipe de France. Selon toi, qu\u2019est-ce qui explique cet impact ?<\/strong><\/p>\n<p style=\"font-weight:400\">L\u2019entra\u00eenement et le travail (sourit-il), c\u2019est ce qui explique cet impact. Plus s\u00e9rieusement, je pense que cette ann\u00e9e j\u2019ai beaucoup appris \u00e0 Rouen, que ce soit dans l\u2019intensit\u00e9, l\u2019effort ou le travail que j\u2019ai fourni. Et \u00e7a m\u2019a amen\u00e9 de la confiance, parce que pour \u00eatre honn\u00eate lors de la pr\u00e9paration je n\u2019\u00e9tais pas une pi\u00e8ce ma\u00eetresse. Je n\u2019\u00e9tais pas en confiance non plus. Mais j\u2019ai su me reprendre et j\u2019ai juste essay\u00e9 de jouer mon basket. La confiance est revenue. J\u2019\u00e9tais avec de bons co\u00e9quipiers qui m\u2019ont mis dans de bonnes conditions et un staff qui m\u2019a mis dans de bonnes conditions \u00e9galement. Par la suite, j\u2019ai pu performer et essayer d\u2019apporter mon \u00e9nergie, mon intelligence au groupe et mon leadership au groupe.<\/p>\n<p style=\"font-weight:400\"><strong>Cette m\u00e9daille de bronze cl\u00f4ture ton ann\u00e9e de la meilleure des mani\u00e8res. Toi qui terminais la saison \u00e0 5,8 points de moyenne, 2,4 rebonds et 1 passe d\u00e9cisive en 38 matchs avec Rouen, pour ta premi\u00e8re ann\u00e9e en tant que joueur professionnel. Qu\u2019est-ce que tu retiens de cette saison ?<\/strong><\/p>\n<p style=\"font-weight:400\">Cette saison m\u2019a permis de beaucoup progresser, que ce soit au niveau de mon intensit\u00e9, de ma rigueur ou de mon exigence. Que ce soit aupr\u00e8s des cadres que j\u2019avais dans mon \u00e9quipe comme Karim Gourari ou Mohamed Choua. J\u2019ai \u00e9norm\u00e9ment appris de ces gars-l\u00e0, qui sont des personnes exemplaires avec de l\u2019exp\u00e9rience. Je me suis senti bien d\u00e8s mon arriv\u00e9e, et gr\u00e2ce \u00e0 mon ann\u00e9e de transition avec LyonSO j\u2019ai pu entamer la saison de la meilleure des mani\u00e8res. Certes c\u2019\u00e9tait de la NM1, mais cela m\u2019a permis de d\u00e9couvrir le monde professionnel. \u00c0 mon arriv\u00e9e \u00e0 Rouen je n\u2019\u00e9tais pas d\u00e9pays\u00e9, j\u2019ai pu retrouver Elwin Ndjock avec qui j\u2019avais \u00e9volu\u00e9 \u00e0 l\u2019ASVEL. Je connaissais \u00e9galement Narcisse Ngoy contre qui j\u2019avais d\u00e9j\u00e0 pu jouer et franchement tous les autres joueurs \u00e9taient top.<\/p>\n<p><strong>\u00ab\u00a0Tr\u00e8s reconnaissant de ce que j\u2019ai pu vivre \u00e0 Rouen\u00a0\u00bb<\/strong><\/p>\n<p style=\"font-weight:400\"><strong>Tu as termin\u00e9 l\u2019exercice en faisant partie du top 5 des meilleurs jeunes de Pro B, ce qui r\u00e9compense d\u2019une certaine mani\u00e8re ta saison prometteuse. Qu\u2019est-ce que \u00e7a te fait d\u2019avoir obtenu cette distinction ?<\/strong><\/p>\n<p style=\"font-weight:400\">M\u00eame si je n\u2019ai pas eu le titre, \u00e7a fait plaisir d\u2019\u00eatre reconnu de cette mani\u00e8re. \u00c7a me pousse \u00e0 continuer \u00e0 travailler. Franchement, j\u2019ai faim et j\u2019ai envie d\u2019aller chercher encore plus. C\u2019est encourageant.<\/p>\n<p style=\"font-weight:400\"><strong>Tu disposais encore de deux ans de contrat avec le RMB, mais tu as pris la d\u00e9cision d\u2019activer une clause de d\u00e9part. Pourquoi avoir fait ce choix ?<\/strong><\/p>\n<p style=\"font-weight:400\">Je suis tr\u00e8s reconnaissant de ce que j\u2019ai pu vivre \u00e0 Rouen. J\u2019ai pu d\u00e9couvrir la Pro B, avec un r\u00f4le, j\u2019ai pu avoir du temps de jeu. Mais j\u2019ai fait ce choix-l\u00e0 pour la suite et le d\u00e9veloppement de ma carri\u00e8re. Pau, c\u2019est un plus gros club, avec plus d\u2019exp\u00e9rience au haut niveau, plus de moyens et plus de structures. \u00c9galement parce qu\u2019il y a Micka\u00ebl Hay en coach. Pour moi, c\u2019\u00e9tait plus int\u00e9ressant de viser un des top clubs d\u2019\u00c9LITE 2 qui vise la mont\u00e9e.<\/p>\n<p>LIRE AUSSI<\/p>\n<p><a href=\"https:\/\/www.bebasket.fr\/transfert-francois-wibaut-sengage-avec-lelan-bearnais-pour-trois-saisons\" rel=\"nofollow noopener\" target=\"_blank\"> <img decoding=\"async\" src=\"https:\/\/www.europesays.com\/fr\/wp-content\/uploads\/2025\/08\/francois-wibaut-quitte-rouen-pour-sengager-trois-ans-a-lelan-bearnais-1f0478b8-54ff-6c46-93a5-278051.jpeg\" alt=\"Fran\u00e7ois Wibaut quitte Rouen pour s'engager trois ans \u00e0 l'Elan b\u00e9arnais\"\/> <\/a><\/p>\n<p style=\"font-weight:400\"><strong>Tu l\u2019as dit, l\u00e0-bas tu y retrouveras Micka\u00ebl Hay, qui a pu te coacher lors de l\u2019EuroBasket U20. Qu\u2019est-ce qui t\u2019attire dans sa mani\u00e8re de coacher et comment s\u2019est pass\u00e9e cette premi\u00e8re connexion entre vous deux ?<\/strong><\/p>\n<p style=\"font-weight:400\">Avant, j\u2019ai pu avoir un call avec lui par rapport aux \u00e9quipes de France, puis ensuite au sujet de Pau. Il m\u2019a pr\u00e9sent\u00e9 le projet et nos premi\u00e8res interactions se sont super bien pass\u00e9es. J\u2019ai toujours eu de bons retours le concernant. J\u2019ai pu \u00e9changer avec des personnes qui ont travaill\u00e9 avec lui, mon agent a \u00e9galement d\u00e9j\u00e0 eu l\u2019occasion de travailler avec lui et \u00e7a s\u2019est toujours bien pass\u00e9. Je sais que c\u2019est un coach qui est dur mais juste, il fait \u00e9galement jouer les jeunes quand il croit en eux. Et surtout, quand il dit quelque chose, il le fait. C\u2019est \u00e7a qui m\u2019a attir\u00e9 chez lui. Il a aussi beaucoup d\u2019exp\u00e9rience dans le milieu, et \u00e7a, j\u2019ai pu le constater lors de l\u2019EuroBasket.<\/p>\n<p><strong>Entour\u00e9 par De Colo, Lauvergne ou Kahudi<\/strong><\/p>\n<p style=\"font-weight:400\"><strong>Quels sont tes objectifs collectifs et personnels, \u00e0 court et long terme ?<\/strong><\/p>\n<p style=\"font-weight:400\">\u00c0 court terme, ce serait de r\u00e9aliser une bonne saison avec plus de responsabilit\u00e9s en \u00c9LITE 2, dans une \u00e9quipe comp\u00e9titive qui a pour but de monter en Betclic \u00c9LITE. Ensuite, faire une bonne saison en Betclic \u00c9LITE, puis pouvoir jouer une coupe d\u2019Europe. \u00c0 terme, ce serait l\u2019EuroLeague. Mais avec une coupe d\u2019Europe interm\u00e9diaire, que ce soit l\u2019EuroCup ou la Champions League, avec un club fran\u00e7ais ou \u00e0 l\u2019\u00e9tranger.<\/p>\n<p style=\"font-weight:400\"><strong>Pour la suite de ta carri\u00e8re, tu aspires \u00e0 \u00e9voluer en EuroLeague ?<\/strong><\/p>\n<p style=\"font-weight:400\">Oui, bien s\u00fbr. J\u2019ai pu d\u00e9couvrir ce championnat lorsque j\u2019\u00e9tais \u00e0 l\u2019ASVEL. J\u2019ai pu c\u00f4toyer et \u00e9voluer avec des joueurs de top niveau, comme Nando De Colo, Joffrey Lauvergne ou encore Charles Kahudi, des mecs avec qui je suis encore proche et avec qui je discute. Ils m\u2019ont donn\u00e9 beaucoup de conseils. J\u2019ai vu leur rigueur et leur exigence. J\u2019ai envie d\u2019\u00eatre comme eux et de faire comme eux. En EuroLeague, \u00e7a attaque, \u00e7a d\u00e9fend, tous les matchs sont importants et il y a des clubs avec de vraies valeurs ancr\u00e9es dans la population. C\u2019est \u00e7a qui m\u2019attire.<\/p>\n","protected":false},"excerpt":{"rendered":"Fran\u00e7ois, que tu retiens de cette premi\u00e8re exp\u00e9rience \u00e0 l\u2019Euro et en \u00e9quipe de France jeunes ? J\u2019ai&hellip;\n","protected":false},"author":2,"featured_media":292947,"comment_status":"","ping_status":"","sticky":false,"template":"","format":"standard","meta":{"footnotes":""},"categories":[9587],"tags":[1111,11,1777,674,1011,27,12,5161,25,9590],"class_list":{"0":"post-292946","1":"post","2":"type-post","3":"status-publish","4":"format-standard","5":"has-post-thumbnail","7":"category-rouen","8":"tag-actu","9":"tag-actualites","10":"tag-eu","11":"tag-europe","12":"tag-fr","13":"tag-france","14":"tag-news","15":"tag-normandie","16":"tag-republique-francaise","17":"tag-rouen"},"share_on_mastodon":{"url":"https:\/\/pubeurope.com\/@fr\/114963343167398634","error":""},"_links":{"self":[{"href":"https:\/\/www.europesays.com\/fr\/wp-json\/wp\/v2\/posts\/292946","targetHints":{"allow":["GET"]}}],"collection":[{"href":"https:\/\/www.europesays.com\/fr\/wp-json\/wp\/v2\/posts"}],"about":[{"href":"https:\/\/www.europesays.com\/fr\/wp-json\/wp\/v2\/types\/post"}],"author":[{"embeddable":true,"href":"https:\/\/www.europesays.com\/fr\/wp-json\/wp\/v2\/users\/2"}],"replies":[{"embeddable":true,"href":"https:\/\/www.europesays.com\/fr\/wp-json\/wp\/v2\/comments?post=292946"}],"version-history":[{"count":0,"href":"https:\/\/www.europesays.com\/fr\/wp-json\/wp\/v2\/posts\/292946\/revisions"}],"wp:featuredmedia":[{"embeddable":true,"href":"https:\/\/www.europesays.com\/fr\/wp-json\/wp\/v2\/media\/292947"}],"wp:attachment":[{"href":"https:\/\/www.europesays.com\/fr\/wp-json\/wp\/v2\/media?parent=292946"}],"wp:term":[{"taxonomy":"category","embeddable":true,"href":"https:\/\/www.europesays.com\/fr\/wp-json\/wp\/v2\/categories?post=292946"},{"taxonomy":"post_tag","embeddable":true,"href":"https:\/\/www.europesays.com\/fr\/wp-json\/wp\/v2\/tags?post=292946"}],"curies":[{"name":"wp","href":"https:\/\/api.w.org\/{rel}","templated":true}]}}