{"id":292950,"date":"2025-08-03T06:14:12","date_gmt":"2025-08-03T06:14:12","guid":{"rendered":"https:\/\/www.europesays.com\/fr\/292950\/"},"modified":"2025-08-03T06:14:12","modified_gmt":"2025-08-03T06:14:12","slug":"la-joconde-la-venus-de-milo-a-rennes-le-musee-du-louvre-sinvite-dans-ce-centre-commercial","status":"publish","type":"post","link":"https:\/\/www.europesays.com\/fr\/292950\/","title":{"rendered":"La Joconde, La V\u00e9nus de Milo\u2026 \u00c0 Rennes, le mus\u00e9e du Louvre s&rsquo;invite dans ce centre commercial"},"content":{"rendered":"<p>            Par<br \/>\n        <strong><br \/>\n            <a href=\"https:\/\/actu.fr\/auteur\/lou-batteux\" title=\"Consulter tous les articles de Lou Batteux\" rel=\"nofollow noopener\" target=\"_blank\">Lou Batteux<\/a><br \/>\n        <\/strong><\/p>\n<p>        Publi\u00e9 le<\/p>\n<p>            3 ao\u00fbt 2025 \u00e0 7h02        <\/p>\n<p>\u00c0 la rentr\u00e9e, le <strong>centre Alma<\/strong> de Rennes accueille une exposition in\u00e9dite. Des <strong>\u0153uvres embl\u00e9matiques du Mus\u00e9e du Louvre<\/strong> y seront expos\u00e9es, ou presque.<\/p>\n<p class=\" wall-content\">Du <strong>mercredi\u00a010 au mercredi 17\u00a0septembre<\/strong>, \u00ab\u2009une exposition de <strong>reproductions officielles d\u2019\u0153uvres<\/strong> embl\u00e9matiques issues des collections du mus\u00e9e du Louvre\u2009\u00bb se tiendra au centre commercial Alma, au 5, rue du Bosphore, \u00e0 Rennes.<\/p>\n<p class=\" wall-content\">L\u2019occasion pour les Rennais de profiter des arts du <strong>plus grand mus\u00e9e du monde<\/strong> sans avoir \u00e0 se d\u00e9placer jusqu\u2019\u00e0 Paris.<\/p>\n<p>Une exposition et des ateliers gratuits<\/p>\n<p class=\" wall-content\">Dans un <strong>espace de plus de 100\u00a0m2<\/strong>, une mise en sc\u00e8ne inspir\u00e9e de l\u2019architecture du Louvre vous plongera dans l\u2019ambiance du mus\u00e9e. <strong>La Joconde, La V\u00e9nus de Milo, Le Scribe accroupi\u2026 <\/strong>Plus d\u2019une vingtaine d\u2019\u0153uvres illustres seront repr\u00e9sent\u00e9es.<\/p>\n<blockquote class=\"ac-article-quote wall-content\">\n<p>Durant toute la dur\u00e9e de l\u2019exposition, les m\u00e9diateurs du Louvre accompagneront les visiteurs dans leur d\u00e9couverte des chefs-d\u2019\u0153uvre gr\u00e2ce \u00e0 des visites et des ateliers.<\/p>\n<p>    <strong>Centre Alma<\/strong><br \/>\n        Centre commercial \u00e0 Rennes    <\/p><\/blockquote>\n<p class=\" wall-content\">L\u2019exposition, intitul\u00e9e \u00ab\u2009J\u2019habite au Louvre\u2009\u00bb, sera accessible <strong>librement et gratuitement<\/strong> tous les jours, de <strong>10h \u00e0 19h<\/strong>. Jeux, dessins, biblioth\u00e8que, photobooth pour se transformer en personnage du Louvre et repartir avec sa photo souvenir. De nombreuses <strong>activit\u00e9s<\/strong> \u2013 \u00e9galement gratuites \u2013 \u00e0 faire seul, en famille, en couple ou entre amis, seront propos\u00e9es par l\u2019\u00e9quipe du centre.<\/p>\n<p>La culture pour tous<\/p>\n<p class=\" wall-content\">Le centre Alma, d\u00e9j\u00e0 <strong>\u00ab\u2009acteur de longue date de la diffusion de la culture\u2009\u00bb<\/strong> comme en t\u00e9moigne son <a href=\"https:\/\/actu.fr\/bretagne\/rennes_35238\/rennes-le-festival-des-vieilles-charrues-s-invite-au-centre-commercial-alma_59715022.html\" rel=\"nofollow noopener\" target=\"_blank\">partenariat avec le festival des Vieilles Charrues<\/a>, souhaite \u00ab\u2009offrir\u2009\u00bb aux Rennais \u00ab\u2009un acc\u00e8s gratuit \u00e0 ces chefs-d\u2019\u0153uvre embl\u00e9matiques\u2009\u00bb.<\/p>\n<p class=\" wall-content\">Avec <strong>7\u00a0millions de visites en 2024<\/strong>, ce centre commercial rennais participe \u00e0 la tourn\u00e9e \u00ab\u2009Le Louvre au centre\u2009\u00bb qui se d\u00e9ploie dans <strong>six centres commerciaux du Groupe fran\u00e7ais<\/strong> Unibail-Rodamco-Westfield, en partenariat avec le Mus\u00e9e du Louvre.<\/p>\n<p class=\" wall-content\">Suivez toute l\u2019actualit\u00e9 de vos villes et m\u00e9dias favoris en vous inscrivant \u00e0 <a href=\"https:\/\/moncompte.actu.fr\" title=\"D\u00e9couvez Mon Actu\" rel=\"nofollow noopener\" data-trk=\"{&quot;cta&quot;:{&quot;action&quot;:&quot;https:\\\/\\\/moncompte.actu.fr&quot;,&quot;category&quot;:&quot;mon compte&quot;,&quot;from&quot;:&quot;article footer&quot;,&quot;name&quot;:&quot;Mon actu&quot;,&quot;type&quot;:&quot;cta&quot;}}\" target=\"_blank\">Mon Actu<\/a>.<\/p>\n","protected":false},"excerpt":{"rendered":"Par Lou Batteux Publi\u00e9 le 3 ao\u00fbt 2025 \u00e0 7h02 \u00c0 la rentr\u00e9e, le centre Alma de Rennes&hellip;\n","protected":false},"author":2,"featured_media":292951,"comment_status":"","ping_status":"","sticky":false,"template":"","format":"standard","meta":{"footnotes":""},"categories":[2821],"tags":[1111,11,829,1777,674,1011,27,3094,12,584,25,104],"class_list":{"0":"post-292950","1":"post","2":"type-post","3":"status-publish","4":"format-standard","5":"has-post-thumbnail","7":"category-rennes","8":"tag-actu","9":"tag-actualites","10":"tag-bretagne","11":"tag-eu","12":"tag-europe","13":"tag-fr","14":"tag-france","15":"tag-musee-du-louvre","16":"tag-news","17":"tag-rennes","18":"tag-republique-francaise","19":"tag-societe"},"share_on_mastodon":{"url":"https:\/\/pubeurope.com\/@fr\/114963366767271773","error":""},"_links":{"self":[{"href":"https:\/\/www.europesays.com\/fr\/wp-json\/wp\/v2\/posts\/292950","targetHints":{"allow":["GET"]}}],"collection":[{"href":"https:\/\/www.europesays.com\/fr\/wp-json\/wp\/v2\/posts"}],"about":[{"href":"https:\/\/www.europesays.com\/fr\/wp-json\/wp\/v2\/types\/post"}],"author":[{"embeddable":true,"href":"https:\/\/www.europesays.com\/fr\/wp-json\/wp\/v2\/users\/2"}],"replies":[{"embeddable":true,"href":"https:\/\/www.europesays.com\/fr\/wp-json\/wp\/v2\/comments?post=292950"}],"version-history":[{"count":0,"href":"https:\/\/www.europesays.com\/fr\/wp-json\/wp\/v2\/posts\/292950\/revisions"}],"wp:featuredmedia":[{"embeddable":true,"href":"https:\/\/www.europesays.com\/fr\/wp-json\/wp\/v2\/media\/292951"}],"wp:attachment":[{"href":"https:\/\/www.europesays.com\/fr\/wp-json\/wp\/v2\/media?parent=292950"}],"wp:term":[{"taxonomy":"category","embeddable":true,"href":"https:\/\/www.europesays.com\/fr\/wp-json\/wp\/v2\/categories?post=292950"},{"taxonomy":"post_tag","embeddable":true,"href":"https:\/\/www.europesays.com\/fr\/wp-json\/wp\/v2\/tags?post=292950"}],"curies":[{"name":"wp","href":"https:\/\/api.w.org\/{rel}","templated":true}]}}