{"id":292952,"date":"2025-08-03T06:15:09","date_gmt":"2025-08-03T06:15:09","guid":{"rendered":"https:\/\/www.europesays.com\/fr\/292952\/"},"modified":"2025-08-03T06:15:09","modified_gmt":"2025-08-03T06:15:09","slug":"la-chorale-rendue-celebre-par-le-film-va-produire-un-concert-exceptionnel-a-strasbourg","status":"publish","type":"post","link":"https:\/\/www.europesays.com\/fr\/292952\/","title":{"rendered":"la chorale rendue c\u00e9l\u00e8bre par le film va produire un concert exceptionnel \u00e0 Strasbourg"},"content":{"rendered":"<p>            Par<br \/>\n        <strong><br \/>\n            <a href=\"https:\/\/actu.fr\/auteur\/ivan-capecchi\" title=\"Consulter tous les articles de Ivan CAPECCHI\" rel=\"nofollow noopener\" target=\"_blank\">Ivan CAPECCHI<\/a><br \/>\n        <\/strong><\/p>\n<p>        Publi\u00e9 le<\/p>\n<p>            3 ao\u00fbt 2025 \u00e0 7h02        <\/p>\n<p>Le ch\u0153ur <strong>Les Choristes<\/strong> sera en concert \u00e0 <strong>Strasbourg<\/strong> le vendredi 12 d\u00e9cembre 2025, \u00e0 partir de 20h, \u00e0 l\u2019<strong>\u00e9glise Saint-Maurice<\/strong>.<\/p>\n<p class=\" wall-content\">Le <a href=\"https:\/\/actu.fr\/normandie\/le-grand-quevilly_76322\/film-spectacle-musical-choristes-joue-zenith-rouen-mans_11950116.html\" rel=\"nofollow noopener\" target=\"_blank\">spectacle<\/a> s\u2019inscrit dans le cadre d\u2019une tourn\u00e9e nationale intitul\u00e9e \u00ab Les Choristes, 20 ans d\u00e9j\u00e0 \u00bb, organis\u00e9e \u00e0 l\u2019occasion du <strong>vingti\u00e8me anniversaire du film<\/strong>.<\/p>\n<p class=\" wall-content\">La chorale qui se produira est <strong>La Ma\u00eetrise Saint-Marc<\/strong>,\u00a0la formation rendue c\u00e9l\u00e8bre par le <a href=\"https:\/\/actu.fr\/auvergne-rhone-alpes\/ravel_63296\/les-choristes-le-chateau-pres-de-clermont-ferrand-ou-le-film-a-ete-tourne-se-visite_59641195.html\" rel=\"nofollow noopener\" target=\"_blank\">film Les Choristes<\/a> en 2004.<\/p>\n<p>Des chansons embl\u00e9matiques du film reprises<\/p>\n<p class=\" wall-content\">Le programme m\u00ealera les <strong>chansons embl\u00e9matiques du film<\/strong>, des <strong>chants sacr\u00e9s<\/strong> et <strong>quelques reprises<\/strong>.<\/p>\n<p class=\" wall-content\">Le <a href=\"https:\/\/actu.fr\/loisirs-culture\/concert\" rel=\"nofollow noopener\" target=\"_blank\">concert<\/a> sera interpr\u00e9t\u00e9 par des <strong>voix d\u2019enfants<\/strong>.<\/p>\n<p class=\" wall-content\">Il est recommand\u00e9 <strong>\u00e0 partir de 7 ans<\/strong>.<\/p>\n<p>Lieu : \u00c9glise Saint-Maurice, Strasbourg <br \/>\nDate : Vendredi 12 d\u00e9cembre 2025\u00a0 <br \/>\nHoraire : 20h (dur\u00e9e : 2h, sans entracte) <br \/>\nPlein tarif : 44,10 \u20ac \/ Tarif enfant (-16 ans) : 37,50 \u20ac \/ Tarif groupe (\u00e0 partir de 10 personnes) : 41,90 \u20ac \/ Tarif famille (2 adultes + 2 enfants) : 150 \u20ac.<br \/>\nBilletterie sur <a href=\"https:\/\/www.mlprods.com\/\" rel=\"nofollow noopener\" target=\"_blank\">www.mlprods.com<\/a>.<\/p>\n<p class=\" wall-content\">Suivez toute l\u2019actualit\u00e9 de vos villes et m\u00e9dias favoris en vous inscrivant \u00e0 <a href=\"https:\/\/moncompte.actu.fr\" title=\"D\u00e9couvez Mon Actu\" rel=\"nofollow noopener\" data-trk=\"{&quot;cta&quot;:{&quot;action&quot;:&quot;https:\\\/\\\/moncompte.actu.fr&quot;,&quot;category&quot;:&quot;mon compte&quot;,&quot;from&quot;:&quot;article footer&quot;,&quot;name&quot;:&quot;Mon actu&quot;,&quot;type&quot;:&quot;cta&quot;}}\" target=\"_blank\">Mon Actu<\/a>.<\/p>\n","protected":false},"excerpt":{"rendered":"Par Ivan CAPECCHI Publi\u00e9 le 3 ao\u00fbt 2025 \u00e0 7h02 Le ch\u0153ur Les Choristes sera en concert \u00e0&hellip;\n","protected":false},"author":2,"featured_media":292953,"comment_status":"","ping_status":"","sticky":false,"template":"","format":"standard","meta":{"footnotes":""},"categories":[2820],"tags":[1111,11,650,1697,1777,674,1011,27,775,1652,12,25,640],"class_list":{"0":"post-292952","1":"post","2":"type-post","3":"status-publish","4":"format-standard","5":"has-post-thumbnail","7":"category-strasbourg","8":"tag-actu","9":"tag-actualites","10":"tag-cinema","11":"tag-concert","12":"tag-eu","13":"tag-europe","14":"tag-fr","15":"tag-france","16":"tag-grand-est","17":"tag-loisirs-culture","18":"tag-news","19":"tag-republique-francaise","20":"tag-strasbourg"},"share_on_mastodon":{"url":"https:\/\/pubeurope.com\/@fr\/114963370671052891","error":""},"_links":{"self":[{"href":"https:\/\/www.europesays.com\/fr\/wp-json\/wp\/v2\/posts\/292952","targetHints":{"allow":["GET"]}}],"collection":[{"href":"https:\/\/www.europesays.com\/fr\/wp-json\/wp\/v2\/posts"}],"about":[{"href":"https:\/\/www.europesays.com\/fr\/wp-json\/wp\/v2\/types\/post"}],"author":[{"embeddable":true,"href":"https:\/\/www.europesays.com\/fr\/wp-json\/wp\/v2\/users\/2"}],"replies":[{"embeddable":true,"href":"https:\/\/www.europesays.com\/fr\/wp-json\/wp\/v2\/comments?post=292952"}],"version-history":[{"count":0,"href":"https:\/\/www.europesays.com\/fr\/wp-json\/wp\/v2\/posts\/292952\/revisions"}],"wp:featuredmedia":[{"embeddable":true,"href":"https:\/\/www.europesays.com\/fr\/wp-json\/wp\/v2\/media\/292953"}],"wp:attachment":[{"href":"https:\/\/www.europesays.com\/fr\/wp-json\/wp\/v2\/media?parent=292952"}],"wp:term":[{"taxonomy":"category","embeddable":true,"href":"https:\/\/www.europesays.com\/fr\/wp-json\/wp\/v2\/categories?post=292952"},{"taxonomy":"post_tag","embeddable":true,"href":"https:\/\/www.europesays.com\/fr\/wp-json\/wp\/v2\/tags?post=292952"}],"curies":[{"name":"wp","href":"https:\/\/api.w.org\/{rel}","templated":true}]}}