{"id":292954,"date":"2025-08-03T06:16:12","date_gmt":"2025-08-03T06:16:12","guid":{"rendered":"https:\/\/www.europesays.com\/fr\/292954\/"},"modified":"2025-08-03T06:16:12","modified_gmt":"2025-08-03T06:16:12","slug":"cette-taxe-qui-a-fache-ryanair","status":"publish","type":"post","link":"https:\/\/www.europesays.com\/fr\/292954\/","title":{"rendered":"cette taxe qui a f\u00e2ch\u00e9 Ryanair"},"content":{"rendered":"<p>La hausse du montant de la taxe de solidarit\u00e9 sur les billets d&rsquo;avion risque fort de peser sur l&rsquo;activit\u00e9 de l&rsquo;a\u00e9roport de Strasbourg-Entzheim : Ryanair, en r\u00e9action \u00e0 la mesure, a annonc\u00e9 vouloir y mettre fin \u00e0 ses vols d&rsquo;ici la fin de l&rsquo;ann\u00e9e. De quoi interroger notre illustrateur \u00e9m\u00e9rite sur la question, si pr\u00e9gnante dans la capitale alsacienne, des mobilit\u00e9s&#8230;<\/p>\n","protected":false},"excerpt":{"rendered":"La hausse du montant de la taxe de solidarit\u00e9 sur les billets d&rsquo;avion risque fort de peser sur&hellip;\n","protected":false},"author":2,"featured_media":292955,"comment_status":"","ping_status":"","sticky":false,"template":"","format":"standard","meta":{"footnotes":""},"categories":[2820],"tags":[1111,11,2389,2649,2880,1777,674,107,1011,27,775,1757,12,316,25,104,640,3265,3089,2879,2803,800],"class_list":{"0":"post-292954","1":"post","2":"type-post","3":"status-publish","4":"format-standard","5":"has-post-thumbnail","7":"category-strasbourg","8":"tag-actu","9":"tag-actualites","10":"tag-alsace","11":"tag-bas-rhin","12":"tag-edition-strasbourg","13":"tag-eu","14":"tag-europe","15":"tag-fil-info","16":"tag-fr","17":"tag-france","18":"tag-grand-est","19":"tag-insolite","20":"tag-news","21":"tag-politique","22":"tag-republique-francaise","23":"tag-societe","24":"tag-strasbourg","25":"tag-strasbourg-nord","26":"tag-strasbourg-sud","27":"tag-strasbourg-ville","28":"tag-transport","29":"tag-transports"},"share_on_mastodon":{"url":"https:\/\/pubeurope.com\/@fr\/114963374645840322","error":""},"_links":{"self":[{"href":"https:\/\/www.europesays.com\/fr\/wp-json\/wp\/v2\/posts\/292954","targetHints":{"allow":["GET"]}}],"collection":[{"href":"https:\/\/www.europesays.com\/fr\/wp-json\/wp\/v2\/posts"}],"about":[{"href":"https:\/\/www.europesays.com\/fr\/wp-json\/wp\/v2\/types\/post"}],"author":[{"embeddable":true,"href":"https:\/\/www.europesays.com\/fr\/wp-json\/wp\/v2\/users\/2"}],"replies":[{"embeddable":true,"href":"https:\/\/www.europesays.com\/fr\/wp-json\/wp\/v2\/comments?post=292954"}],"version-history":[{"count":0,"href":"https:\/\/www.europesays.com\/fr\/wp-json\/wp\/v2\/posts\/292954\/revisions"}],"wp:featuredmedia":[{"embeddable":true,"href":"https:\/\/www.europesays.com\/fr\/wp-json\/wp\/v2\/media\/292955"}],"wp:attachment":[{"href":"https:\/\/www.europesays.com\/fr\/wp-json\/wp\/v2\/media?parent=292954"}],"wp:term":[{"taxonomy":"category","embeddable":true,"href":"https:\/\/www.europesays.com\/fr\/wp-json\/wp\/v2\/categories?post=292954"},{"taxonomy":"post_tag","embeddable":true,"href":"https:\/\/www.europesays.com\/fr\/wp-json\/wp\/v2\/tags?post=292954"}],"curies":[{"name":"wp","href":"https:\/\/api.w.org\/{rel}","templated":true}]}}