{"id":292966,"date":"2025-08-03T06:23:15","date_gmt":"2025-08-03T06:23:15","guid":{"rendered":"https:\/\/www.europesays.com\/fr\/292966\/"},"modified":"2025-08-03T06:23:15","modified_gmt":"2025-08-03T06:23:15","slug":"meteo-les-temperatures-grimpent-a-toulouse-et-en-occitanie-les-previsions-de-dimanche","status":"publish","type":"post","link":"https:\/\/www.europesays.com\/fr\/292966\/","title":{"rendered":"M\u00e9t\u00e9o. Les temp\u00e9ratures grimpent \u00e0 Toulouse et en Occitanie : les pr\u00e9visions de dimanche"},"content":{"rendered":"<p>            Par<br \/>\n        <strong><br \/>\n            <a href=\"https:\/\/actu.fr\/auteur\/mareva-laville-actu-fr\" title=\"Consulter tous les articles de Mar\u00e9va Laville\" rel=\"nofollow noopener\" target=\"_blank\">Mar\u00e9va Laville<\/a><br \/>\n        <\/strong><\/p>\n<p>        Publi\u00e9 le<\/p>\n<p>            3 ao\u00fbt 2025 \u00e0 7h12        <\/p>\n<p>Le thermom\u00e8tre regrimpe doucement \u00e0 <a href=\"http:\/\/www.actu.fr\/toulouse\" rel=\"nofollow noopener\" target=\"_blank\"><strong>Toulouse<\/strong> <\/a>et en Occitanie ce dimanche 3\u00a0ao\u00fbt, avant <a href=\"https:\/\/actu.fr\/meteo\/plus-de-40-c-une-canicule-venue-d-espagne-redoutee-en-france-debut-aout-a-quoi-s-attendre_62980498.html\" rel=\"nofollow noopener\" target=\"_blank\">d\u2019atteindre son apog\u00e9e en milieu de semaine<\/a> prochaine o\u00f9 <a href=\"https:\/\/actu.fr\/occitanie\/toulouse_31555\/meteo-temps-maussade-et-fraicheur-a-toulouse-les-temperatures-vont-elles-bientot-remonter_62976016.html\" rel=\"nofollow noopener\" target=\"_blank\">37\u00b0C sont annonc\u00e9s mercredi \u00e0 Toulouse.<\/a><\/p>\n<p>30\u00b0C \u00e0 Toulouse<\/p>\n<p class=\" wall-content\">Pour cette fin de week-end, les temp\u00e9ratures ne d\u00e9passeront toutefois pas les <strong>30\u00b0C, au maximum, dans la Ville rose.<\/strong><\/p>\n<p class=\" wall-content\">Le matin sera tout aussi doux avec <strong>23\u00b0C et un grand soleil<\/strong> accompagn\u00e9 d\u2019une brise soufflant \u00e0 15\u00a0km\/h. Quelques nuages pointeront le bout de leur nez dans l\u2019apr\u00e8s-midi pour offrir des <strong>\u00e9claircies<\/strong>\u2026 mais qui ne rafra\u00eechiront pas pour autant l\u2019atmosph\u00e8re puisque 28\u00b0C en moyenne sont attendus.<\/p>\n<p>    <img   decoding=\"async\" loading=\"lazy\" src=\"https:\/\/www.europesays.com\/fr\/wp-content\/uploads\/2025\/08\/dimanche3-toulouse-960x548.png\" alt=\"Voici les pr\u00e9visions m\u00e9t\u00e9o ce dimanche 3 ao\u00fbt 2025 \u00e0 Toulouse.\" width=\"960\" height=\"548\"\/><br \/>\n    Voici les pr\u00e9visions m\u00e9t\u00e9o ce dimanche 3\u00a0ao\u00fbt 2025 \u00e0 Toulouse. (\u00a9Capture d\u2019\u00e9cran M\u00e9t\u00e9o France)Et en Occitanie\u2026<\/p>\n<p class=\" wall-content\">En <a href=\"http:\/\/www.actu.fr\/occitanie\" rel=\"nofollow noopener\" target=\"_blank\">Occitanie<\/a>, la matin\u00e9e sera ensoleill\u00e9e pour tout le monde. \u00c0 <strong>Perpignan<\/strong>, il fera m\u00eame <strong>d\u00e9j\u00e0 26\u00b0C le matin,<\/strong> tout comme \u00e0 <strong>Montpellier<\/strong>. Ailleurs dans la r\u00e9gion, comptez 22\u00b0C \u00e0 Foix, Auch, Montauban, Albi, Cahors et Castres et 18\u00b0C au plus frais \u00e0 Rodez.<\/p>\n<p class=\" wall-content\">L\u2019apr\u00e8s-midi sera tout aussi cl\u00e9mente malgr\u00e9 l\u2019arriv\u00e9e de<strong> quelques nuages<\/strong> sur toute la partie nord-ouest de l\u2019Occitanie. C\u00f4t\u00e9 temp\u00e9ratures, le thermom\u00e8tre reste haut avec <strong>31\u00b0C \u00e0 Montpellier, 30\u00b0C \u00e0 Perpignan, 29\u00b0C \u00e0 Carcassonne, Montauban et Cahors, 28\u00b0C \u00e0 Saint-Gaudens, Albi et Auch, et 24\u00b0C \u00e0 Rodez.<\/strong><\/p>\n<p>Vid\u00e9os : en ce moment sur Actu<br \/>\n    <img   decoding=\"async\" loading=\"lazy\" src=\"https:\/\/www.europesays.com\/fr\/wp-content\/uploads\/2025\/08\/dimanche3-occitanie-960x640.png\" alt=\"Voici les pr\u00e9visions m\u00e9t\u00e9o ce dimanche 3 ao\u00fbt 2025 en Occitanie.\" width=\"960\" height=\"640\"\/><br \/>\n    Voici les pr\u00e9visions m\u00e9t\u00e9o ce dimanche 3\u00a0ao\u00fbt 2025 en Occitanie. (\u00a9Capture d\u2019\u00e9cran M\u00e9t\u00e9o France)<\/p>\n<p class=\" wall-content\">Suivez toute l\u2019actualit\u00e9 de vos villes et m\u00e9dias favoris en vous inscrivant \u00e0 <a href=\"https:\/\/moncompte.actu.fr\" title=\"D\u00e9couvez Mon Actu\" rel=\"nofollow noopener\" data-trk=\"{&quot;cta&quot;:{&quot;action&quot;:&quot;https:\\\/\\\/moncompte.actu.fr&quot;,&quot;category&quot;:&quot;mon compte&quot;,&quot;from&quot;:&quot;article footer&quot;,&quot;name&quot;:&quot;Mon actu&quot;,&quot;type&quot;:&quot;cta&quot;}}\" target=\"_blank\">Mon Actu<\/a>.<\/p>\n","protected":false},"excerpt":{"rendered":"Par Mar\u00e9va Laville Publi\u00e9 le 3 ao\u00fbt 2025 \u00e0 7h12 Le thermom\u00e8tre regrimpe doucement \u00e0 Toulouse et en&hellip;\n","protected":false},"author":2,"featured_media":292967,"comment_status":"","ping_status":"","sticky":false,"template":"","format":"standard","meta":{"footnotes":""},"categories":[2816],"tags":[1111,11,1777,674,1011,27,2487,2357,12,2680,25,2312],"class_list":{"0":"post-292966","1":"post","2":"type-post","3":"status-publish","4":"format-standard","5":"has-post-thumbnail","7":"category-toulouse","8":"tag-actu","9":"tag-actualites","10":"tag-eu","11":"tag-europe","12":"tag-fr","13":"tag-france","14":"tag-meteo","15":"tag-meteo-france","16":"tag-news","17":"tag-occitanie","18":"tag-republique-francaise","19":"tag-toulouse"},"share_on_mastodon":{"url":"https:\/\/pubeurope.com\/@fr\/114963402298647451","error":""},"_links":{"self":[{"href":"https:\/\/www.europesays.com\/fr\/wp-json\/wp\/v2\/posts\/292966","targetHints":{"allow":["GET"]}}],"collection":[{"href":"https:\/\/www.europesays.com\/fr\/wp-json\/wp\/v2\/posts"}],"about":[{"href":"https:\/\/www.europesays.com\/fr\/wp-json\/wp\/v2\/types\/post"}],"author":[{"embeddable":true,"href":"https:\/\/www.europesays.com\/fr\/wp-json\/wp\/v2\/users\/2"}],"replies":[{"embeddable":true,"href":"https:\/\/www.europesays.com\/fr\/wp-json\/wp\/v2\/comments?post=292966"}],"version-history":[{"count":0,"href":"https:\/\/www.europesays.com\/fr\/wp-json\/wp\/v2\/posts\/292966\/revisions"}],"wp:featuredmedia":[{"embeddable":true,"href":"https:\/\/www.europesays.com\/fr\/wp-json\/wp\/v2\/media\/292967"}],"wp:attachment":[{"href":"https:\/\/www.europesays.com\/fr\/wp-json\/wp\/v2\/media?parent=292966"}],"wp:term":[{"taxonomy":"category","embeddable":true,"href":"https:\/\/www.europesays.com\/fr\/wp-json\/wp\/v2\/categories?post=292966"},{"taxonomy":"post_tag","embeddable":true,"href":"https:\/\/www.europesays.com\/fr\/wp-json\/wp\/v2\/tags?post=292966"}],"curies":[{"name":"wp","href":"https:\/\/api.w.org\/{rel}","templated":true}]}}