{"id":292970,"date":"2025-08-03T06:25:12","date_gmt":"2025-08-03T06:25:12","guid":{"rendered":"https:\/\/www.europesays.com\/fr\/292970\/"},"modified":"2025-08-03T06:25:12","modified_gmt":"2025-08-03T06:25:12","slug":"a-lille-la-rue-dinkermann-va-se-transformer-en-rue-jardin-a-sens-unique","status":"publish","type":"post","link":"https:\/\/www.europesays.com\/fr\/292970\/","title":{"rendered":"\u00c0 Lille, la rue d\u2019Inkermann va se transformer en \u00ab rue jardin \u00bb \u00e0 sens unique"},"content":{"rendered":"<p>            Par<br \/>\n        <strong><br \/>\n            <a href=\"https:\/\/actu.fr\/auteur\/hervine-mahaud\" title=\"Consulter tous les articles de Hervine Mahaud\" rel=\"nofollow noopener\" target=\"_blank\">Hervine Mahaud<\/a><br \/>\n        <\/strong><\/p>\n<p>        Publi\u00e9 le<\/p>\n<p>            3 ao\u00fbt 2025 \u00e0 8h16        <\/p>\n<p>Apr\u00e8s les rues <a href=\"https:\/\/actu.fr\/hauts-de-france\/lille_59350\/lille-nouveau-visage-de-la-rue-du-molinel-ce-qui-plait-et-ce-qui-plait-moins-aux-usagers_62414288.html\" rel=\"nofollow noopener\" target=\"_blank\">du Molinel<\/a>, <a href=\"https:\/\/actu.fr\/hauts-de-france\/lille_59350\/lille-des-annees-70-au-xxie-siecle-les-rues-du-molinel-et-pierre-mauroy-officiellement-inaugurees_62807901.html\" rel=\"nofollow noopener\" target=\"_blank\">Pierre Mauroy<\/a> ou <a href=\"https:\/\/actu.fr\/hauts-de-france\/lille_59350\/lille-les-amenagements-de-la-rue-solferino-sement-la-confusion-chez-les-habitants-porteurs-de-handicap_62880577.html\" rel=\"nofollow noopener\" target=\"_blank\">Solf\u00e9rino<\/a>, cet axe cl\u00e9 de la capitale des Flandres est lui aussi en train de b\u00e9n\u00e9ficier d\u2019un s\u00e9rieux lifting. La <b>rue d\u2019Inkermann \u00e0 Lille<\/b>, qui permet de relier la <b>place de la R\u00e9publique<\/b> au <b>th\u00e9\u00e2tre S\u00e9bastopol<\/b>, est en <b>chantier<\/b> depuis mars\u00a02025. Apr\u00e8s une pause estivale, il reprendra pour s\u2019achever, si tout va bien, \u00e0 la fin de l\u2019ann\u00e9e. Objectif de la transformation\u2009: <b>offrir plus de place aux pi\u00e9tons, aux cyclistes et \u00e0 la nature<\/b>.<\/p>\n<p>Une rue en sens unique et davantage de v\u00e9g\u00e9tation<\/p>\n<p class=\" wall-content\">Apr\u00e8s les travaux d\u2019assainissement, le chantier de la rue d\u2019Inkermann s\u2019attaquera d\u00e8s septembre au <b>r\u00e9am\u00e9nagement de la voirie<\/b> avec la <b>cr\u00e9ation d\u2019une piste cyclable bidirectionnelle de 230\u00a0m\u00e8tres<\/b> en enrob\u00e9 rouge, <b>l\u2019\u00e9largissement des trottoirs<\/b> et la <b>r\u00e9duction de la place de la voiture<\/b> (par la mise en <b>sens unique de la circulation<\/b>). Le <b>stationnement<\/b> sera, par la suite, limit\u00e9 \u00e0 <b>un seul c\u00f4t\u00e9 de la voie<\/b>.<\/p>\n<p class=\" wall-content\">Pour permettre cette \u00ab<b>\u2009m\u00e9tamorphose tr\u00e8s attendue par les riverains et les usagers<\/b>\u2009\u00bb, selon les mots de la M\u00e9tropole Europ\u00e9enne de Lille, la v\u00e9g\u00e9talisation va \u00eatre renforc\u00e9e. \u00ab\u2009Les<b> arbres existants sont conserv\u00e9s<\/b> et b\u00e9n\u00e9ficient d\u00e9sormais de fosses \u00e9largies en pleine terre qui favorisent leur d\u00e9veloppement. De <b>nouveaux arbustes<\/b> viendront compl\u00e9ter le paysage urbain, pour faire de cette rue une v\u00e9ritable \u2018<b>rue jardin<\/b>\u2018\u00bb, d\u00e9taille la MEL <a href=\"https:\/\/www.lillemetropole.fr\/actualites\/lille-la-rue-dinkermann-se-transforme\" rel=\"nofollow noopener\" target=\"_blank\">sur son site<\/a>.<\/p>\n<p class=\" wall-content\">\n<p class=\" wall-content\">Ces am\u00e9nagements doivent aussi permettre de lutter contre les \u00eelots de chaleur, de \u00ab\u2009d\u00e9simperm\u00e9abiliser\u2009\u00bb les sols et d\u2019offrir davantage d\u2019espaces aux terrasses des commerces pour une \u00ab\u2009ambiance plus conviviale\u2009\u00bb<\/p>\n<p>    <img   decoding=\"async\" loading=\"lazy\" class=\"size-large\" src=\"https:\/\/www.europesays.com\/fr\/wp-content\/uploads\/2025\/08\/bdcb49577b886b1db49577b88a5db4v-960x640.jpg\" alt=\"rue d'inkermann lille travaux chantier\" width=\"960\" height=\"640\"\/><br \/>\n    Apr\u00e8s les travaux d\u2019assainissement, le chantier de la rue d\u2019Inkermann fait une pause estivale. \u00a9Bastien Grossin\/Lille actuRedonner de l\u2019\u00e9clat \u00e0 la rue et valoriser les b\u00e2timents<\/p>\n<p class=\" wall-content\">Ce projet, pilot\u00e9 par la MEL et la ville de Lille, \u00ab\u2009vise \u00e0 <b>rendre la rue plus agr\u00e9able et plus fonctionnelle<\/b>\u2009\u00bb, poursuit la MEL. Pour le r\u00e9aliser, un budget de 1,5\u00a0million d\u2019euro, dont 720\u2009000\u00a0euros financ\u00e9s par la MEL, a \u00e9t\u00e9 allou\u00e9. \u00c0 cela, s\u2019ajoute une subvention de 70\u2009000\u00a0euros, sollicit\u00e9e aupr\u00e8s de l\u2019agence de l\u2019eau Artois-Picardie.<\/p>\n<p class=\" wall-content\">L\u2019\u00e9tude, confi\u00e9e \u00e0 l\u2019agence de paysagistes Attica, pr\u00e9voit une livraison du chantier en d\u00e9cembre prochain, apr\u00e8s les travaux de voirie qui seront men\u00e9s d\u00e8s septembre.<\/p>\n<p class=\" wall-content\">Avec ce chantier, \u00ab\u2009la rue d\u2019Inkermann s\u2019appr\u00eate \u00e0 retrouver tout son \u00e9clat\u2009\u00bb, assure encore la MEL. \u00ab\u2009Son patrimoine b\u00e2ti sera ainsi valoris\u00e9, notamment la perspective vers le <a href=\"https:\/\/actu.fr\/hauts-de-france\/lille_59350\/lille-le-saviez-vous-le-theatre-sebastopol-a-ete-construit-en-100-jours_62055489.html\" rel=\"nofollow noopener\" target=\"_blank\">th\u00e9\u00e2tre S\u00e9bastopol<\/a>, tandis que les <b>mobilit\u00e9s douces<\/b> et la qualit\u00e9 de vie des riverains et des visiteurs seront privil\u00e9gi\u00e9es.\u2009\u00bb<\/p>\n<p>La place S\u00e9bastopol s\u2019appr\u00eate aussi \u00e0 \u00eatre m\u00e9tamorphos\u00e9e<\/p>\n<p class=\" wall-content\">Une fois la m\u00e9tamorphose de la rue d\u2019Inkermann op\u00e9r\u00e9e, un nouveau chantier attend ce secteur\u2009: celui de la <b>place S\u00e9bastopol<\/b>. Les travaux qui doivent d\u00e9buter\u00a0au second semestre 2026 pr\u00e9voient des changements marquants. \u00ab\u2009Davantage d\u2019<b>espaces v\u00e9g\u00e9talis\u00e9s<\/b>, avec des <b>arbres<\/b>, des <b>zones d\u2019ombre<\/b> et des <b>\u00e9quipements ludiques<\/b>. L\u2019objectif est de transformer la place en un v\u00e9ritable <b>espace vert<\/b> qui favorisera la d\u00e9tente, la convivialit\u00e9 et la biodiversit\u00e9\u2009\u00bb, d\u00e9crit la MEL. La livraison est pr\u00e9vue d\u00e9but 2028.<\/p>\n<p class=\" wall-content\">Suivez toute l\u2019actualit\u00e9 de vos villes et m\u00e9dias favoris en vous inscrivant \u00e0 <a href=\"https:\/\/moncompte.actu.fr\" title=\"D\u00e9couvez Mon Actu\" rel=\"nofollow noopener\" data-trk=\"{&quot;cta&quot;:{&quot;action&quot;:&quot;https:\\\/\\\/moncompte.actu.fr&quot;,&quot;category&quot;:&quot;mon compte&quot;,&quot;from&quot;:&quot;article footer&quot;,&quot;name&quot;:&quot;Mon actu&quot;,&quot;type&quot;:&quot;cta&quot;}}\" target=\"_blank\">Mon Actu<\/a>.<\/p>\n","protected":false},"excerpt":{"rendered":"Par Hervine Mahaud Publi\u00e9 le 3 ao\u00fbt 2025 \u00e0 8h16 Apr\u00e8s les rues du Molinel, Pierre Mauroy ou&hellip;\n","protected":false},"author":2,"featured_media":292971,"comment_status":"","ping_status":"","sticky":false,"template":"","format":"standard","meta":{"footnotes":""},"categories":[2815],"tags":[1111,11,3542,1777,674,1011,27,811,1307,12,25,104,2086,1352],"class_list":{"0":"post-292970","1":"post","2":"type-post","3":"status-publish","4":"format-standard","5":"has-post-thumbnail","7":"category-lille","8":"tag-actu","9":"tag-actualites","10":"tag-circulation","11":"tag-eu","12":"tag-europe","13":"tag-fr","14":"tag-france","15":"tag-hauts-de-france","16":"tag-lille","17":"tag-news","18":"tag-republique-francaise","19":"tag-societe","20":"tag-travaux","21":"tag-urbanisme"},"share_on_mastodon":{"url":"https:\/\/pubeurope.com\/@fr\/114963410001921531","error":""},"_links":{"self":[{"href":"https:\/\/www.europesays.com\/fr\/wp-json\/wp\/v2\/posts\/292970","targetHints":{"allow":["GET"]}}],"collection":[{"href":"https:\/\/www.europesays.com\/fr\/wp-json\/wp\/v2\/posts"}],"about":[{"href":"https:\/\/www.europesays.com\/fr\/wp-json\/wp\/v2\/types\/post"}],"author":[{"embeddable":true,"href":"https:\/\/www.europesays.com\/fr\/wp-json\/wp\/v2\/users\/2"}],"replies":[{"embeddable":true,"href":"https:\/\/www.europesays.com\/fr\/wp-json\/wp\/v2\/comments?post=292970"}],"version-history":[{"count":0,"href":"https:\/\/www.europesays.com\/fr\/wp-json\/wp\/v2\/posts\/292970\/revisions"}],"wp:featuredmedia":[{"embeddable":true,"href":"https:\/\/www.europesays.com\/fr\/wp-json\/wp\/v2\/media\/292971"}],"wp:attachment":[{"href":"https:\/\/www.europesays.com\/fr\/wp-json\/wp\/v2\/media?parent=292970"}],"wp:term":[{"taxonomy":"category","embeddable":true,"href":"https:\/\/www.europesays.com\/fr\/wp-json\/wp\/v2\/categories?post=292970"},{"taxonomy":"post_tag","embeddable":true,"href":"https:\/\/www.europesays.com\/fr\/wp-json\/wp\/v2\/tags?post=292970"}],"curies":[{"name":"wp","href":"https:\/\/api.w.org\/{rel}","templated":true}]}}