{"id":292974,"date":"2025-08-03T06:27:10","date_gmt":"2025-08-03T06:27:10","guid":{"rendered":"https:\/\/www.europesays.com\/fr\/292974\/"},"modified":"2025-08-03T06:27:10","modified_gmt":"2025-08-03T06:27:10","slug":"notre-serie-voleurs-de-vie-a-marseille-le-faux-avocat-avait-investi-les-pretoires","status":"publish","type":"post","link":"https:\/\/www.europesays.com\/fr\/292974\/","title":{"rendered":"NOTRE S\u00c9RIE &#8211; Voleurs de vie\u00a0: \u00e0 Marseille, le faux avocat avait investi les pr\u00e9toires"},"content":{"rendered":"<p>Dans la s\u00e9rie des mythos, en mode \u00ab\u00a0plus c\u2019est gros plus \u00e7a passe\u00a0\u00bb, <a href=\"https:\/\/www.laprovence.com\/article\/faits-divers-justice\/5186897\/le-faux-avocat-qui-ose-defier-le-barreau.html\" target=\"_blank\" rel=\"noopener\">Fouhed Amiar<\/a> se place l\u00e0. Pendant des ann\u00e9es, tel un professionnel rompu aux pr\u00e9toires, cet Alg\u00e9rien arriv\u00e9e \u00e0 Marseille quand il avait un an, a r\u00e9ussi le tour de force de se faire passer pour une authentique robe noire. Dans les ann\u00e9es\u00a02010, r\u00e9guli\u00e8rement, il d\u00e9barque dans les tribunaux, ferraille avec ses confr\u00e8res et plaide sur l\u2019air du chevalier blanc en croisade pour les laiss\u00e9s-pour-compte de la machine judiciaire.<\/p>\n<p>\u00c0 la t\u00eate de son association baptis\u00e9e \u00ab\u00a0Jurisdictio\u00a0\u00bb qu\u2019il pr\u00e9sente sur Internet comme sp\u00e9cialis\u00e9e dans \u00ab\u00a0l\u2019assistance en d\u00e9fense transversale du justiciable par l\u2019intelligence \u00e9conomique\u00a0\u00bb, ce z\u00e9bulon qui ne manque pas de verve et s\u2019est fait une sp\u00e9cialit\u00e9 d\u2019\u00e9mulsionner les tournures alambiqu\u00e9es, n\u2019h\u00e9site pas \u00e0 facturer des honoraires sal\u00e9s pouvant caracoler jusqu\u2019\u00e0 7\u00a0500\u00a0euros.<\/p>\n<p>En santiags sous la robe noire<\/p>\n<p>La supercherie ne tient pas tant aux santiags qui d\u00e9passent de la toge \u2013\u00a0coquetterie un brin disruptive mais somme toute gu\u00e8re r\u00e9pr\u00e9hensible\u00a0\u2013 que dans les qualifications de Fouhed Amiar\u00a0: l\u2019avocat auto-proclam\u00e9 n\u2019a jamais pass\u00e9 aucun dipl\u00f4me de droit\u00a0!<\/p>\n","protected":false},"excerpt":{"rendered":"Dans la s\u00e9rie des mythos, en mode \u00ab\u00a0plus c\u2019est gros plus \u00e7a passe\u00a0\u00bb, Fouhed Amiar se place l\u00e0.&hellip;\n","protected":false},"author":2,"featured_media":292975,"comment_status":"","ping_status":"","sticky":false,"template":"","format":"standard","meta":{"footnotes":""},"categories":[2814],"tags":[17,1111,11,20933,1777,674,274,10483,1011,27,884,12,14455,882,25,521,4717,42807],"class_list":{"0":"post-292974","1":"post","2":"type-post","3":"status-publish","4":"format-standard","5":"has-post-thumbnail","7":"category-marseille","8":"tag-17","9":"tag-actu","10":"tag-actualites","11":"tag-avocat","12":"tag-eu","13":"tag-europe","14":"tag-faits-divers-justice","15":"tag-faux","16":"tag-fr","17":"tag-france","18":"tag-marseille","19":"tag-news","20":"tag-notre","21":"tag-provence-alpes-cote-dazur","22":"tag-republique-francaise","23":"tag-serie","24":"tag-vie","25":"tag-voleurs"},"share_on_mastodon":{"url":"https:\/\/pubeurope.com\/@fr\/114963417898180227","error":""},"_links":{"self":[{"href":"https:\/\/www.europesays.com\/fr\/wp-json\/wp\/v2\/posts\/292974","targetHints":{"allow":["GET"]}}],"collection":[{"href":"https:\/\/www.europesays.com\/fr\/wp-json\/wp\/v2\/posts"}],"about":[{"href":"https:\/\/www.europesays.com\/fr\/wp-json\/wp\/v2\/types\/post"}],"author":[{"embeddable":true,"href":"https:\/\/www.europesays.com\/fr\/wp-json\/wp\/v2\/users\/2"}],"replies":[{"embeddable":true,"href":"https:\/\/www.europesays.com\/fr\/wp-json\/wp\/v2\/comments?post=292974"}],"version-history":[{"count":0,"href":"https:\/\/www.europesays.com\/fr\/wp-json\/wp\/v2\/posts\/292974\/revisions"}],"wp:featuredmedia":[{"embeddable":true,"href":"https:\/\/www.europesays.com\/fr\/wp-json\/wp\/v2\/media\/292975"}],"wp:attachment":[{"href":"https:\/\/www.europesays.com\/fr\/wp-json\/wp\/v2\/media?parent=292974"}],"wp:term":[{"taxonomy":"category","embeddable":true,"href":"https:\/\/www.europesays.com\/fr\/wp-json\/wp\/v2\/categories?post=292974"},{"taxonomy":"post_tag","embeddable":true,"href":"https:\/\/www.europesays.com\/fr\/wp-json\/wp\/v2\/tags?post=292974"}],"curies":[{"name":"wp","href":"https:\/\/api.w.org\/{rel}","templated":true}]}}