{"id":292980,"date":"2025-08-03T06:30:13","date_gmt":"2025-08-03T06:30:13","guid":{"rendered":"https:\/\/www.europesays.com\/fr\/292980\/"},"modified":"2025-08-03T06:30:13","modified_gmt":"2025-08-03T06:30:13","slug":"leur-quartier-est-cerne-par-les-dealers-et-linsecurite","status":"publish","type":"post","link":"https:\/\/www.europesays.com\/fr\/292980\/","title":{"rendered":"leur quartier est cern\u00e9 par les dealers et l&rsquo;ins\u00e9curit\u00e9"},"content":{"rendered":"<p>            Par<br \/>\n        <strong><br \/>\n            <a href=\"https:\/\/actu.fr\/auteur\/nicolas-zaugra\" title=\"Consulter tous les articles de Nicolas Zaugra\" target=\"_blank\" rel=\"noopener\">Nicolas Zaugra<\/a><br \/>\n        <\/strong><\/p>\n<p>        Publi\u00e9 le<\/p>\n<p>            3 ao\u00fbt 2025 \u00e0 7h54        <\/p>\n<p>\u00c0 V\u00e9nissieux, il y a le <strong>quartier des Minguettes<\/strong> frapp\u00e9 par l\u2019ins\u00e9curit\u00e9 et le trafic de stup\u00e9fiants depuis bien des ann\u00e9es. Mais la ville populaire de la m\u00e9tropole de <a href=\"https:\/\/actu.fr\/auvergne-rhone-alpes\/lyon_69123\" target=\"_blank\" rel=\"noopener\">Lyon<\/a> concentre aussi d\u2019autres secteurs touch\u00e9s par le fl\u00e9au du trafic de drogue. <br \/>M\u00eame si la pr\u00e9f\u00e8te du Rh\u00f4ne se f\u00e9licite d\u2019avoir repouss\u00e9 une vague de trafiquants venus de Marseille et d\u2019obtenir des r\u00e9sultats sur ce sujet, le <strong>quartier Ambroise-Croizat<\/strong> de V\u00e9nissieux est aussi \u00ab\u00a0cern\u00e9\u00a0\u00bb par le trafic. Des riverains d\u00e9noncent la <strong>pr\u00e9sence de dealers, des tirs, des nuisances<\/strong> et des conditions de vie difficiles. Pour la troisi\u00e8me fois fin juillet, en moins d\u2019une semaine, des coups de feu ont encore \u00e9t\u00e9 tir\u00e9s.<\/p>\n<p>    <a href=\"https:\/\/www.google.com\/maps\/embed?pb=!1m18!1m12!1m3!1d5548.070290751626!2d4.882278220298104!3d45.700527437986054!2m3!1f0!2f0!3f0!3m2!1i1024!2i768!4f13.1!3m3!1m2!1s0x47f4c240d9649daf%3A0x4637ea30fbf20469!2sBd%20Ambroise%20Croizat%2C%2069200%20V%C3%A9nissieux!5e1!3m2!1sfr!2sfr!4v1753971266277!5m2!1sfr!2sfr\" title=\"Ouvrie le lien\" target=\"_blank\" rel=\"noopener\">Cliquez ici pour visualiser le contenu<\/a><\/p>\n<p>\u00ab\u00a0Nous sommes en d\u00e9tresse\u00a0\u00bb<\/p>\n<p class=\" wall-content\">Le secteur a vu ces derni\u00e8res ann\u00e9es arriver le tramway T4 et de nouveaux immeubles modernes sortir de terre. Monique (le pr\u00e9nom a \u00e9t\u00e9 modifi\u00e9) a emm\u00e9nag\u00e9 en 2022 dans une r\u00e9sidence senior flambant neuve. \u00ab\u00a0L\u2019immeuble est <strong>cern\u00e9<\/strong> par les dealers\u00a0\u00bb, constate-t-elle am\u00e8rement trois ans apr\u00e8s son arriv\u00e9e. \u00ab\u00a0Ils s\u2019\u00e9taient install\u00e9s dans le local v\u00e9lo. Apr\u00e8s de nombreuses alertes, Lyon M\u00e9tropole Habitat (le bailleur social) l\u2019a ferm\u00e9.\u00a0\u00bb<\/p>\n<p class=\" wall-content\">Une action qui n\u2019emp\u00eache pas de d\u00e9placer le probl\u00e8me. Elle liste des \u00ab\u00a0d\u00e9gradations de barri\u00e8re de parking, de prise d\u2019eau et d\u2019\u00e9lectricit\u00e9 dans le local poubelles\u00a0\u00bb avec des dealers \u00ab\u00a0sous les fen\u00eatres \u00e0 c\u00f4t\u00e9 des garages, dans l\u2019all\u00e9e avec du sang et du vomi\u00a0\u00bb. \u00c0 plusieurs reprises, elle affirme m\u00eame avoir d\u00fb prendre les devants et \u00ab\u00a0les mettre dehors\u00a0\u00bb.\u00a0<\/p>\n<p class=\" wall-content\">\u00ab\u00a0La police est r\u00e9active. Seulement, c\u2019est \u00e9puisant de toujours t\u00e9l\u00e9phoner, nous sommes en d\u00e9tresse\u00a0\u00bb, poursuit la riveraine qui vit dans cet immeuble avec une dizaine d\u2019autres personnes \u00e2g\u00e9es dont \u00ab\u00a0certaines tr\u00e8s vuln\u00e9rables\u00a0\u00bb.<\/p>\n<blockquote class=\"ac-article-quote wall-content\">\n<p>C&rsquo;est une honte de nous laisser seuls pour nous d\u00e9fendre. L&rsquo;immeuble est d\u00e9grad\u00e9 et sale. Malgr\u00e9 notre collectif et diff\u00e9rentes p\u00e9titions, on nous traite avec m\u00e9pris. Il y a des pannes d&rsquo;ascenseur r\u00e9currentes, de chauffage et d&rsquo;eau chaude pendant deux mois l&rsquo;hiver.<\/p>\n<p>    <strong>Une habitante de V\u00e9nissieux<\/strong>\n            <\/p><\/blockquote>\n<p>\u00ab\u00a0Ils ont incendi\u00e9 le portail de l\u2019immeuble\u00a0\u00bb<\/p>\n<p class=\" wall-content\">Une autre habitante au 40 du boulevard est aussi \u00e0 bout. \u00ab\u00a0J\u2019ai entendu les tirs, les deux jours (de juillet), et m\u00eame ceux de 13h\u00a0\u00bb, survenus dans le quartier il y a plus d\u2019une semaine.\u00a0<\/p>\n<p class=\" wall-content\">\u00ab\u00a0C\u2019est une<strong> guerre de territoire<\/strong> ici. On se sent en danger \u00e0 cause d\u2019eux. Il y a de la violence, ils se battent entre eux, et tout se passe sous notre nez.\u00a0\u00bb<\/p>\n<p class=\" wall-content\">\u00ab\u00a0Ces incidents changent notre quotidien. Tout est trop pr\u00e8s des habitations (\u2026), poursuit la riveraine. Ils ont incendi\u00e9 le portail de l\u2019immeuble. On risque de se retrouver au milieu des tirs, c\u2019est horrible. M. Retailleau annonce des dispositifs, on verra bien, mais tout ce qu\u2019on veut, c\u2019est vivre tranquille chez nous, sans avoir peur en descendant la poubelle ou en allant chercher le courrier.\u00a0\u00bb<\/p>\n<blockquote class=\"ac-article-quote wall-content\">\n<p>Ces gamins, ils choisissent cette vie, c\u2019est leur choix, mais nous, on veut juste la paix. Ils me font plus de peine qu\u2019autre chose.<\/p>\n<p>    <strong>Habitante du quartier<\/strong>\n            <\/p><\/blockquote>\n<p>\u00ab\u00a0Personne n\u2019arrive \u00e0 r\u00e9duire le trafic\u00a0\u00bb, reconna\u00eet un \u00e9lu<\/p>\n<p class=\" wall-content\">\u00ab\u00a0En ce moment, c\u2019est tous les jours\u00a0\u00bb (les tirs ou les mortiers), confirme un habitant qui assure que ses voisins \u00ab\u00a0ont peur\u00a0\u00bb. Une riveraine r\u00e9clame le m\u00eame dispositif que celui mis en place dans le quartier difficile du <a href=\"https:\/\/actu.fr\/auvergne-rhone-alpes\/villeurbanne_69266\/pres-de-lyon-insecurite-drogue-une-brigade-speciale-arrive-pour-le-tonkin-et-charpennes_61935679.html\" target=\"_blank\" rel=\"noopener\">Tonkin \u00e0 Villeurbanne<\/a>. Une brigade sp\u00e9cialis\u00e9e a \u00e9t\u00e9 d\u00e9ploy\u00e9e il y a plusieurs mois sur d\u00e9cision de l\u2019\u00c9tat apr\u00e8s des demandes r\u00e9p\u00e9t\u00e9es du maire.<\/p>\n<p class=\" wall-content\">Une remarque partag\u00e9e par l\u2019adjoint PCF au maire de V\u00e9nissieux en charge du logement, Pierre-Alain Millet, cit\u00e9 r\u00e9cemment par <a href=\"https:\/\/c.leprogres.fr\/faits-divers-justice\/2025\/07\/19\/maintenant-c-est-24h-24h-face-au-trafic-le-desarroi-des-habitants-de-venissieux\" target=\"_blank\" rel=\"noopener\">Le Progr\u00e8s<\/a>. \u00ab\u00a0Pourquoi on ne mobilise pas les m\u00eames moyens \u00e0 V\u00e9nissieux ? Personne n\u2019arrive \u00e0 r\u00e9duire le trafic (\u2026) On essaye de le repousser avec la r\u00e9sidentialisation, mais <strong>le niveau de violences augmente\u00a0\u00bb<\/strong>, constate l\u2019\u00e9lu.<\/p>\n<p>    <img   decoding=\"async\" loading=\"lazy\" src=\"https:\/\/www.europesays.com\/fr\/wp-content\/uploads\/2025\/08\/wmremove-transformed-3-960x640.png\" alt=\"Le boulevard Ambroise-Croizat est touch\u00e9 par le trafic de drogue \u00e0 V\u00e9nissieux.\" width=\"960\" height=\"640\"\/><br \/>\n    Le boulevard Ambroise-Croizat est touch\u00e9 par le trafic de drogue \u00e0 V\u00e9nissieux. (\u00a9Google Street View)Une situation qui dure malgr\u00e9 des \u00ab\u00a0solutions\u00a0\u00bb<\/p>\n<p class=\" wall-content\">Les faits d\u00e9nonc\u00e9s cet \u00e9t\u00e9 2025 par les habitants n\u2019ont rien de nouveau. D\u00e9j\u00e0 en 2023, certains d\u00e9non\u00e7aient un \u00ab\u00a0quotidien invivable\u00a0\u00bb. Coups de feu, bagarres, <strong>seringues usag\u00e9es<\/strong> laiss\u00e9es dans la rue, tapage nocturne, toxicomanes \u00ab\u00a0zombies\u00a0\u00bb errants au pied des immeubles\u2026<\/p>\n<p class=\" wall-content\">La pr\u00e9fecture assurait alors que le secteur faisait l\u2019objet \u00ab\u00a0d\u2019une attention toute particuli\u00e8re des services de l\u2019\u00c9tat et de la Ville dans le cadre des r\u00e9unions de tranquillit\u00e9 publique pour renforcer les actions coordonn\u00e9es face aux trafics de drogue\u00a0\u00bb.<\/p>\n<p class=\" wall-content\">Une r\u00e9sidence au num\u00e9ro 32 a fait l\u2019objet de s\u00e9curisation, mais le portail a \u00e9t\u00e9 attaqu\u00e9 au chalumeau et incendi\u00e9 \u00e0 plusieurs reprises, \u00e0 tel point qu\u2019il ne ferme plus. De nombreux habitants s\u2019accordent : \u00e0 chaque \u00ab\u00a0solution\u00a0\u00bb mise en place, les dealers s\u2019adaptent, se d\u00e9placent, et les dommages collat\u00e9raux du trafic continuent.\u00a0<\/p>\n<p>La pr\u00e9fecture d\u00e9fend son action<\/p>\n<p class=\" wall-content\">La pr\u00e9fecture indique ce vendredi 1er ao\u00fbt que de \u00ab\u00a0nombreuses op\u00e9rations de visite de parties communes\u00a0\u00bb sont effectu\u00e9es, avec chiffres \u00e0 l\u2019appui : 40 au total, 39 proc\u00e9dures pour de la lutte contre les stup\u00e9fiants sont ouvertes et 42 mis en cause ont \u00e9t\u00e9 interpell\u00e9s.<\/p>\n<p class=\" wall-content\">Ce vendredi matin, les policiers de la Bac ont interpell\u00e9 un homme habill\u00e9 tout en noir se d\u00e9barrassant d\u2019un sac pr\u00e8s de la gare de V\u00e9nissieux. Son comportement louche avait interpell\u00e9 la police. Dans son sac se trouvait une arme \u00e0 feu charg\u00e9e.<\/p>\n<p class=\" wall-content\">Avec Julien Damboise et notre correspondant local<\/p>\n<p class=\" wall-content\">Suivez toute l\u2019actualit\u00e9 de vos villes et m\u00e9dias favoris en vous inscrivant \u00e0 <a href=\"https:\/\/moncompte.actu.fr\" title=\"D\u00e9couvez Mon Actu\" rel=\"nofollow noopener\" data-trk=\"{&quot;cta&quot;:{&quot;action&quot;:&quot;https:\\\/\\\/moncompte.actu.fr&quot;,&quot;category&quot;:&quot;mon compte&quot;,&quot;from&quot;:&quot;article footer&quot;,&quot;name&quot;:&quot;Mon actu&quot;,&quot;type&quot;:&quot;cta&quot;}}\" target=\"_blank\">Mon Actu<\/a>.<\/p>\n","protected":false},"excerpt":{"rendered":"Par Nicolas Zaugra Publi\u00e9 le 3 ao\u00fbt 2025 \u00e0 7h54 \u00c0 V\u00e9nissieux, il y a le quartier des&hellip;\n","protected":false},"author":2,"featured_media":292981,"comment_status":"","ping_status":"","sticky":false,"template":"","format":"standard","meta":{"footnotes":""},"categories":[1889],"tags":[1111,11,2430,1052,1777,674,1011,27,2825,2428,12,25,104],"class_list":{"0":"post-292980","1":"post","2":"type-post","3":"status-publish","4":"format-standard","5":"has-post-thumbnail","7":"category-lyon","8":"tag-actu","9":"tag-actualites","10":"tag-auvergne-rhone-alpes","11":"tag-drogue","12":"tag-eu","13":"tag-europe","14":"tag-fr","15":"tag-france","16":"tag-insecurite","17":"tag-lyon","18":"tag-news","19":"tag-republique-francaise","20":"tag-societe"},"share_on_mastodon":{"url":"https:\/\/pubeurope.com\/@fr\/114963429627271233","error":""},"_links":{"self":[{"href":"https:\/\/www.europesays.com\/fr\/wp-json\/wp\/v2\/posts\/292980","targetHints":{"allow":["GET"]}}],"collection":[{"href":"https:\/\/www.europesays.com\/fr\/wp-json\/wp\/v2\/posts"}],"about":[{"href":"https:\/\/www.europesays.com\/fr\/wp-json\/wp\/v2\/types\/post"}],"author":[{"embeddable":true,"href":"https:\/\/www.europesays.com\/fr\/wp-json\/wp\/v2\/users\/2"}],"replies":[{"embeddable":true,"href":"https:\/\/www.europesays.com\/fr\/wp-json\/wp\/v2\/comments?post=292980"}],"version-history":[{"count":0,"href":"https:\/\/www.europesays.com\/fr\/wp-json\/wp\/v2\/posts\/292980\/revisions"}],"wp:featuredmedia":[{"embeddable":true,"href":"https:\/\/www.europesays.com\/fr\/wp-json\/wp\/v2\/media\/292981"}],"wp:attachment":[{"href":"https:\/\/www.europesays.com\/fr\/wp-json\/wp\/v2\/media?parent=292980"}],"wp:term":[{"taxonomy":"category","embeddable":true,"href":"https:\/\/www.europesays.com\/fr\/wp-json\/wp\/v2\/categories?post=292980"},{"taxonomy":"post_tag","embeddable":true,"href":"https:\/\/www.europesays.com\/fr\/wp-json\/wp\/v2\/tags?post=292980"}],"curies":[{"name":"wp","href":"https:\/\/api.w.org\/{rel}","templated":true}]}}